{"id":20354,"date":"2012-07-06T09:45:44","date_gmt":"2012-07-06T13:45:44","guid":{"rendered":"http:\/\/www.eltrabajo.cl\/portal\/?p=20354"},"modified":"2012-07-06T09:45:44","modified_gmt":"2012-07-06T13:45:44","slug":"inauguran-tercera-etapa-de-canal-santa-isabel-en-la-comuna-de-catemu","status":"publish","type":"post","link":"https:\/\/eltrabajo.cl\/portal\/inauguran-tercera-etapa-de-canal-santa-isabel-en-la-comuna-de-catemu\/","title":{"rendered":"Inauguran tercera etapa de canal Santa Isabel en la comuna de Catemu"},"content":{"rendered":"<figure id=\"attachment_20355\" aria-describedby=\"caption-attachment-20355\" style=\"width: 600px\" class=\"wp-caption alignnone\"><a href=\"http:\/\/www.eltrabajo.cl\/portal\/2012\/07\/inauguran-tercera-etapa-de-canal-santa-isabel-en-la-comuna-de-catemu\/corte-de-cinta\/\" rel=\"attachment wp-att-20355\"><img data-recalc-dims=\"1\" loading=\"lazy\" decoding=\"async\" class=\"size-full wp-image-20355\" title=\"corte de cinta\" src=\"https:\/\/i0.wp.com\/www.eltrabajo.cl\/portal\/wp-content\/uploads\/2012\/07\/corte-de-cinta.jpg?resize=600%2C450\" alt=\"\" width=\"600\" height=\"450\" srcset=\"https:\/\/i0.wp.com\/eltrabajo.cl\/portal\/wp-content\/uploads\/2012\/07\/corte-de-cinta.jpg?w=600&amp;ssl=1 600w, https:\/\/i0.wp.com\/eltrabajo.cl\/portal\/wp-content\/uploads\/2012\/07\/corte-de-cinta.jpg?resize=200%2C150&amp;ssl=1 200w, https:\/\/i0.wp.com\/eltrabajo.cl\/portal\/wp-content\/uploads\/2012\/07\/corte-de-cinta.jpg?resize=300%2C225&amp;ssl=1 300w, https:\/\/i0.wp.com\/eltrabajo.cl\/portal\/wp-content\/uploads\/2012\/07\/corte-de-cinta.jpg?resize=150%2C112&amp;ssl=1 150w, https:\/\/i0.wp.com\/eltrabajo.cl\/portal\/wp-content\/uploads\/2012\/07\/corte-de-cinta.jpg?resize=400%2C300&amp;ssl=1 400w\" sizes=\"auto, (max-width: 600px) 100vw, 600px\" \/><\/a><figcaption id=\"caption-attachment-20355\" class=\"wp-caption-text\">Autoridades presentes en el tradicional corte de cinta.<\/figcaption><\/figure>\n<ul>\n<li><strong>Obra de riego asociativa de Indap beneficiar\u00e1 directamente m\u00e1s de 18 hect\u00e1reas de cultivos.<\/strong><\/li>\n<\/ul>\n<p><strong>CATEMU.-<\/strong> Desde ahora los peque\u00f1os agricultores de la localidad rural de Santa Isabel podr\u00e1n mejorar la capacidad productiva de sus suelos, gracias a la obra de riego asociativa de Indap que permiti\u00f3 el revestimiento de 535 metros de canal que beneficiar\u00e1n directamente a 14 agricultores y m\u00e1s de 18 hect\u00e1reas de cultivos.<\/p>\n<p>Las obras del canal Santa Isabel corresponden a un proyecto destinado a optimizar la conducci\u00f3n de las aguas, aumentar su disponibilidad y dar seguridad al riego, con lo que se pretende mejorar la producci\u00f3n agr\u00edcola de los beneficiarios de esta iniciativa.<\/p>\n<figure id=\"attachment_20356\" aria-describedby=\"caption-attachment-20356\" style=\"width: 300px\" class=\"wp-caption alignright\"><a href=\"http:\/\/www.eltrabajo.cl\/portal\/2012\/07\/inauguran-tercera-etapa-de-canal-santa-isabel-en-la-comuna-de-catemu\/publico\/\" rel=\"attachment wp-att-20356\"><img data-recalc-dims=\"1\" loading=\"lazy\" decoding=\"async\" class=\"size-medium wp-image-20356\" title=\"publico\" src=\"https:\/\/i0.wp.com\/www.eltrabajo.cl\/portal\/wp-content\/uploads\/2012\/07\/publico-300x225.jpg?resize=300%2C225\" alt=\"\" width=\"300\" height=\"225\" srcset=\"https:\/\/i0.wp.com\/eltrabajo.cl\/portal\/wp-content\/uploads\/2012\/07\/publico.jpg?resize=300%2C225&amp;ssl=1 300w, https:\/\/i0.wp.com\/eltrabajo.cl\/portal\/wp-content\/uploads\/2012\/07\/publico.jpg?resize=200%2C150&amp;ssl=1 200w, https:\/\/i0.wp.com\/eltrabajo.cl\/portal\/wp-content\/uploads\/2012\/07\/publico.jpg?resize=150%2C112&amp;ssl=1 150w, https:\/\/i0.wp.com\/eltrabajo.cl\/portal\/wp-content\/uploads\/2012\/07\/publico.jpg?resize=400%2C300&amp;ssl=1 400w, https:\/\/i0.wp.com\/eltrabajo.cl\/portal\/wp-content\/uploads\/2012\/07\/publico.jpg?w=600&amp;ssl=1 600w\" sizes=\"auto, (max-width: 300px) 100vw, 300px\" \/><\/a><figcaption id=\"caption-attachment-20356\" class=\"wp-caption-text\">Las obras benefician directamente a 14 familias de agricultores y m\u00e1s de 18 hect\u00e1reas de cultivos.<\/figcaption><\/figure>\n<p>La inauguraci\u00f3n de la tercera etapa de la obra era un largo anhelo de los campesinos del sector, reflejado en las palabras de la agricultora Filomena Escalona, una de las representantes de los regantes del canal:<\/p>\n<p>\u00abEsto es muy grande para nosotros como comunidad, porque esta acequia hab\u00eda que limpiarla, se nos embancaba cuando llov\u00eda, era un trabajo pesado. Ahora qued\u00f3 una obra muy linda para toda la gente que usa este canal. Esto nos va a servir mucho y tenemos que aprender a cuidarlo porque es para toda la vida. Estoy muy agradecida de Indap. Si no fuera por ellos no se habr\u00eda podido hacer ese trabajo que se hizo\u00bb.<\/p>\n<p>Las obras del canal Santa Isabel demandaron una inversi\u00f3n de m\u00e1s de 44 millones de pesos financiados con un incentivo del Ministerio de Agricultura, a trav\u00e9s de Indap cercano a los 40 millones de pesos, y un aporte de los agricultores de casi cuatro millones de pesos.<\/p>\n<p>A la ceremonia de inauguraci\u00f3n de las obras asisti\u00f3 la gobernadora de San Felipe, Patricia Boffa; el Seremi de Agricultura, Francesco Venezian; el director regional de Indap, Alejandro Peirano; el alcalde de Catemu, Boris Lucsick; funcionarios de Indap y agricultores beneficiados.<\/p>\n<p>&nbsp;<\/p>\n","protected":false},"excerpt":{"rendered":"<p>Obra de riego asociativa de Indap beneficiar\u00e1 directamente m\u00e1s de 18 hect\u00e1reas de cultivos. CATEMU.- Desde ahora los peque\u00f1os agricultores de la localidad rural de Santa Isabel podr\u00e1n mejorar la capacidad productiva&#8230;<\/p>\n","protected":false},"author":482,"featured_media":20355,"comment_status":"open","ping_status":"closed","sticky":false,"template":"","format":"standard","meta":{"advanced_seo_description":"","jetpack_seo_html_title":"","jetpack_seo_noindex":false,"_jetpack_memberships_contains_paid_content":false,"footnotes":""},"categories":[15],"tags":[],"class_list":["post-20354","post","type-post","status-publish","format-standard","has-post-thumbnail","hentry","category-comunidad"],"jetpack_featured_media_url":"https:\/\/i0.wp.com\/eltrabajo.cl\/portal\/wp-content\/uploads\/2012\/07\/corte-de-cinta.jpg?fit=600%2C450&ssl=1","jetpack_sharing_enabled":true,"jetpack_likes_enabled":true,"jetpack-related-posts":[],"_links":{"self":[{"href":"https:\/\/eltrabajo.cl\/portal\/wp-json\/wp\/v2\/posts\/20354","targetHints":{"allow":["GET"]}}],"collection":[{"href":"https:\/\/eltrabajo.cl\/portal\/wp-json\/wp\/v2\/posts"}],"about":[{"href":"https:\/\/eltrabajo.cl\/portal\/wp-json\/wp\/v2\/types\/post"}],"author":[{"embeddable":true,"href":"https:\/\/eltrabajo.cl\/portal\/wp-json\/wp\/v2\/users\/482"}],"replies":[{"embeddable":true,"href":"https:\/\/eltrabajo.cl\/portal\/wp-json\/wp\/v2\/comments?post=20354"}],"version-history":[{"count":0,"href":"https:\/\/eltrabajo.cl\/portal\/wp-json\/wp\/v2\/posts\/20354\/revisions"}],"wp:featuredmedia":[{"embeddable":true,"href":"https:\/\/eltrabajo.cl\/portal\/wp-json\/wp\/v2\/media\/20355"}],"wp:attachment":[{"href":"https:\/\/eltrabajo.cl\/portal\/wp-json\/wp\/v2\/media?parent=20354"}],"wp:term":[{"taxonomy":"category","embeddable":true,"href":"https:\/\/eltrabajo.cl\/portal\/wp-json\/wp\/v2\/categories?post=20354"},{"taxonomy":"post_tag","embeddable":true,"href":"https:\/\/eltrabajo.cl\/portal\/wp-json\/wp\/v2\/tags?post=20354"}],"curies":[{"name":"wp","href":"https:\/\/api.w.org\/{rel}","templated":true}]}}