{"id":20359,"date":"2012-07-06T09:48:16","date_gmt":"2012-07-06T13:48:16","guid":{"rendered":"http:\/\/www.eltrabajo.cl\/portal\/?p=20359"},"modified":"2012-07-06T09:48:17","modified_gmt":"2012-07-06T13:48:17","slug":"escuela-john-kennedy-presenta-muestra-sobre-el-cuidado-del-medio-ambiente","status":"publish","type":"post","link":"https:\/\/eltrabajo.cl\/portal\/escuela-john-kennedy-presenta-muestra-sobre-el-cuidado-del-medio-ambiente\/","title":{"rendered":"Escuela John Kennedy presenta muestra sobre el cuidado del Medio Ambiente"},"content":{"rendered":"<figure id=\"attachment_20360\" aria-describedby=\"caption-attachment-20360\" style=\"width: 600px\" class=\"wp-caption alignnone\"><a href=\"http:\/\/www.eltrabajo.cl\/portal\/2012\/07\/escuela-john-kennedy-presenta-muestra-sobre-el-cuidado-del-medio-ambiente\/maceteros\/\" rel=\"attachment wp-att-20360\"><img data-recalc-dims=\"1\" loading=\"lazy\" decoding=\"async\" class=\"size-full wp-image-20360\" title=\"maceteros\" src=\"https:\/\/i0.wp.com\/www.eltrabajo.cl\/portal\/wp-content\/uploads\/2012\/07\/maceteros.jpg?resize=600%2C450\" alt=\"\" width=\"600\" height=\"450\" srcset=\"https:\/\/i0.wp.com\/eltrabajo.cl\/portal\/wp-content\/uploads\/2012\/07\/maceteros.jpg?w=600&amp;ssl=1 600w, https:\/\/i0.wp.com\/eltrabajo.cl\/portal\/wp-content\/uploads\/2012\/07\/maceteros.jpg?resize=200%2C150&amp;ssl=1 200w, https:\/\/i0.wp.com\/eltrabajo.cl\/portal\/wp-content\/uploads\/2012\/07\/maceteros.jpg?resize=300%2C225&amp;ssl=1 300w, https:\/\/i0.wp.com\/eltrabajo.cl\/portal\/wp-content\/uploads\/2012\/07\/maceteros.jpg?resize=150%2C112&amp;ssl=1 150w, https:\/\/i0.wp.com\/eltrabajo.cl\/portal\/wp-content\/uploads\/2012\/07\/maceteros.jpg?resize=400%2C300&amp;ssl=1 400w\" sizes=\"auto, (max-width: 600px) 100vw, 600px\" \/><\/a><figcaption id=\"caption-attachment-20360\" class=\"wp-caption-text\">Los alumnos reutilizaron materiales de desecho para confeccionar diversos elementos como estos llamativos y pr\u00e1cticos maceteros.<\/figcaption><\/figure>\n<p>En el marco de la celebraci\u00f3n del Mes del Medio Ambiente, los alumnos y profesores de la Escuela John Kennedy de San Felipe, montaron una exposici\u00f3n de manualidades que llaman al cuidado de nuestro medio ambiente.<\/p>\n<p>La muestra, realizada en el gimnasio techado de la escuela, estuvo abierta a toda la comunidad escolar y tambi\u00e9n cont\u00f3 con la presencia de apoderados y vecinos de la Poblaci\u00f3n Pedro Aguirre Cerda, donde est\u00e1 ubicado el plantel.<\/p>\n<figure id=\"attachment_20361\" aria-describedby=\"caption-attachment-20361\" style=\"width: 300px\" class=\"wp-caption alignright\"><a href=\"http:\/\/www.eltrabajo.cl\/portal\/2012\/07\/escuela-john-kennedy-presenta-muestra-sobre-el-cuidado-del-medio-ambiente\/botellas\/\" rel=\"attachment wp-att-20361\"><img data-recalc-dims=\"1\" loading=\"lazy\" decoding=\"async\" class=\"size-medium wp-image-20361\" title=\"botellas\" src=\"https:\/\/i0.wp.com\/www.eltrabajo.cl\/portal\/wp-content\/uploads\/2012\/07\/botellas-300x225.jpg?resize=300%2C225\" alt=\"\" width=\"300\" height=\"225\" srcset=\"https:\/\/i0.wp.com\/eltrabajo.cl\/portal\/wp-content\/uploads\/2012\/07\/botellas.jpg?resize=300%2C225&amp;ssl=1 300w, https:\/\/i0.wp.com\/eltrabajo.cl\/portal\/wp-content\/uploads\/2012\/07\/botellas.jpg?resize=200%2C150&amp;ssl=1 200w, https:\/\/i0.wp.com\/eltrabajo.cl\/portal\/wp-content\/uploads\/2012\/07\/botellas.jpg?resize=150%2C112&amp;ssl=1 150w, https:\/\/i0.wp.com\/eltrabajo.cl\/portal\/wp-content\/uploads\/2012\/07\/botellas.jpg?resize=400%2C300&amp;ssl=1 400w, https:\/\/i0.wp.com\/eltrabajo.cl\/portal\/wp-content\/uploads\/2012\/07\/botellas.jpg?w=600&amp;ssl=1 600w\" sizes=\"auto, (max-width: 300px) 100vw, 300px\" \/><\/a><figcaption id=\"caption-attachment-20361\" class=\"wp-caption-text\">Tal como lo entendieron estas alumnas, una botella desechable puede tener tantos usos como lo permita la imaginaci\u00f3n.<\/figcaption><\/figure>\n<p>La directora, Silvia Olgu\u00edn Arancibia, destac\u00f3 el trabajo de los alumnos y sus profesores con el fin de hacer conciencia en la comunidad del cuidado del medio ambiente, de la reutilizaci\u00f3n de materiales y el reciclaje, con el fin de evitar la poluci\u00f3n.<\/p>\n<p>La docente apreci\u00f3 que en los trabajos presentados, algunos de ellos con bastante elaboraci\u00f3n, se advierte la activa participaci\u00f3n de los padres y apoderados y ese era uno de los objetivos en cuanto a la integraci\u00f3n familiar.<\/p>\n<p>A\u00f1adi\u00f3 que \u00ablos alumnos han reutilizado muchos elementos para fabricar adornos y otras cosas \u00fatiles, con elementos que estaban transformados en basura\u00bb.<\/p>\n<p>&nbsp;<\/p>\n","protected":false},"excerpt":{"rendered":"<p>En el marco de la celebraci\u00f3n del Mes del Medio Ambiente, los alumnos y profesores de la Escuela John Kennedy de San Felipe, montaron una exposici\u00f3n de manualidades que llaman al cuidado&#8230;<\/p>\n","protected":false},"author":482,"featured_media":20360,"comment_status":"open","ping_status":"closed","sticky":false,"template":"","format":"standard","meta":{"advanced_seo_description":"","jetpack_seo_html_title":"","jetpack_seo_noindex":false,"_jetpack_memberships_contains_paid_content":false,"footnotes":""},"categories":[1],"tags":[],"class_list":["post-20359","post","type-post","status-publish","format-standard","has-post-thumbnail","hentry","category-cronica"],"jetpack_featured_media_url":"https:\/\/i0.wp.com\/eltrabajo.cl\/portal\/wp-content\/uploads\/2012\/07\/maceteros.jpg?fit=600%2C450&ssl=1","jetpack_sharing_enabled":true,"jetpack_likes_enabled":true,"jetpack-related-posts":[],"_links":{"self":[{"href":"https:\/\/eltrabajo.cl\/portal\/wp-json\/wp\/v2\/posts\/20359","targetHints":{"allow":["GET"]}}],"collection":[{"href":"https:\/\/eltrabajo.cl\/portal\/wp-json\/wp\/v2\/posts"}],"about":[{"href":"https:\/\/eltrabajo.cl\/portal\/wp-json\/wp\/v2\/types\/post"}],"author":[{"embeddable":true,"href":"https:\/\/eltrabajo.cl\/portal\/wp-json\/wp\/v2\/users\/482"}],"replies":[{"embeddable":true,"href":"https:\/\/eltrabajo.cl\/portal\/wp-json\/wp\/v2\/comments?post=20359"}],"version-history":[{"count":0,"href":"https:\/\/eltrabajo.cl\/portal\/wp-json\/wp\/v2\/posts\/20359\/revisions"}],"wp:featuredmedia":[{"embeddable":true,"href":"https:\/\/eltrabajo.cl\/portal\/wp-json\/wp\/v2\/media\/20360"}],"wp:attachment":[{"href":"https:\/\/eltrabajo.cl\/portal\/wp-json\/wp\/v2\/media?parent=20359"}],"wp:term":[{"taxonomy":"category","embeddable":true,"href":"https:\/\/eltrabajo.cl\/portal\/wp-json\/wp\/v2\/categories?post=20359"},{"taxonomy":"post_tag","embeddable":true,"href":"https:\/\/eltrabajo.cl\/portal\/wp-json\/wp\/v2\/tags?post=20359"}],"curies":[{"name":"wp","href":"https:\/\/api.w.org\/{rel}","templated":true}]}}