{"id":20364,"date":"2012-07-06T09:49:45","date_gmt":"2012-07-06T13:49:45","guid":{"rendered":"http:\/\/www.eltrabajo.cl\/portal\/?p=20364"},"modified":"2012-07-06T09:49:45","modified_gmt":"2012-07-06T13:49:45","slug":"enjoy-santiago-presentara-dos-nuevas-funciones-del-cafe-%e2%80%98las-indomables%e2%80%99","status":"publish","type":"post","link":"https:\/\/eltrabajo.cl\/portal\/enjoy-santiago-presentara-dos-nuevas-funciones-del-cafe-%e2%80%98las-indomables%e2%80%99\/","title":{"rendered":"Enjoy Santiago presentar\u00e1 dos nuevas funciones del caf\u00e9 \u2018Las Indomables\u2019"},"content":{"rendered":"<figure id=\"attachment_20366\" aria-describedby=\"caption-attachment-20366\" style=\"width: 600px\" class=\"wp-caption alignnone\"><a href=\"http:\/\/www.eltrabajo.cl\/portal\/2012\/07\/enjoy-santiago-presentara-dos-nuevas-funciones-del-cafe-%e2%80%98las-indomables%e2%80%99\/las-indomables-cafe-concert-2\/\" rel=\"attachment wp-att-20366\"><img data-recalc-dims=\"1\" loading=\"lazy\" decoding=\"async\" class=\"size-full wp-image-20366\" title=\"las-indomables-cafe-concert\" src=\"https:\/\/i0.wp.com\/www.eltrabajo.cl\/portal\/wp-content\/uploads\/2012\/07\/las-indomables-cafe-concert1.jpg?resize=600%2C523\" alt=\"\" width=\"600\" height=\"523\" srcset=\"https:\/\/i0.wp.com\/eltrabajo.cl\/portal\/wp-content\/uploads\/2012\/07\/las-indomables-cafe-concert1.jpg?w=600&amp;ssl=1 600w, https:\/\/i0.wp.com\/eltrabajo.cl\/portal\/wp-content\/uploads\/2012\/07\/las-indomables-cafe-concert1.jpg?resize=172%2C150&amp;ssl=1 172w, https:\/\/i0.wp.com\/eltrabajo.cl\/portal\/wp-content\/uploads\/2012\/07\/las-indomables-cafe-concert1.jpg?resize=300%2C261&amp;ssl=1 300w, https:\/\/i0.wp.com\/eltrabajo.cl\/portal\/wp-content\/uploads\/2012\/07\/las-indomables-cafe-concert1.jpg?resize=150%2C130&amp;ssl=1 150w, https:\/\/i0.wp.com\/eltrabajo.cl\/portal\/wp-content\/uploads\/2012\/07\/las-indomables-cafe-concert1.jpg?resize=400%2C348&amp;ssl=1 400w\" sizes=\"auto, (max-width: 600px) 100vw, 600px\" \/><\/a><figcaption id=\"caption-attachment-20366\" class=\"wp-caption-text\">Uno de los espect\u00e1culos m\u00e1s comentados del a\u00f1o, \u2018Las Indomables\u2019, con Patricia Maldonado, Pamela D\u00edaz, Raquel Argando\u00f1a y la Dra. Mar\u00eda Luisa Cordero.<\/figcaption><\/figure>\n<p>Luego de semanas sin presentaciones en Santiago, el caf\u00e9 concert \u2018Las Indomables\u2019, que re\u00fane a las destacadas figuras de la far\u00e1ndula nacional Raquel Argando\u00f1a, Mar\u00eda Luisa Cordero, Pamela D\u00edaz y Paty Maldonado, estar\u00e1 nuevamente en Enjoy Santiago.<\/p>\n<p>Este esperado retorno incluye dos funciones, los jueves 12 y 19 de julio desde las 21:30 horas.<\/p>\n<p>La historia de \u2018Las Indomables\u2019 se desarrolla en la consulta psiqui\u00e1trica de la doctora Mar\u00eda Luisa Cordero, la \u2018indomable conservadora\u2019, quien se encuentra con tres pacientes citadas a la misma hora y d\u00eda. La profesional debe atender juntas a las opin\u00f3logas m\u00e1s irreverentes de la televisi\u00f3n chilena en una imperdible terapia de grupo.<\/p>\n<p>Pamela D\u00edaz es la \u2018indomable rica\u2019, que demuestra que no es s\u00f3lo una cara bonita, haciendo una impactante revelaci\u00f3n sobre su vida.<\/p>\n<p>Raquel Argando\u00f1a es la \u2018indomable fashion\u2019. Con los vestidos y carteras m\u00e1s top del momento, demuestra que es la mujer m\u00e1s elegante del espect\u00e1culo chileno. Ella tambi\u00e9n hace una revelaci\u00f3n extraordinaria: sus m\u00e1s \u00edntimas fantas\u00edas sexuales.<\/p>\n<p>Por \u00faltimo, Paty Maldonado es la \u2018indomable dura\u2019, la que hace las afirmaciones m\u00e1s fuertes y pol\u00e9micas, la \u2018do\u00f1a de la far\u00e1ndula chilena\u2019. Pol\u00edticos, animadores, cantantes, famosos y famosillos caen en sus garras.<\/p>\n<p>A esto se suman copuchas que las integrantes agregan en cada puesta en escena, datos sabrosos, in\u00e9ditos e insospechados de la far\u00e1ndula nacional.<\/p>\n<p>Las entradas ya se encuentran disponibles para la venta en la p\u00e1gina web de Puntoticket y los valores van desde los $15.000 a los $25.000.<\/p>\n<p>&nbsp;<\/p>\n","protected":false},"excerpt":{"rendered":"<p>Luego de semanas sin presentaciones en Santiago, el caf\u00e9 concert \u2018Las Indomables\u2019, que re\u00fane a las destacadas figuras de la far\u00e1ndula nacional Raquel Argando\u00f1a, Mar\u00eda Luisa Cordero, Pamela D\u00edaz y Paty Maldonado,&#8230;<\/p>\n","protected":false},"author":482,"featured_media":20366,"comment_status":"open","ping_status":"closed","sticky":false,"template":"","format":"standard","meta":{"advanced_seo_description":"","jetpack_seo_html_title":"","jetpack_seo_noindex":false,"_jetpack_memberships_contains_paid_content":false,"footnotes":""},"categories":[1],"tags":[],"class_list":["post-20364","post","type-post","status-publish","format-standard","has-post-thumbnail","hentry","category-cronica"],"jetpack_featured_media_url":"https:\/\/i0.wp.com\/eltrabajo.cl\/portal\/wp-content\/uploads\/2012\/07\/las-indomables-cafe-concert1.jpg?fit=600%2C523&ssl=1","jetpack_sharing_enabled":true,"jetpack_likes_enabled":true,"jetpack-related-posts":[],"_links":{"self":[{"href":"https:\/\/eltrabajo.cl\/portal\/wp-json\/wp\/v2\/posts\/20364","targetHints":{"allow":["GET"]}}],"collection":[{"href":"https:\/\/eltrabajo.cl\/portal\/wp-json\/wp\/v2\/posts"}],"about":[{"href":"https:\/\/eltrabajo.cl\/portal\/wp-json\/wp\/v2\/types\/post"}],"author":[{"embeddable":true,"href":"https:\/\/eltrabajo.cl\/portal\/wp-json\/wp\/v2\/users\/482"}],"replies":[{"embeddable":true,"href":"https:\/\/eltrabajo.cl\/portal\/wp-json\/wp\/v2\/comments?post=20364"}],"version-history":[{"count":0,"href":"https:\/\/eltrabajo.cl\/portal\/wp-json\/wp\/v2\/posts\/20364\/revisions"}],"wp:featuredmedia":[{"embeddable":true,"href":"https:\/\/eltrabajo.cl\/portal\/wp-json\/wp\/v2\/media\/20366"}],"wp:attachment":[{"href":"https:\/\/eltrabajo.cl\/portal\/wp-json\/wp\/v2\/media?parent=20364"}],"wp:term":[{"taxonomy":"category","embeddable":true,"href":"https:\/\/eltrabajo.cl\/portal\/wp-json\/wp\/v2\/categories?post=20364"},{"taxonomy":"post_tag","embeddable":true,"href":"https:\/\/eltrabajo.cl\/portal\/wp-json\/wp\/v2\/tags?post=20364"}],"curies":[{"name":"wp","href":"https:\/\/api.w.org\/{rel}","templated":true}]}}