{"id":20369,"date":"2012-07-06T09:52:42","date_gmt":"2012-07-06T13:52:42","guid":{"rendered":"http:\/\/www.eltrabajo.cl\/portal\/?p=20369"},"modified":"2012-07-06T09:52:43","modified_gmt":"2012-07-06T13:52:43","slug":"alumnos-del-roberto-humeres-realizan-labor-social-en-villa-departamental","status":"publish","type":"post","link":"https:\/\/eltrabajo.cl\/portal\/alumnos-del-roberto-humeres-realizan-labor-social-en-villa-departamental\/","title":{"rendered":"Alumnos del Roberto Humeres realizan labor social en Villa Departamental"},"content":{"rendered":"<figure id=\"attachment_20371\" aria-describedby=\"caption-attachment-20371\" style=\"width: 600px\" class=\"wp-caption alignnone\"><a href=\"http:\/\/www.eltrabajo.cl\/portal\/2012\/07\/alumnos-del-roberto-humeres-realizan-labor-social-en-villa-departamental\/alumnos-roberto-humeres-labor-social\/\" rel=\"attachment wp-att-20371\"><img data-recalc-dims=\"1\" loading=\"lazy\" decoding=\"async\" class=\"size-full wp-image-20371\" title=\"alumnos roberto humeres labor social\" src=\"https:\/\/i0.wp.com\/www.eltrabajo.cl\/portal\/wp-content\/uploads\/2012\/07\/alumnos-roberto-humeres-labor-social.jpg?resize=600%2C413\" alt=\"\" width=\"600\" height=\"413\" srcset=\"https:\/\/i0.wp.com\/eltrabajo.cl\/portal\/wp-content\/uploads\/2012\/07\/alumnos-roberto-humeres-labor-social.jpg?w=600&amp;ssl=1 600w, https:\/\/i0.wp.com\/eltrabajo.cl\/portal\/wp-content\/uploads\/2012\/07\/alumnos-roberto-humeres-labor-social.jpg?resize=200%2C137&amp;ssl=1 200w, https:\/\/i0.wp.com\/eltrabajo.cl\/portal\/wp-content\/uploads\/2012\/07\/alumnos-roberto-humeres-labor-social.jpg?resize=300%2C206&amp;ssl=1 300w, https:\/\/i0.wp.com\/eltrabajo.cl\/portal\/wp-content\/uploads\/2012\/07\/alumnos-roberto-humeres-labor-social.jpg?resize=150%2C103&amp;ssl=1 150w, https:\/\/i0.wp.com\/eltrabajo.cl\/portal\/wp-content\/uploads\/2012\/07\/alumnos-roberto-humeres-labor-social.jpg?resize=400%2C275&amp;ssl=1 400w\" sizes=\"auto, (max-width: 600px) 100vw, 600px\" \/><\/a><figcaption id=\"caption-attachment-20371\" class=\"wp-caption-text\">Un total de 25 alumnos de 3\u00b0 Medio del Liceo Roberto Humeres, efectuaron una jornada solidaria en el Jard\u00edn \u2018Las Cuncunitas\u2019 de la Villa Departamental.<\/figcaption><\/figure>\n<p>En el marco del proyecto de\u00a0Responsabilidad Social Liceana, un total de 25 alumnos de 3\u00b0 Medio de la Especialidad de Administraci\u00f3n, llevaron a cabo el martes reci\u00e9n pasado una jornada solidaria en el Jard\u00edn \u2018Las Cuncunitas\u2019, ubicado en la Villa Departamental y que pertenece a la Junji.<\/p>\n<figure id=\"attachment_20370\" aria-describedby=\"caption-attachment-20370\" style=\"width: 300px\" class=\"wp-caption alignright\"><a href=\"http:\/\/www.eltrabajo.cl\/portal\/2012\/07\/alumnos-del-roberto-humeres-realizan-labor-social-en-villa-departamental\/alumnos-roberto-humeres-labor-social-1\/\" rel=\"attachment wp-att-20370\"><img data-recalc-dims=\"1\" loading=\"lazy\" decoding=\"async\" class=\"size-medium wp-image-20370\" title=\"alumnos roberto humeres labor social (1)\" src=\"https:\/\/i0.wp.com\/www.eltrabajo.cl\/portal\/wp-content\/uploads\/2012\/07\/alumnos-roberto-humeres-labor-social-1-300x219.jpg?resize=300%2C219\" alt=\"\" width=\"300\" height=\"219\" srcset=\"https:\/\/i0.wp.com\/eltrabajo.cl\/portal\/wp-content\/uploads\/2012\/07\/alumnos-roberto-humeres-labor-social-1.jpg?resize=300%2C219&amp;ssl=1 300w, https:\/\/i0.wp.com\/eltrabajo.cl\/portal\/wp-content\/uploads\/2012\/07\/alumnos-roberto-humeres-labor-social-1.jpg?resize=200%2C146&amp;ssl=1 200w, https:\/\/i0.wp.com\/eltrabajo.cl\/portal\/wp-content\/uploads\/2012\/07\/alumnos-roberto-humeres-labor-social-1.jpg?resize=150%2C109&amp;ssl=1 150w, https:\/\/i0.wp.com\/eltrabajo.cl\/portal\/wp-content\/uploads\/2012\/07\/alumnos-roberto-humeres-labor-social-1.jpg?resize=400%2C292&amp;ssl=1 400w, https:\/\/i0.wp.com\/eltrabajo.cl\/portal\/wp-content\/uploads\/2012\/07\/alumnos-roberto-humeres-labor-social-1.jpg?w=600&amp;ssl=1 600w\" sizes=\"auto, (max-width: 300px) 100vw, 300px\" \/><\/a><figcaption id=\"caption-attachment-20370\" class=\"wp-caption-text\">Los j\u00f3venes pintaron y hermosearon el Jard\u00edn, presentando adem\u00e1s un show art\u00edstico infantil especialmente dise\u00f1ado para los menores.<\/figcaption><\/figure>\n<p>En la oportunidad los alumnos realizaron trabajos de pintura y hermoseamiento del Jard\u00edn, as\u00ed como tambi\u00e9n un show art\u00edstico infantil especialmente dise\u00f1ado para los menores. Hay que hacer menci\u00f3n sobre la organizaci\u00f3n y dedicaci\u00f3n que tuvieron los alumnos para la preparaci\u00f3n de la actividad que dej\u00f3 muy satisfechas a las autoridades del jard\u00edn.<\/p>\n<p>Cabe destacar, adem\u00e1s, que el Liceo Dr. Roberto Humeres Oyaneder ejecuta este programa hace ya dos a\u00f1os, habiendo apoyado a cuatro Jardines infantiles de la comuna. Para el jefe del proyecto, Profesor Juan Carlos Parada, el realizar este tipo de actividades est\u00e1 en la l\u00ednea formativa val\u00f3rica de los alumnos expresados a trav\u00e9s del logro de los objetivos transversales. Estos programas est\u00e1n insertos, adem\u00e1s, en el Proyecto de Vinculaci\u00f3n con la comunidad que desarrolla el establecimiento, cuyo objetivo en promover el aprendizaje integral y el aprender haciendo.<\/p>\n<p>\u00abEl liceo est\u00e1 abierto para ayudar a la comunidad y nuestros alumnos tienen un alto sentido social, creemos por lo dem\u00e1s que es una responsabilidad que como instituci\u00f3n debemos cumplir\u00bb, puntualiz\u00f3 el Docente Juan Carlos Parada.<\/p>\n<p>&nbsp;<\/p>\n","protected":false},"excerpt":{"rendered":"<p>En el marco del proyecto de\u00a0Responsabilidad Social Liceana, un total de 25 alumnos de 3\u00b0 Medio de la Especialidad de Administraci\u00f3n, llevaron a cabo el martes reci\u00e9n pasado una jornada solidaria en&#8230;<\/p>\n","protected":false},"author":482,"featured_media":20371,"comment_status":"open","ping_status":"closed","sticky":false,"template":"","format":"standard","meta":{"advanced_seo_description":"","jetpack_seo_html_title":"","jetpack_seo_noindex":false,"_jetpack_memberships_contains_paid_content":false,"footnotes":""},"categories":[15],"tags":[],"class_list":["post-20369","post","type-post","status-publish","format-standard","has-post-thumbnail","hentry","category-comunidad"],"jetpack_featured_media_url":"https:\/\/i0.wp.com\/eltrabajo.cl\/portal\/wp-content\/uploads\/2012\/07\/alumnos-roberto-humeres-labor-social.jpg?fit=600%2C413&ssl=1","jetpack_sharing_enabled":true,"jetpack_likes_enabled":true,"jetpack-related-posts":[],"_links":{"self":[{"href":"https:\/\/eltrabajo.cl\/portal\/wp-json\/wp\/v2\/posts\/20369","targetHints":{"allow":["GET"]}}],"collection":[{"href":"https:\/\/eltrabajo.cl\/portal\/wp-json\/wp\/v2\/posts"}],"about":[{"href":"https:\/\/eltrabajo.cl\/portal\/wp-json\/wp\/v2\/types\/post"}],"author":[{"embeddable":true,"href":"https:\/\/eltrabajo.cl\/portal\/wp-json\/wp\/v2\/users\/482"}],"replies":[{"embeddable":true,"href":"https:\/\/eltrabajo.cl\/portal\/wp-json\/wp\/v2\/comments?post=20369"}],"version-history":[{"count":0,"href":"https:\/\/eltrabajo.cl\/portal\/wp-json\/wp\/v2\/posts\/20369\/revisions"}],"wp:featuredmedia":[{"embeddable":true,"href":"https:\/\/eltrabajo.cl\/portal\/wp-json\/wp\/v2\/media\/20371"}],"wp:attachment":[{"href":"https:\/\/eltrabajo.cl\/portal\/wp-json\/wp\/v2\/media?parent=20369"}],"wp:term":[{"taxonomy":"category","embeddable":true,"href":"https:\/\/eltrabajo.cl\/portal\/wp-json\/wp\/v2\/categories?post=20369"},{"taxonomy":"post_tag","embeddable":true,"href":"https:\/\/eltrabajo.cl\/portal\/wp-json\/wp\/v2\/tags?post=20369"}],"curies":[{"name":"wp","href":"https:\/\/api.w.org\/{rel}","templated":true}]}}