{"id":20374,"date":"2012-07-06T09:53:42","date_gmt":"2012-07-06T13:53:42","guid":{"rendered":"http:\/\/www.eltrabajo.cl\/portal\/?p=20374"},"modified":"2012-07-06T09:53:42","modified_gmt":"2012-07-06T13:53:42","slug":"empresarios-de-aconcagua-reciben-premio-de-corfo-a-nivel-regional","status":"publish","type":"post","link":"https:\/\/eltrabajo.cl\/portal\/empresarios-de-aconcagua-reciben-premio-de-corfo-a-nivel-regional\/","title":{"rendered":"Empresarios de Aconcagua reciben premio de Corfo a nivel regional"},"content":{"rendered":"<figure id=\"attachment_20375\" aria-describedby=\"caption-attachment-20375\" style=\"width: 300px\" class=\"wp-caption alignleft\"><a href=\"http:\/\/www.eltrabajo.cl\/portal\/2012\/07\/empresarios-de-aconcagua-reciben-premio-de-corfo-a-nivel-regional\/premio-de-corfo-a-empresa-de-aconcagua-gino-bibiano-1\/\" rel=\"attachment wp-att-20375\"><img data-recalc-dims=\"1\" loading=\"lazy\" decoding=\"async\" class=\"size-medium wp-image-20375\" title=\"premio de corfo a empresa de aconcagua- Gino Bibiano (1)\" src=\"https:\/\/i0.wp.com\/www.eltrabajo.cl\/portal\/wp-content\/uploads\/2012\/07\/premio-de-corfo-a-empresa-de-aconcagua-Gino-Bibiano-1-300x225.jpg?resize=300%2C225\" alt=\"\" width=\"300\" height=\"225\" srcset=\"https:\/\/i0.wp.com\/eltrabajo.cl\/portal\/wp-content\/uploads\/2012\/07\/premio-de-corfo-a-empresa-de-aconcagua-Gino-Bibiano-1.jpg?resize=300%2C225&amp;ssl=1 300w, https:\/\/i0.wp.com\/eltrabajo.cl\/portal\/wp-content\/uploads\/2012\/07\/premio-de-corfo-a-empresa-de-aconcagua-Gino-Bibiano-1.jpg?resize=200%2C150&amp;ssl=1 200w, https:\/\/i0.wp.com\/eltrabajo.cl\/portal\/wp-content\/uploads\/2012\/07\/premio-de-corfo-a-empresa-de-aconcagua-Gino-Bibiano-1.jpg?resize=150%2C112&amp;ssl=1 150w, https:\/\/i0.wp.com\/eltrabajo.cl\/portal\/wp-content\/uploads\/2012\/07\/premio-de-corfo-a-empresa-de-aconcagua-Gino-Bibiano-1.jpg?resize=400%2C300&amp;ssl=1 400w, https:\/\/i0.wp.com\/eltrabajo.cl\/portal\/wp-content\/uploads\/2012\/07\/premio-de-corfo-a-empresa-de-aconcagua-Gino-Bibiano-1.jpg?w=600&amp;ssl=1 600w\" sizes=\"auto, (max-width: 300px) 100vw, 300px\" \/><\/a><figcaption id=\"caption-attachment-20375\" class=\"wp-caption-text\">El premio Pyme Gesti\u00f3n Competitiva recibieron dos empresarios del valle de Aconcagua, recayendo uno de ellos en el empresario tur\u00edstico-gastron\u00f3mico, Gino Bibiano.<\/figcaption><\/figure>\n<p>Dos emprendedores del valle de Aconcagua, uno de la comuna de San Esteban y otro de Los Andes, recibieron de parte de Corfo el premio Pyme Gesti\u00f3n Competitiva.<\/p>\n<p>Se trata de un incentivo a las empresas que tengan buenas pr\u00e1cticas laborales, buena relaci\u00f3n con los trabajadores y que sean de excelencia.<\/p>\n<p>Seg\u00fan explic\u00f3 el director regional de Corfo, V\u00edctor Fuentes, el premio no tiene relaci\u00f3n con el tama\u00f1o de la empresa, ni su nivel de ventas, sino que se trata de premiar a aquellos que se esfuerzan por realizar bien las cosas.<\/p>\n<p>\u201cEn ese sentido los ganadores del a\u00f1o pasado son un buen ejemplo de esto y ojal\u00e1 que incentiven a hacer lo mismo. Aqu\u00ed el premio no es monetario, sino que es un reconocimiento, porque nunca est\u00e1 de m\u00e1s que le digan a usted que est\u00e1 haciendo bien las cosas\u201d.<\/p>\n<p>Este es un premio que se entrega una vez al a\u00f1o, y este jueves fueron premiados los ganadores del a\u00f1o pasado. Ellos fueron ubicados por un comit\u00e9 que analiz\u00f3 su trabajo, fueron postulados para el premio y luego otro comit\u00e9 analiz\u00f3 los antecedentes para premiarlos.<\/p>\n<p>Uno de los ganadores de este a\u00f1o es el empresario tur\u00edstico y gastron\u00f3mico de la comuna de San Esteban, Gino Bibiano, due\u00f1o del restaurante Casa E\u00b4Campo.<\/p>\n<p>El empresario agradeci\u00f3 la entrega del premio y dijo que el reconocimiento pertenece a todos los trabajadores que est\u00e1n a su cargo, quienes siempre est\u00e1n dispuestos a capacitarse para seguir mejorando constantemente.<\/p>\n<p>Indic\u00f3 tambi\u00e9n que es un reconocimiento al trabajo que realizan al interior de su empresa, que busca mantener las tradiciones a trav\u00e9s del turismo y de la gastronom\u00eda local.<\/p>\n<p>\u201cYo siempre he dicho, yo no compito con nadie, compito conmigo mismo, cada vez quiero ser mejor y ojal\u00e1 que todos los empresarios del valle de Aconcagua hagan lo mismo, porque es un beneficio nuestro para poder vender nuestros productos a los extranjeros, y a la gente de Santiago, Vi\u00f1a del Mar y los alrededores\u201d.<\/p>\n<p>Bibiano se\u00f1al\u00f3 que este es un incentivo para seguir realizando el trabajo que vienen efectuando desde hace varios a\u00f1os.<\/p>\n<p>&nbsp;<\/p>\n","protected":false},"excerpt":{"rendered":"<p>Dos emprendedores del valle de Aconcagua, uno de la comuna de San Esteban y otro de Los Andes, recibieron de parte de Corfo el premio Pyme Gesti\u00f3n Competitiva. Se trata de un&#8230;<\/p>\n","protected":false},"author":482,"featured_media":20375,"comment_status":"open","ping_status":"closed","sticky":false,"template":"","format":"standard","meta":{"advanced_seo_description":"","jetpack_seo_html_title":"","jetpack_seo_noindex":false,"_jetpack_memberships_contains_paid_content":false,"footnotes":""},"categories":[1],"tags":[],"class_list":["post-20374","post","type-post","status-publish","format-standard","has-post-thumbnail","hentry","category-cronica"],"jetpack_featured_media_url":"https:\/\/i0.wp.com\/eltrabajo.cl\/portal\/wp-content\/uploads\/2012\/07\/premio-de-corfo-a-empresa-de-aconcagua-Gino-Bibiano-1.jpg?fit=600%2C450&ssl=1","jetpack_sharing_enabled":true,"jetpack_likes_enabled":true,"jetpack-related-posts":[],"_links":{"self":[{"href":"https:\/\/eltrabajo.cl\/portal\/wp-json\/wp\/v2\/posts\/20374","targetHints":{"allow":["GET"]}}],"collection":[{"href":"https:\/\/eltrabajo.cl\/portal\/wp-json\/wp\/v2\/posts"}],"about":[{"href":"https:\/\/eltrabajo.cl\/portal\/wp-json\/wp\/v2\/types\/post"}],"author":[{"embeddable":true,"href":"https:\/\/eltrabajo.cl\/portal\/wp-json\/wp\/v2\/users\/482"}],"replies":[{"embeddable":true,"href":"https:\/\/eltrabajo.cl\/portal\/wp-json\/wp\/v2\/comments?post=20374"}],"version-history":[{"count":0,"href":"https:\/\/eltrabajo.cl\/portal\/wp-json\/wp\/v2\/posts\/20374\/revisions"}],"wp:featuredmedia":[{"embeddable":true,"href":"https:\/\/eltrabajo.cl\/portal\/wp-json\/wp\/v2\/media\/20375"}],"wp:attachment":[{"href":"https:\/\/eltrabajo.cl\/portal\/wp-json\/wp\/v2\/media?parent=20374"}],"wp:term":[{"taxonomy":"category","embeddable":true,"href":"https:\/\/eltrabajo.cl\/portal\/wp-json\/wp\/v2\/categories?post=20374"},{"taxonomy":"post_tag","embeddable":true,"href":"https:\/\/eltrabajo.cl\/portal\/wp-json\/wp\/v2\/tags?post=20374"}],"curies":[{"name":"wp","href":"https:\/\/api.w.org\/{rel}","templated":true}]}}