{"id":20378,"date":"2012-07-06T09:55:02","date_gmt":"2012-07-06T13:55:02","guid":{"rendered":"http:\/\/www.eltrabajo.cl\/portal\/?p=20378"},"modified":"2012-07-06T09:55:02","modified_gmt":"2012-07-06T13:55:02","slug":"llaman-a-postular-al-subsidio-habitacional-para-clase-media-y-emergente","status":"publish","type":"post","link":"https:\/\/eltrabajo.cl\/portal\/llaman-a-postular-al-subsidio-habitacional-para-clase-media-y-emergente\/","title":{"rendered":"Llaman a postular al subsidio habitacional para clase media y emergente"},"content":{"rendered":"<figure id=\"attachment_20379\" aria-describedby=\"caption-attachment-20379\" style=\"width: 300px\" class=\"wp-caption alignleft\"><a href=\"http:\/\/www.eltrabajo.cl\/portal\/2012\/07\/llaman-a-postular-al-subsidio-habitacional-para-clase-media-y-emergente\/maria-alicia-galdames-2\/\" rel=\"attachment wp-att-20379\"><img data-recalc-dims=\"1\" loading=\"lazy\" decoding=\"async\" class=\"size-medium wp-image-20379\" title=\"maria alicia galdames (2)\" src=\"https:\/\/i0.wp.com\/www.eltrabajo.cl\/portal\/wp-content\/uploads\/2012\/07\/maria-alicia-galdames-2-300x220.jpg?resize=300%2C220\" alt=\"\" width=\"300\" height=\"220\" srcset=\"https:\/\/i0.wp.com\/eltrabajo.cl\/portal\/wp-content\/uploads\/2012\/07\/maria-alicia-galdames-2.jpg?resize=300%2C220&amp;ssl=1 300w, https:\/\/i0.wp.com\/eltrabajo.cl\/portal\/wp-content\/uploads\/2012\/07\/maria-alicia-galdames-2.jpg?resize=200%2C146&amp;ssl=1 200w, https:\/\/i0.wp.com\/eltrabajo.cl\/portal\/wp-content\/uploads\/2012\/07\/maria-alicia-galdames-2.jpg?resize=150%2C110&amp;ssl=1 150w, https:\/\/i0.wp.com\/eltrabajo.cl\/portal\/wp-content\/uploads\/2012\/07\/maria-alicia-galdames-2.jpg?resize=400%2C293&amp;ssl=1 400w, https:\/\/i0.wp.com\/eltrabajo.cl\/portal\/wp-content\/uploads\/2012\/07\/maria-alicia-galdames-2.jpg?w=600&amp;ssl=1 600w\" sizes=\"auto, (max-width: 300px) 100vw, 300px\" \/><\/a><figcaption id=\"caption-attachment-20379\" class=\"wp-caption-text\">La encargada provincial del Serviu se\u00f1al\u00f3 que el actual llamado para postular al subsidio, est\u00e1 destinado a la clase media y emergente.<\/figcaption><\/figure>\n<ul>\n<li><strong>Postulaciones estar\u00e1n abiertas hasta el 20 de julio y es para clase media y emergente.<\/strong><\/li>\n<\/ul>\n<p>Enfocado en la clase media y emergente es el llamado de subsidio habitacional del ministerio de Vivienda, que se mantendr\u00e1 abierto para realizar las postulaciones, hasta el pr\u00f3ximo 20 de julio.<\/p>\n<p>La oficina de Serviu de la comuna de San Felipe ha recibido una importante cantidad de personas que llegan todos los d\u00edas a realizar las consultas para realizar la postulaci\u00f3n, muchas de las cuales no cumplen con los requisitos de este llamado.<\/p>\n<p>Entre los requisitos que se deben cumplir para postular en este llamado, se cuentan que las familias tengan un ahorro m\u00ednimo de 30 unidades de fomento y de hecho el 50% de las personas que consultan en estos d\u00edas no cumplen con ese requisito.<\/p>\n<p>Las viviendas pueden ser de 600 UF, 1000 UF y hasta 2 mil UF, lo que va a depender del tramo en que las personas postular\u00e1n, lo que en algunos casos est\u00e1 relacionado con la ficha de protecci\u00f3n social.<\/p>\n<p>\u201cViviendas hasta 1000 UF, deben tener ficha de protecci\u00f3n social, y el puntaje m\u00e1ximo es 13.484. Sobre 1000 UF de postulaci\u00f3n de una vivienda, entre 1000 y 2000 (UF), no necesitan ficha de protecci\u00f3n social, no es necesario ni tener un puntaje especial\u201d, dijo la directora provincial de Serviu, Mar\u00eda Alicia Galdames.<\/p>\n<p>En este \u00faltimo caso, el ahorro es de 50 UF, y los postulantes pueden hacerlo con una vivienda nueva o usada o construcci\u00f3n en sitio propio. En este caso, se pide, adem\u00e1s de constar el ahorro y la fotocopia del carn\u00e9, que entreguen documentos que acrediten el t\u00edtulo de dominio de la propiedad.<\/p>\n<p><strong>POSTULACI\u00d3N POR INTERNET<\/strong><\/p>\n<p>Respecto de la postulaci\u00f3n por internet, lo pueden hacer las personas que van a postular a adquisici\u00f3n de vivienda y no a sitio propio, ya que por internet no se pueden subir documentos legales.<\/p>\n<p>\u201cEntonces quienes tengan la condici\u00f3n que su ahorro est\u00e9 en una entidad financiera, que est\u00e9 en convenio con el ministerio: Banco Estado, Coopeuch, Banco del Desarrollo, que se puede mirar en l\u00ednea el ahorro, ellos pueden hacer la postulaci\u00f3n por internet, van al Registro Civil, piden una clave y con esa clave ellos entran a internet y hacen su postulaci\u00f3n\u201d, dijo Galdames.<\/p>\n<p>Como la postulaci\u00f3n consulta en l\u00ednea el ahorro que se haya efectuado en estas entidades, no es necesario subir ning\u00fan documento.<\/p>\n<p>Asimismo las personas que vayan a postular con sitio propio o tengan que acreditar otro tipo de documentaci\u00f3n, lo tienen que hacer en forma presencial, esa postulaci\u00f3n se debe hacer en las oficinas del Serviu, en el IPS y en algunos municipios como San Felipe, Los Andes, Putaendo, Panquehue y Llay-Llay.<\/p>\n<p>&nbsp;<\/p>\n","protected":false},"excerpt":{"rendered":"<p>Postulaciones estar\u00e1n abiertas hasta el 20 de julio y es para clase media y emergente. Enfocado en la clase media y emergente es el llamado de subsidio habitacional del ministerio de Vivienda,&#8230;<\/p>\n","protected":false},"author":482,"featured_media":20379,"comment_status":"open","ping_status":"closed","sticky":false,"template":"","format":"standard","meta":{"advanced_seo_description":"","jetpack_seo_html_title":"","jetpack_seo_noindex":false,"_jetpack_memberships_contains_paid_content":false,"footnotes":""},"categories":[1],"tags":[],"class_list":["post-20378","post","type-post","status-publish","format-standard","has-post-thumbnail","hentry","category-cronica"],"jetpack_featured_media_url":"https:\/\/i0.wp.com\/eltrabajo.cl\/portal\/wp-content\/uploads\/2012\/07\/maria-alicia-galdames-2.jpg?fit=600%2C440&ssl=1","jetpack_sharing_enabled":true,"jetpack_likes_enabled":true,"jetpack-related-posts":[],"_links":{"self":[{"href":"https:\/\/eltrabajo.cl\/portal\/wp-json\/wp\/v2\/posts\/20378","targetHints":{"allow":["GET"]}}],"collection":[{"href":"https:\/\/eltrabajo.cl\/portal\/wp-json\/wp\/v2\/posts"}],"about":[{"href":"https:\/\/eltrabajo.cl\/portal\/wp-json\/wp\/v2\/types\/post"}],"author":[{"embeddable":true,"href":"https:\/\/eltrabajo.cl\/portal\/wp-json\/wp\/v2\/users\/482"}],"replies":[{"embeddable":true,"href":"https:\/\/eltrabajo.cl\/portal\/wp-json\/wp\/v2\/comments?post=20378"}],"version-history":[{"count":0,"href":"https:\/\/eltrabajo.cl\/portal\/wp-json\/wp\/v2\/posts\/20378\/revisions"}],"wp:featuredmedia":[{"embeddable":true,"href":"https:\/\/eltrabajo.cl\/portal\/wp-json\/wp\/v2\/media\/20379"}],"wp:attachment":[{"href":"https:\/\/eltrabajo.cl\/portal\/wp-json\/wp\/v2\/media?parent=20378"}],"wp:term":[{"taxonomy":"category","embeddable":true,"href":"https:\/\/eltrabajo.cl\/portal\/wp-json\/wp\/v2\/categories?post=20378"},{"taxonomy":"post_tag","embeddable":true,"href":"https:\/\/eltrabajo.cl\/portal\/wp-json\/wp\/v2\/tags?post=20378"}],"curies":[{"name":"wp","href":"https:\/\/api.w.org\/{rel}","templated":true}]}}