{"id":20382,"date":"2012-07-06T09:57:04","date_gmt":"2012-07-06T13:57:04","guid":{"rendered":"http:\/\/www.eltrabajo.cl\/portal\/?p=20382"},"modified":"2012-07-06T09:57:04","modified_gmt":"2012-07-06T13:57:04","slug":"conflicto-del-agua-entregada-a-colbun-sigue-por-el-momento-sin-solucion","status":"publish","type":"post","link":"https:\/\/eltrabajo.cl\/portal\/conflicto-del-agua-entregada-a-colbun-sigue-por-el-momento-sin-solucion\/","title":{"rendered":"Conflicto del agua entregada a Colb\u00fan sigue por el momento sin soluci\u00f3n"},"content":{"rendered":"<figure id=\"attachment_20383\" aria-describedby=\"caption-attachment-20383\" style=\"width: 600px\" class=\"wp-caption alignnone\"><a href=\"http:\/\/www.eltrabajo.cl\/portal\/2012\/07\/conflicto-del-agua-entregada-a-colbun-sigue-por-el-momento-sin-solucion\/reunion-conflicto-del-agua-17\/\" rel=\"attachment wp-att-20383\"><img data-recalc-dims=\"1\" loading=\"lazy\" decoding=\"async\" class=\"size-full wp-image-20383\" title=\"reunion conflicto del agua (17)\" src=\"https:\/\/i0.wp.com\/www.eltrabajo.cl\/portal\/wp-content\/uploads\/2012\/07\/reunion-conflicto-del-agua-17.jpg?resize=600%2C450\" alt=\"\" width=\"600\" height=\"450\" srcset=\"https:\/\/i0.wp.com\/eltrabajo.cl\/portal\/wp-content\/uploads\/2012\/07\/reunion-conflicto-del-agua-17.jpg?w=600&amp;ssl=1 600w, https:\/\/i0.wp.com\/eltrabajo.cl\/portal\/wp-content\/uploads\/2012\/07\/reunion-conflicto-del-agua-17.jpg?resize=200%2C150&amp;ssl=1 200w, https:\/\/i0.wp.com\/eltrabajo.cl\/portal\/wp-content\/uploads\/2012\/07\/reunion-conflicto-del-agua-17.jpg?resize=300%2C225&amp;ssl=1 300w, https:\/\/i0.wp.com\/eltrabajo.cl\/portal\/wp-content\/uploads\/2012\/07\/reunion-conflicto-del-agua-17.jpg?resize=150%2C112&amp;ssl=1 150w, https:\/\/i0.wp.com\/eltrabajo.cl\/portal\/wp-content\/uploads\/2012\/07\/reunion-conflicto-del-agua-17.jpg?resize=400%2C300&amp;ssl=1 400w\" sizes=\"auto, (max-width: 600px) 100vw, 600px\" \/><\/a><figcaption id=\"caption-attachment-20383\" class=\"wp-caption-text\">\u2018Gusto a poco\u2019 tuvo para regantes y autoridades, la reuni\u00f3n sostenida la ma\u00f1ana de ayer jueves en la Junta de Vigilancia del r\u00edo Putaendo con autoridades de Gobierno, para buscar una soluci\u00f3n al problema generado con la entrega de derechos de agua a Colb\u00fan.<\/figcaption><\/figure>\n<p><strong>PUTAENDO.<\/strong>&#8211; La reuni\u00f3n sostenida la ma\u00f1ana de este jueves en la Junta de Vigilancia del r\u00edo Putaendo con autoridades de Gobierno para buscar una soluci\u00f3n al problema generado con la entrega de derechos de agua a Colb\u00fan, no dejaron del todo conforme a regantes y autoridades.<\/p>\n<p>Con la presencia de la subsecretaria de Obras Publicas, Loreto Silva; la directora nacional de la Direcci\u00f3n de Obras Hidr\u00e1ulicas, Mariana Concha; el seremi de Obras P\u00fablicas, Pedro Sariego; la Gobernadora Patricia Boffa, la senadora Lily P\u00e9rez, el senador Ignacio Walker, el diputado Marco Antonio N\u00fa\u00f1ez, el Alcalde Guillermo Reyes, el concejo municipal en pleno y el Alcalde Jaime Amar, adem\u00e1s de toda la directiva de la Junta de Vigilancia del r\u00edo Putaendo encabezada por Miguel Vega, se dio inicio a la tan esperada reuni\u00f3n donde se mostr\u00f3 un breve video con las palabras del ministro de Obras P\u00fablicas y el presidente Sebasti\u00e1n Pi\u00f1era en la primera tronadura del embalse Chacrillas, donde ambas autoridades mostraron su conformidad por la obra que asegurar\u00e1 el agua en los tiempos dif\u00edciles, adem\u00e1s de destacar como gran obra de la Quinta Regi\u00f3n este primer embalse en construcci\u00f3n en el actual Gobierno.<\/p>\n<figure id=\"attachment_20384\" aria-describedby=\"caption-attachment-20384\" style=\"width: 300px\" class=\"wp-caption alignright\"><a href=\"http:\/\/www.eltrabajo.cl\/portal\/2012\/07\/conflicto-del-agua-entregada-a-colbun-sigue-por-el-momento-sin-solucion\/reunion-conflicto-del-agua-24\/\" rel=\"attachment wp-att-20384\"><img data-recalc-dims=\"1\" loading=\"lazy\" decoding=\"async\" class=\"size-medium wp-image-20384\" title=\"reunion conflicto del agua (24)\" src=\"https:\/\/i0.wp.com\/www.eltrabajo.cl\/portal\/wp-content\/uploads\/2012\/07\/reunion-conflicto-del-agua-24-300x225.jpg?resize=300%2C225\" alt=\"\" width=\"300\" height=\"225\" srcset=\"https:\/\/i0.wp.com\/eltrabajo.cl\/portal\/wp-content\/uploads\/2012\/07\/reunion-conflicto-del-agua-24.jpg?resize=300%2C225&amp;ssl=1 300w, https:\/\/i0.wp.com\/eltrabajo.cl\/portal\/wp-content\/uploads\/2012\/07\/reunion-conflicto-del-agua-24.jpg?resize=200%2C150&amp;ssl=1 200w, https:\/\/i0.wp.com\/eltrabajo.cl\/portal\/wp-content\/uploads\/2012\/07\/reunion-conflicto-del-agua-24.jpg?resize=150%2C112&amp;ssl=1 150w, https:\/\/i0.wp.com\/eltrabajo.cl\/portal\/wp-content\/uploads\/2012\/07\/reunion-conflicto-del-agua-24.jpg?resize=400%2C300&amp;ssl=1 400w, https:\/\/i0.wp.com\/eltrabajo.cl\/portal\/wp-content\/uploads\/2012\/07\/reunion-conflicto-del-agua-24.jpg?w=600&amp;ssl=1 600w\" sizes=\"auto, (max-width: 300px) 100vw, 300px\" \/><\/a><figcaption id=\"caption-attachment-20384\" class=\"wp-caption-text\">En medio del asedio period\u00edstico, la Senadora Lily P\u00e9rez pidi\u00f3 un sumario administrativo en contra del director nacional de la DGA, Mat\u00edas Desmadryl, para dilucidar su responsabilidad en la entrega de los derechos de agua a Colb\u00fan.<\/figcaption><\/figure>\n<p>Posteriormente y sin la presencia de la prensa, tal como ya en forma exclusiva nuestro medio lo hab\u00eda anticipado, los anuncios realizados fueron el ofrecimiento para ayudar a la Junta de Vigilancia para que puedan tener jurisdicci\u00f3n aguas arriba del r\u00edo Putaendo, es decir en los r\u00edos Hidalgo y Roc\u00edn, lo que fue aceptado y muy bien recibido por las autoridades locales y por la misma junta de vigilancia. El segundo ofrecimiento fue \u2018Judicializar\u2019 la entrega de los derechos de agua a la empresa Colb\u00fan, para lo cual el Director de Obras del MOP solicitar\u00e1 al Consejo de Defensa del Estado tratar de impugnar por la v\u00eda legal dichos derechos entregados por la Direcci\u00f3n Nacional de Aguas a la empresa Colb\u00fan, lo que no fue aceptado ni por los regantes ni por el Alcalde Reyes, ya que se tratar\u00eda de una soluci\u00f3n a largo plazo (6 u 8 a\u00f1os) adem\u00e1s de no tener certeza alguna que este requerimiento judicial pueda tener alg\u00fan \u00e9xito, entendiendo que la emperras Colb\u00fan cumpli\u00f3 con todos los tr\u00e1mites exigidos para tales efectos y hoy sus inscripciones en el Conservador de Bienes Ra\u00edces hacen a\u00fan m\u00e1s complicada esta propuesta.<\/p>\n<p>Al t\u00e9rmino de la reuni\u00f3n y en una peque\u00f1a conferencia de prensa, la Subsecretaria de OO.PP. se\u00f1al\u00f3 que hab\u00eda sido una muy buena reuni\u00f3n, donde lo m\u00e1s importante era que la emblem\u00e1tica obra de construcci\u00f3n del embalse no estar\u00eda en peligro y tiene asegurada el agua para su llenado, y que se buscar\u00e1n varias alternativas para solucionar el tema de los derechos de agua entregados a Colb\u00fan, destacando entre ellas la v\u00eda administrativa y judicial que involucrar\u00e1 al CDE para anular los derechos entregados por la DGA, adem\u00e1s de explicar como se asesorar\u00e1 a la junta de vigilancia para que tenga derechos sobre el R\u00edo Roc\u00edn e Hidalgo, no descartando una negociaci\u00f3n directa con la empresa Colb\u00fan.<\/p>\n<p>Por su parte la senadora Lily P\u00e9rez se mostr\u00f3 esperanzada en buscar en el corto plazo una soluci\u00f3n definitiva, destacando la mesa de trabajo conformada con la junta de vigilancia, el municipio y la seremi de OO.PP., resaltando que la uni\u00f3n debe ser la m\u00edstica del equipo de trabajo para solucionar \u00abEl error de un funcionario de la DGA\u00bb, agregando que pidi\u00f3 el inicio de un sumario administrativo a la Subsecretar\u00eda de Obras P\u00fablicas en contra del director nacional de la DGA, Mat\u00edas Desmadryl, para dilucidar su responsabilidad en la entrega de los derechos de agua a Colb\u00fan.<\/p>\n<p>El Senador Ignacio Walker dijo que no compart\u00eda la idea de llevar el tema a tribunales y se mostr\u00f3 confiado en los avances que la mesa de trabajo pueda tener en el corto plazo, agregando que una eventual negociaci\u00f3n con la empresa Colb\u00fan era una de las alternativas que necesitaba ser atendida y estudiada.<\/p>\n<p>El Diputado Marco Antonio N\u00fa\u00f1ez, dijo que si el presidente Sebasti\u00e1n Pi\u00f1era solucion\u00f3 el tema de Barrancones levantando su tel\u00e9fono, era momento que la comunidad se organizara y manifestara su decepci\u00f3n para que el presidente sintiera la presi\u00f3n social de la comuna, palabras que fueron interpretadas por la subsecretaria Loreto Silva como \u00abOportunismo Pol\u00edtico\u00bb.<\/p>\n<p>Guillermo Reyes, ocupando un t\u00e9rmino futbolero, se\u00f1al\u00f3 que el capit\u00e1n de este equipo era el presidente Pi\u00f1era y que este era un partido con alargue, mostr\u00e1ndose esperanzado en soluciones de corto plazo, agregando que hoy m\u00e1s que nunca la comuna debe estar atenta y vigilante y que esperaba que la actividad de este d\u00eda s\u00e1bado sea multitudinaria, para que las autoridades sepan que la comunidad est\u00e1 expectante y organizada para defender el agua de todos los putaendinos.<\/p>\n<p>Finalmente Miguel Vega se\u00f1al\u00f3 que no estaban del todo conforme, pero que valoraba el esfuerzo del Gobierno en buscar una soluci\u00f3n concreta y que trabajar\u00e1n de la mano con el municipio y el Gobierno para buscar la mejor soluci\u00f3n, agregando que esperaban anuncios m\u00e1s concretos, pero que hab\u00eda que seguir trabajando, y que por el momento mantienen su postura de no reunirse con la empresa Colb\u00fan.<\/p>\n<p>En lo concreto, una reuni\u00f3n que poco y nada entreg\u00f3 a este conflicto, que lejos de aclararse sigue totalmente turbio, tal como corre el agua cuando se produce una tormenta, tormenta que se origin\u00f3 en la oficina de la Direcci\u00f3n General de Aguas, cuyo encargado nacional no estuvo presente en la reuni\u00f3n.<\/p>\n<p><strong>Patricio Gallardo M.<\/strong><\/p>\n<p>&nbsp;<\/p>\n","protected":false},"excerpt":{"rendered":"<p>PUTAENDO.&#8211; La reuni\u00f3n sostenida la ma\u00f1ana de este jueves en la Junta de Vigilancia del r\u00edo Putaendo con autoridades de Gobierno para buscar una soluci\u00f3n al problema generado con la entrega de&#8230;<\/p>\n","protected":false},"author":482,"featured_media":20383,"comment_status":"open","ping_status":"closed","sticky":false,"template":"","format":"standard","meta":{"advanced_seo_description":"","jetpack_seo_html_title":"","jetpack_seo_noindex":false,"_jetpack_memberships_contains_paid_content":false,"footnotes":""},"categories":[1],"tags":[],"class_list":["post-20382","post","type-post","status-publish","format-standard","has-post-thumbnail","hentry","category-cronica"],"jetpack_featured_media_url":"https:\/\/i0.wp.com\/eltrabajo.cl\/portal\/wp-content\/uploads\/2012\/07\/reunion-conflicto-del-agua-17.jpg?fit=600%2C450&ssl=1","jetpack_sharing_enabled":true,"jetpack_likes_enabled":true,"jetpack-related-posts":[],"_links":{"self":[{"href":"https:\/\/eltrabajo.cl\/portal\/wp-json\/wp\/v2\/posts\/20382","targetHints":{"allow":["GET"]}}],"collection":[{"href":"https:\/\/eltrabajo.cl\/portal\/wp-json\/wp\/v2\/posts"}],"about":[{"href":"https:\/\/eltrabajo.cl\/portal\/wp-json\/wp\/v2\/types\/post"}],"author":[{"embeddable":true,"href":"https:\/\/eltrabajo.cl\/portal\/wp-json\/wp\/v2\/users\/482"}],"replies":[{"embeddable":true,"href":"https:\/\/eltrabajo.cl\/portal\/wp-json\/wp\/v2\/comments?post=20382"}],"version-history":[{"count":0,"href":"https:\/\/eltrabajo.cl\/portal\/wp-json\/wp\/v2\/posts\/20382\/revisions"}],"wp:featuredmedia":[{"embeddable":true,"href":"https:\/\/eltrabajo.cl\/portal\/wp-json\/wp\/v2\/media\/20383"}],"wp:attachment":[{"href":"https:\/\/eltrabajo.cl\/portal\/wp-json\/wp\/v2\/media?parent=20382"}],"wp:term":[{"taxonomy":"category","embeddable":true,"href":"https:\/\/eltrabajo.cl\/portal\/wp-json\/wp\/v2\/categories?post=20382"},{"taxonomy":"post_tag","embeddable":true,"href":"https:\/\/eltrabajo.cl\/portal\/wp-json\/wp\/v2\/tags?post=20382"}],"curies":[{"name":"wp","href":"https:\/\/api.w.org\/{rel}","templated":true}]}}