{"id":20387,"date":"2012-07-06T10:10:58","date_gmt":"2012-07-06T14:10:58","guid":{"rendered":"http:\/\/www.eltrabajo.cl\/portal\/?p=20387"},"modified":"2012-07-06T11:29:38","modified_gmt":"2012-07-06T15:29:38","slug":"pese-a-intensos-frios-minimas-a-duras-penas-bajaron-de-un-grado-bajo-cero","status":"publish","type":"post","link":"https:\/\/eltrabajo.cl\/portal\/pese-a-intensos-frios-minimas-a-duras-penas-bajaron-de-un-grado-bajo-cero\/","title":{"rendered":"Pese a intensos fr\u00edos, m\u00ednimas a duras penas bajaron de un grado bajo cero"},"content":{"rendered":"<figure id=\"attachment_20388\" aria-describedby=\"caption-attachment-20388\" style=\"width: 600px\" class=\"wp-caption alignnone\"><a href=\"http:\/\/www.eltrabajo.cl\/portal\/2012\/07\/pese-a-intensos-frios-minimas-a-duras-penas-bajaron-de-un-grado-bajo-cero\/estacion-m\/\" rel=\"attachment wp-att-20388\"><img data-recalc-dims=\"1\" loading=\"lazy\" decoding=\"async\" class=\"size-full wp-image-20388\" title=\"Estacion M\" src=\"https:\/\/i0.wp.com\/www.eltrabajo.cl\/portal\/wp-content\/uploads\/2012\/07\/Estacion-M.jpg?resize=600%2C450\" alt=\"\" width=\"600\" height=\"450\" srcset=\"https:\/\/i0.wp.com\/eltrabajo.cl\/portal\/wp-content\/uploads\/2012\/07\/Estacion-M.jpg?w=600&amp;ssl=1 600w, https:\/\/i0.wp.com\/eltrabajo.cl\/portal\/wp-content\/uploads\/2012\/07\/Estacion-M.jpg?resize=200%2C150&amp;ssl=1 200w, https:\/\/i0.wp.com\/eltrabajo.cl\/portal\/wp-content\/uploads\/2012\/07\/Estacion-M.jpg?resize=300%2C225&amp;ssl=1 300w, https:\/\/i0.wp.com\/eltrabajo.cl\/portal\/wp-content\/uploads\/2012\/07\/Estacion-M.jpg?resize=150%2C112&amp;ssl=1 150w, https:\/\/i0.wp.com\/eltrabajo.cl\/portal\/wp-content\/uploads\/2012\/07\/Estacion-M.jpg?resize=400%2C300&amp;ssl=1 400w\" sizes=\"auto, (max-width: 600px) 100vw, 600px\" \/><\/a><figcaption id=\"caption-attachment-20388\" class=\"wp-caption-text\">Miguel Cuevas, encargado de la Estaci\u00f3n Metereol\u00f3gica ubicada en la Escuela Agr\u00edcola, descart\u00f3 peligros serios en los siguientes d\u00edas por el fr\u00edo.<\/figcaption><\/figure>\n<ul>\n<li><strong>Esta semana que se ha caracterizado por los fr\u00edos, term\u00f3metros descendieron a solo 1,1 grado bajo cero, muy por sobre los 5,3 bajo cero registrados el 2 de junio pasado.<\/strong><\/li>\n<\/ul>\n<p>Roberto Gonz\u00e1lez Short &#8211; rgonzalez@eltrabajo.cl<\/p>\n<p>Mientras que en Ucrania asciende a 122 la cifra de muertos por la ola de fr\u00edo en Europa, en Chile ya se registran catorce personas fallecidas por hipotermia en nuestro pa\u00eds en lo que va del a\u00f1o. Ante esta fr\u00eda realidad global, las alertas se disparan y el temor a que un invierno fuera de lo com\u00fan nos golpee en este 2012, no se hace esperar tambi\u00e9n en San Felipe.<\/p>\n<p>Con miras a encontrar respuestas con respaldo de profesionales, Diario El Trabajo habl\u00f3 con Miguel Cuevas, encargado de la Estaci\u00f3n Metereol\u00f3gica ubicada en la Escuela Agr\u00edcola.<\/p>\n<figure id=\"attachment_20389\" aria-describedby=\"caption-attachment-20389\" style=\"width: 300px\" class=\"wp-caption alignright\"><a href=\"http:\/\/www.eltrabajo.cl\/portal\/2012\/07\/pese-a-intensos-frios-minimas-a-duras-penas-bajaron-de-un-grado-bajo-cero\/estadisticas1\/\" rel=\"attachment wp-att-20389\"><img data-recalc-dims=\"1\" loading=\"lazy\" decoding=\"async\" class=\"size-medium wp-image-20389\" title=\"Estadisticas1\" src=\"https:\/\/i0.wp.com\/www.eltrabajo.cl\/portal\/wp-content\/uploads\/2012\/07\/Estadisticas1-300x225.jpg?resize=300%2C225\" alt=\"\" width=\"300\" height=\"225\" srcset=\"https:\/\/i0.wp.com\/eltrabajo.cl\/portal\/wp-content\/uploads\/2012\/07\/Estadisticas1.jpg?resize=300%2C225&amp;ssl=1 300w, https:\/\/i0.wp.com\/eltrabajo.cl\/portal\/wp-content\/uploads\/2012\/07\/Estadisticas1.jpg?resize=200%2C150&amp;ssl=1 200w, https:\/\/i0.wp.com\/eltrabajo.cl\/portal\/wp-content\/uploads\/2012\/07\/Estadisticas1.jpg?resize=150%2C112&amp;ssl=1 150w, https:\/\/i0.wp.com\/eltrabajo.cl\/portal\/wp-content\/uploads\/2012\/07\/Estadisticas1.jpg?resize=400%2C300&amp;ssl=1 400w, https:\/\/i0.wp.com\/eltrabajo.cl\/portal\/wp-content\/uploads\/2012\/07\/Estadisticas1.jpg?w=600&amp;ssl=1 600w\" sizes=\"auto, (max-width: 300px) 100vw, 300px\" \/><\/a><figcaption id=\"caption-attachment-20389\" class=\"wp-caption-text\">Seg\u00fan los meticulosos registros realizados en esta Estaci\u00f3n Metereol\u00f3gica, el invierno de este 2012 \u2018apenas empieza\u2019.<\/figcaption><\/figure>\n<p><strong>&#8211; Han muerto trece personas s\u00f3lo en estos d\u00edas de invierno, \u00bfqu\u00e9 podemos esperar?<\/strong><\/p>\n<p>&#8211; \u201cLo que pasa es que prevalece una postura alarmista de los medios de comunicaci\u00f3n, los sanfelipe\u00f1os desconocen las cifras que anualmente quedan registradas sobre las temperaturas de nuestra estaci\u00f3n. De acuerdo a nuestros registros, este invierno est\u00e1 mucho m\u00e1s c\u00e1lido que otros a\u00f1os\u201d.<\/p>\n<p><strong>&#8211; \u00bfQu\u00e9 cifras oficiales manejan ustedes en esta estaci\u00f3n en relaci\u00f3n a las temperaturas, pero en 2011?<\/strong><\/p>\n<p>&#8211; \u201cHasta el 24 de junio de 2011 se registraron 19 d\u00edas con temperaturas bajo cero, llegando hasta la m\u00e1s baja con -3,6 \u00ba, mientras en lo que vamos de este invierno, s\u00f3lo tenemos doce d\u00edas con temperaturas bajo cero y la m\u00e1s baja de este a\u00f1o hasta el 24 de junio, fue de -2,5\u00ba\u201d.<\/p>\n<p><strong>&#8211; \u00bfQu\u00e9 son las \u2018Horas Fr\u00edo\u2019 y qu\u00e9 cifras manejan ustedes de ellas?<\/strong><\/p>\n<p>&#8211; \u201cLas \u2018Horas Fr\u00edo\u2019 son las horas transcurridas con temperaturas que est\u00e1n por debajo de los 7\u00ba, esta es una aplicaci\u00f3n mundial, por ejemplo, en 2011 se registraron 688 Horas Fr\u00edo hasta junio 24, mientras que en 2012 tambi\u00e9n hasta junio 24, hubo apenas 412 Horas Fr\u00edo\u201d.<\/p>\n<p><strong>&#8211; \u00bfEntonces vamos mal con las \u2018Horas Fr\u00edo\u2019?<\/strong><\/p>\n<p>&#8211; \u201cNecesitamos m\u00e1s Horas Fr\u00edo, porque si no hay harto fr\u00edo, la fruta no se producir\u00e1 con el grado de calidad que siempre logran los agricultores\u201d.<\/p>\n<p><strong>&#8211; \u00bfCu\u00e1les medidas recomienda para enfrentar este invierno sin peligro?<\/strong><\/p>\n<p>&#8211; \u201cEn estos d\u00edas es muy f\u00e1cil resfriarse, lo que debemos hacer es no quitarnos los abrigos apenas empieza a calentar el sol por las ma\u00f1anas. Es mejor esperar una hora y luego hacerlo, quitarse las parcas paulatinamente\u201d.<\/p>\n<p>Seg\u00fan lo reportado por Cuevas, este invierno m\u00e1s bien \u2018nos queda debiendo\u2019 a lo que va del a\u00f1o.<\/p>\n<p>Las temperatura m\u00e1s baja registrada en lo que va del a\u00f1o, se\u00f1ala que la madrugada del 2 de junio la m\u00ednima baj\u00f3 a 2,5 bajo cero. Esta semana tambi\u00e9n el fr\u00edo ha impactado duramente nuestro valle, pero las m\u00ednimas no han estado tan bajas como pareciera, registr\u00e1ndose tanto 1,5\u00ba sobre cero el 1\u00ba de julio, y este jueves (ayer), la temperatura fue de 1,5 bajo cero.<\/p>\n<p>Seg\u00fan explic\u00f3 Cuevas, dependiendo de la humedad en el aire, la Sensaci\u00f3n T\u00e9rmica es lo que var\u00eda y es propiamente la cantidad de fr\u00edo que podemos sentir, la mejor soluci\u00f3n para no ser v\u00edctima de impactos directos del fr\u00edo, es el abrigarse lo m\u00e1s posible.<\/p>\n<p>&nbsp;<\/p>\n<p>&nbsp;<\/p>\n","protected":false},"excerpt":{"rendered":"<p>Esta semana que se ha caracterizado por los fr\u00edos, term\u00f3metros descendieron a solo 1,1 grado bajo cero, muy por sobre los 5,3 bajo cero registrados el 2 de junio pasado. Roberto Gonz\u00e1lez&#8230;<\/p>\n","protected":false},"author":482,"featured_media":20388,"comment_status":"open","ping_status":"closed","sticky":false,"template":"","format":"standard","meta":{"advanced_seo_description":"","jetpack_seo_html_title":"","jetpack_seo_noindex":false,"_jetpack_memberships_contains_paid_content":false,"footnotes":""},"categories":[1],"tags":[],"class_list":["post-20387","post","type-post","status-publish","format-standard","has-post-thumbnail","hentry","category-cronica"],"jetpack_featured_media_url":"https:\/\/i0.wp.com\/eltrabajo.cl\/portal\/wp-content\/uploads\/2012\/07\/Estacion-M.jpg?fit=600%2C450&ssl=1","jetpack_sharing_enabled":true,"jetpack_likes_enabled":true,"jetpack-related-posts":[],"_links":{"self":[{"href":"https:\/\/eltrabajo.cl\/portal\/wp-json\/wp\/v2\/posts\/20387","targetHints":{"allow":["GET"]}}],"collection":[{"href":"https:\/\/eltrabajo.cl\/portal\/wp-json\/wp\/v2\/posts"}],"about":[{"href":"https:\/\/eltrabajo.cl\/portal\/wp-json\/wp\/v2\/types\/post"}],"author":[{"embeddable":true,"href":"https:\/\/eltrabajo.cl\/portal\/wp-json\/wp\/v2\/users\/482"}],"replies":[{"embeddable":true,"href":"https:\/\/eltrabajo.cl\/portal\/wp-json\/wp\/v2\/comments?post=20387"}],"version-history":[{"count":0,"href":"https:\/\/eltrabajo.cl\/portal\/wp-json\/wp\/v2\/posts\/20387\/revisions"}],"wp:featuredmedia":[{"embeddable":true,"href":"https:\/\/eltrabajo.cl\/portal\/wp-json\/wp\/v2\/media\/20388"}],"wp:attachment":[{"href":"https:\/\/eltrabajo.cl\/portal\/wp-json\/wp\/v2\/media?parent=20387"}],"wp:term":[{"taxonomy":"category","embeddable":true,"href":"https:\/\/eltrabajo.cl\/portal\/wp-json\/wp\/v2\/categories?post=20387"},{"taxonomy":"post_tag","embeddable":true,"href":"https:\/\/eltrabajo.cl\/portal\/wp-json\/wp\/v2\/tags?post=20387"}],"curies":[{"name":"wp","href":"https:\/\/api.w.org\/{rel}","templated":true}]}}