{"id":20392,"date":"2012-07-06T10:09:02","date_gmt":"2012-07-06T14:09:02","guid":{"rendered":"http:\/\/www.eltrabajo.cl\/portal\/?p=20392"},"modified":"2012-07-06T10:09:02","modified_gmt":"2012-07-06T14:09:02","slug":"con-gran-contingente-de-carabineros-activan-plan-centauro-en-el-valle","status":"publish","type":"post","link":"https:\/\/eltrabajo.cl\/portal\/con-gran-contingente-de-carabineros-activan-plan-centauro-en-el-valle\/","title":{"rendered":"Con gran contingente de Carabineros activan Plan Centauro en el valle"},"content":{"rendered":"<figure id=\"attachment_20393\" aria-describedby=\"caption-attachment-20393\" style=\"width: 600px\" class=\"wp-caption alignnone\"><a href=\"http:\/\/www.eltrabajo.cl\/portal\/2012\/07\/con-gran-contingente-de-carabineros-activan-plan-centauro-en-el-valle\/plan-centauro\/\" rel=\"attachment wp-att-20393\"><img data-recalc-dims=\"1\" loading=\"lazy\" decoding=\"async\" class=\"size-full wp-image-20393\" title=\"Plan Centauro\" src=\"https:\/\/i0.wp.com\/www.eltrabajo.cl\/portal\/wp-content\/uploads\/2012\/07\/Plan-Centauro.jpg?resize=600%2C450\" alt=\"\" width=\"600\" height=\"450\" srcset=\"https:\/\/i0.wp.com\/eltrabajo.cl\/portal\/wp-content\/uploads\/2012\/07\/Plan-Centauro.jpg?w=600&amp;ssl=1 600w, https:\/\/i0.wp.com\/eltrabajo.cl\/portal\/wp-content\/uploads\/2012\/07\/Plan-Centauro.jpg?resize=200%2C150&amp;ssl=1 200w, https:\/\/i0.wp.com\/eltrabajo.cl\/portal\/wp-content\/uploads\/2012\/07\/Plan-Centauro.jpg?resize=300%2C225&amp;ssl=1 300w, https:\/\/i0.wp.com\/eltrabajo.cl\/portal\/wp-content\/uploads\/2012\/07\/Plan-Centauro.jpg?resize=150%2C112&amp;ssl=1 150w, https:\/\/i0.wp.com\/eltrabajo.cl\/portal\/wp-content\/uploads\/2012\/07\/Plan-Centauro.jpg?resize=400%2C300&amp;ssl=1 400w\" sizes=\"auto, (max-width: 600px) 100vw, 600px\" \/><\/a><figcaption id=\"caption-attachment-20393\" class=\"wp-caption-text\">El contingente de Carabineros se desplaz\u00f3 por distintos puntos de las comunas de San Felipe y Los Andes, activando el d\u00eda de ayer jueves el \u2018Plan Centauro\u2019 para combatir la delincuencia.<\/figcaption><\/figure>\n<p>Pablo Salinas Sald\u00edas &#8211; psalinas@eltrabajo.cl<\/p>\n<p>Cerca de treinta funcionarios policiales provenientes de la Regi\u00f3n Metropolitana, en cooperaci\u00f3n con Carabineros de San Felipe y Los Andes, dieron inicio al Plan Centauro el d\u00eda de ayer jueves, con la finalidad de resguardar la seguridad de la ciudadan\u00eda dado el alto n\u00famero de hechos delictuales donde se han visto afectado comerciantes y particulares en las \u00faltimas semanas.<\/p>\n<p>La idea de la instituci\u00f3n es focalizar la presencia de Carabineros en distintos puntos estrat\u00e9gicos, abarcando los sectores c\u00e9ntricos de las comunas y poblaciones donde registran domicilio algunos antisociales que han sido detenidos y puestos a disposici\u00f3n del Ministerio P\u00fablico.<\/p>\n<p>A partir de las 17:00 horas del d\u00eda de ayer jueves, los efectivos policiales a cargo del Subteniente \u00c1ngelo Acevedo circularon en diversas patrullas por diferentes rutas, realizando controles de identidad, \u00f3rdenes de detenci\u00f3n pendiente y controles vehiculares. Asimismo a partir de las 20:00 horas, el contingente se traslad\u00f3 hasta la comuna de Los Andes con los mismos objetivos de combatir la delincuencia ad portas de la llegada de un nuevo fin de semana.<\/p>\n<p>Por su parte el Mayor Marcelo Arancibia inform\u00f3 que a pesar de existir un d\u00e9ficit de dotaci\u00f3n de funcionarios policiales a nivel comunal y nacional, la idea es de alguna manera resguardar el orden p\u00fablico y no ocurran hechos delictuales.<\/p>\n<p>\u201cCarabineros de Chile a trav\u00e9s de la modalidad Plan Centauro en las comunas adyacentes, con la finalidad de prestar servicios policiales de envergadura a trav\u00e9s de esta secci\u00f3n, viene a cooperar en los servicios policiales por una tarde, lo que es la comuna de San Felipe y Los Andes con la finalidad de que exista una mayor presencia policial, una percepci\u00f3n de la ciudadan\u00eda del trabajo mancomunado con Carabineros, y sobretodo instalar controles vehiculares y de personas espec\u00edficamente en las poblaciones m\u00e1s conflictivas. La idea es que durante estas tres horas se vea este contingente policial, primero en la Villa 250 A\u00f1os, posteriormente la Villa Departamental, sector c\u00e9ntrico o sea los Carabineros van a hacer un recorrido completo de toda la comuna, focalizar este recurso humano donde ha existido alg\u00fan tipo de il\u00edcito, donde nosotros tenemos que verificar que no sigan ocurriendo\u201d, enfatiz\u00f3 el Comisario.<\/p>\n","protected":false},"excerpt":{"rendered":"<p>Pablo Salinas Sald\u00edas &#8211; psalinas@eltrabajo.cl Cerca de treinta funcionarios policiales provenientes de la Regi\u00f3n Metropolitana, en cooperaci\u00f3n con Carabineros de San Felipe y Los Andes, dieron inicio al Plan Centauro el d\u00eda&#8230;<\/p>\n","protected":false},"author":482,"featured_media":20393,"comment_status":"open","ping_status":"closed","sticky":false,"template":"","format":"standard","meta":{"advanced_seo_description":"","jetpack_seo_html_title":"","jetpack_seo_noindex":false,"_jetpack_memberships_contains_paid_content":false,"footnotes":""},"categories":[21],"tags":[],"class_list":["post-20392","post","type-post","status-publish","format-standard","has-post-thumbnail","hentry","category-policial"],"jetpack_featured_media_url":"https:\/\/i0.wp.com\/eltrabajo.cl\/portal\/wp-content\/uploads\/2012\/07\/Plan-Centauro.jpg?fit=600%2C450&ssl=1","jetpack_sharing_enabled":true,"jetpack_likes_enabled":true,"jetpack-related-posts":[],"_links":{"self":[{"href":"https:\/\/eltrabajo.cl\/portal\/wp-json\/wp\/v2\/posts\/20392","targetHints":{"allow":["GET"]}}],"collection":[{"href":"https:\/\/eltrabajo.cl\/portal\/wp-json\/wp\/v2\/posts"}],"about":[{"href":"https:\/\/eltrabajo.cl\/portal\/wp-json\/wp\/v2\/types\/post"}],"author":[{"embeddable":true,"href":"https:\/\/eltrabajo.cl\/portal\/wp-json\/wp\/v2\/users\/482"}],"replies":[{"embeddable":true,"href":"https:\/\/eltrabajo.cl\/portal\/wp-json\/wp\/v2\/comments?post=20392"}],"version-history":[{"count":0,"href":"https:\/\/eltrabajo.cl\/portal\/wp-json\/wp\/v2\/posts\/20392\/revisions"}],"wp:featuredmedia":[{"embeddable":true,"href":"https:\/\/eltrabajo.cl\/portal\/wp-json\/wp\/v2\/media\/20393"}],"wp:attachment":[{"href":"https:\/\/eltrabajo.cl\/portal\/wp-json\/wp\/v2\/media?parent=20392"}],"wp:term":[{"taxonomy":"category","embeddable":true,"href":"https:\/\/eltrabajo.cl\/portal\/wp-json\/wp\/v2\/categories?post=20392"},{"taxonomy":"post_tag","embeddable":true,"href":"https:\/\/eltrabajo.cl\/portal\/wp-json\/wp\/v2\/tags?post=20392"}],"curies":[{"name":"wp","href":"https:\/\/api.w.org\/{rel}","templated":true}]}}