{"id":20403,"date":"2012-07-06T10:19:48","date_gmt":"2012-07-06T14:19:48","guid":{"rendered":"http:\/\/www.eltrabajo.cl\/portal\/?p=20403"},"modified":"2012-07-06T10:27:19","modified_gmt":"2012-07-06T14:27:19","slug":"20403","status":"publish","type":"post","link":"https:\/\/eltrabajo.cl\/portal\/20403\/","title":{"rendered":"Ni\u00f1o envuelto en llamas casi muere tras explosi\u00f3n en Jard\u00edn Infantil"},"content":{"rendered":"<figure id=\"attachment_20404\" aria-describedby=\"caption-attachment-20404\" style=\"width: 600px\" class=\"wp-caption alignnone\"><a href=\"http:\/\/www.eltrabajo.cl\/portal\/2012\/07\/20403\/victima-y-quemaduras\/\" rel=\"attachment wp-att-20404\"><img data-recalc-dims=\"1\" loading=\"lazy\" decoding=\"async\" class=\"size-full wp-image-20404\" title=\"Victima y quemaduras\" src=\"https:\/\/i0.wp.com\/www.eltrabajo.cl\/portal\/wp-content\/uploads\/2012\/07\/Victima-y-quemaduras.jpg?resize=600%2C431\" alt=\"\" width=\"600\" height=\"431\" srcset=\"https:\/\/i0.wp.com\/eltrabajo.cl\/portal\/wp-content\/uploads\/2012\/07\/Victima-y-quemaduras.jpg?w=600&amp;ssl=1 600w, https:\/\/i0.wp.com\/eltrabajo.cl\/portal\/wp-content\/uploads\/2012\/07\/Victima-y-quemaduras.jpg?resize=200%2C143&amp;ssl=1 200w, https:\/\/i0.wp.com\/eltrabajo.cl\/portal\/wp-content\/uploads\/2012\/07\/Victima-y-quemaduras.jpg?resize=300%2C215&amp;ssl=1 300w, https:\/\/i0.wp.com\/eltrabajo.cl\/portal\/wp-content\/uploads\/2012\/07\/Victima-y-quemaduras.jpg?resize=150%2C107&amp;ssl=1 150w, https:\/\/i0.wp.com\/eltrabajo.cl\/portal\/wp-content\/uploads\/2012\/07\/Victima-y-quemaduras.jpg?resize=400%2C287&amp;ssl=1 400w\" sizes=\"auto, (max-width: 600px) 100vw, 600px\" \/><\/a><figcaption id=\"caption-attachment-20404\" class=\"wp-caption-text\">La t\u00eda de Vicente Parra, Daniela Urbina y la abuela de \u00e9l, Nancy Saavedra, cuidan del peque\u00f1o y aplican los cuidados que su estado amerita.<\/figcaption><\/figure>\n<ul>\n<li><strong>De no ser por el r\u00e1pido e intr\u00e9pido accionar de una valiente parvularia del Jard\u00edn Infantil Huipu-Peiki\u00f1n de Las Coimas, que le salv\u00f3 la vida a uno de los peque\u00f1os que estaba a su cuidado, hoy estar\u00edamos contando una desgarradora historia de muerte y dolor. Exclusiva de Diario El Trabajo.<\/strong><\/li>\n<\/ul>\n<p>Roberto Gonz\u00e1lez Short &#8211; rgonzalez@eltrabajo.cl<\/p>\n<p>ENVIADO ESPECIAL<\/p>\n<p><strong>PUTAENDO<\/strong>.- La escena no pudo ser m\u00e1s impactante que las mismas de una pel\u00edcula de acci\u00f3n. Un peque\u00f1o ni\u00f1o sali\u00f3 horrorizado y dando gritos al percatarse de que su cabello y ropa, ard\u00edan en llamas, mismas que tambi\u00e9n quemaron parte de su rostro y su orejita derecha. Lo m\u00e1s ins\u00f3lito de este macabro escenario, es que este grave accidente se pudo evitar pero no fue as\u00ed.<\/p>\n<figure id=\"attachment_20406\" aria-describedby=\"caption-attachment-20406\" style=\"width: 300px\" class=\"wp-caption alignright\"><a href=\"http:\/\/www.eltrabajo.cl\/portal\/2012\/07\/20403\/quemaduras1\/\" rel=\"attachment wp-att-20406\"><img data-recalc-dims=\"1\" loading=\"lazy\" decoding=\"async\" class=\"size-medium wp-image-20406\" title=\"Quemaduras1\" src=\"https:\/\/i0.wp.com\/www.eltrabajo.cl\/portal\/wp-content\/uploads\/2012\/07\/Quemaduras1-300x225.jpg?resize=300%2C225\" alt=\"\" width=\"300\" height=\"225\" srcset=\"https:\/\/i0.wp.com\/eltrabajo.cl\/portal\/wp-content\/uploads\/2012\/07\/Quemaduras1.jpg?resize=300%2C225&amp;ssl=1 300w, https:\/\/i0.wp.com\/eltrabajo.cl\/portal\/wp-content\/uploads\/2012\/07\/Quemaduras1.jpg?resize=200%2C150&amp;ssl=1 200w, https:\/\/i0.wp.com\/eltrabajo.cl\/portal\/wp-content\/uploads\/2012\/07\/Quemaduras1.jpg?resize=150%2C112&amp;ssl=1 150w, https:\/\/i0.wp.com\/eltrabajo.cl\/portal\/wp-content\/uploads\/2012\/07\/Quemaduras1.jpg?resize=400%2C300&amp;ssl=1 400w, https:\/\/i0.wp.com\/eltrabajo.cl\/portal\/wp-content\/uploads\/2012\/07\/Quemaduras1.jpg?w=600&amp;ssl=1 600w\" sizes=\"auto, (max-width: 300px) 100vw, 300px\" \/><\/a><figcaption id=\"caption-attachment-20406\" class=\"wp-caption-text\">\u00c9l es Vicente Parra Urbina, de dos a\u00f1os y once meses de vida, aunque sus quemaduras ya est\u00e1n controladas, hoy est\u00e1 vivo gracias a la parvularia que supo atender una crisis como toda una profesional.<\/figcaption><\/figure>\n<p>El inusual accidente ocurri\u00f3 en la Sala Cuna y Jard\u00edn Infantil Huipu-Peiki\u00f1n, ubicado en Las Coimas de Putaendo, cuando un enchufe de uso normal en dicho centro parvulario, se sobrecalent\u00f3 e hizo explosi\u00f3n, ocasionando que se prendiera fuego en la colchoneta donde descansaba un peque\u00f1ito de dos a\u00f1os y once meses, llamado Vicente Parra Urbina.<\/p>\n<p>\u201cA m\u00ed me llam\u00f3 la Directora del Jard\u00edn, Sandra Zamora, por tel\u00e9fono y me informaron que mi nieto Vicente hab\u00eda sufrido un accidente algo grave. Sandra me report\u00f3 que el ni\u00f1o se hab\u00eda quemado por una explosi\u00f3n que hubo al interior del Jard\u00edn (\u2026) cuando yo llegu\u00e9 al Centro de Urgencias del hospital de Putaendo, ya mi ni\u00f1o estaba siendo atendido\u201d, explic\u00f3 a Diario El Trabajo la abuela del peque\u00f1o Vicente, Nancy Saavedra.<\/p>\n<p>Seg\u00fan Saavedra, hace algunos d\u00edas ellos tuvieron conocimiento de un corto-circuito al interior del Huipu-Peiki\u00f1n, establecimiento que atiende a 34 peque\u00f1os.<\/p>\n<p>\u201cYo pienso que m\u00e1s que un \u2018accidente\u2019, eso fue una negligencia, porque ese enchufe ya estaba malo, presentaba desperfectos y hace unos d\u00edas hizo \u2018corte\u2019, nadie hab\u00eda atendido ese problema hasta que explot\u00f3\u201d, agreg\u00f3 Nancy.<\/p>\n<figure id=\"attachment_20407\" aria-describedby=\"caption-attachment-20407\" style=\"width: 300px\" class=\"wp-caption alignleft\"><a href=\"http:\/\/www.eltrabajo.cl\/portal\/2012\/07\/20403\/jardin1-2\/\" rel=\"attachment wp-att-20407\"><img data-recalc-dims=\"1\" loading=\"lazy\" decoding=\"async\" class=\"size-medium wp-image-20407\" title=\"Jardin1\" src=\"https:\/\/i0.wp.com\/www.eltrabajo.cl\/portal\/wp-content\/uploads\/2012\/07\/Jardin1-300x199.jpg?resize=300%2C199\" alt=\"\" width=\"300\" height=\"199\" srcset=\"https:\/\/i0.wp.com\/eltrabajo.cl\/portal\/wp-content\/uploads\/2012\/07\/Jardin1.jpg?resize=300%2C199&amp;ssl=1 300w, https:\/\/i0.wp.com\/eltrabajo.cl\/portal\/wp-content\/uploads\/2012\/07\/Jardin1.jpg?resize=200%2C132&amp;ssl=1 200w, https:\/\/i0.wp.com\/eltrabajo.cl\/portal\/wp-content\/uploads\/2012\/07\/Jardin1.jpg?resize=150%2C99&amp;ssl=1 150w, https:\/\/i0.wp.com\/eltrabajo.cl\/portal\/wp-content\/uploads\/2012\/07\/Jardin1.jpg?resize=400%2C265&amp;ssl=1 400w, https:\/\/i0.wp.com\/eltrabajo.cl\/portal\/wp-content\/uploads\/2012\/07\/Jardin1.jpg?w=600&amp;ssl=1 600w\" sizes=\"auto, (max-width: 300px) 100vw, 300px\" \/><\/a><figcaption id=\"caption-attachment-20407\" class=\"wp-caption-text\">Sala Cuna y Jard\u00edn Infantil Huipu-Peiki\u00f1n cerr\u00f3 sus puertas este jueves, a fin de que la Municipalidad reparara los da\u00f1os que casi ocasionan una muerte infantil este mi\u00e9rcoles.<\/figcaption><\/figure>\n<p><strong>HERO\u00cdNA EVIT\u00d3 LO PEOR<\/strong><\/p>\n<p>Pero no todo fue lamentable sobre este episodio ocurrido a las 13:00 horas de este mi\u00e9rcoles, pues \u201cfue Alejandra Gormaz, parvularia a cargo de dicha Sala Cuna, quien gracias a su mente clara, valent\u00eda y entrenamiento para casos como \u00e9ste, que logr\u00f3 socorrer a Vicente de las llamas. Primero lo apart\u00f3 r\u00e1pidamente de la colchoneta ardiente, puso al ni\u00f1o a girar sobre s\u00ed mismo y le quit\u00f3 su ropita, salv\u00e1ndole as\u00ed de quemaduras mayores\u201d, coment\u00f3 Sandra Zamora, la Directora de Huipu-Peiki\u00f1n.<\/p>\n<p>\u201cLa T\u00eda encargada de los ni\u00f1os, Alejandra Gormaz, fue la que atendi\u00f3 con mucha rapidez la emergencia. Ella le salv\u00f3 la vida a mi Vicente (\u2026) al ni\u00f1o se le estaba quemando su pelo y su ropa, ella actu\u00f3 con gran diligencia\u201d, confirm\u00f3 a Diario El Trabajo la abuela del infante.<\/p>\n<p><strong>EL DA\u00d1O YA ESTABA REPORTADO<\/strong><\/p>\n<p>Seg\u00fan el reporte que brind\u00f3 el Administrador Municipal de Putaendo, Patricio Gonz\u00e1lez, dos d\u00edas antes de la explosi\u00f3n, el personal de dicho establecimiento ya hab\u00eda reportado anomal\u00edas en las instalaciones el\u00e9ctricas del local parvulario.<\/p>\n<p><strong>&#8211; \u00bfC\u00f3mo est\u00e1 manejando el municipio este inusual caso?<\/strong><\/p>\n<p>&#8211; \u201cYo ped\u00ed un informe a la directora de ese establecimiento y tambi\u00e9n nuestro encargado el\u00e9ctrico, el mismo que se encarga del mantenimiento y reparaciones con el Municipio en los distintos sectores\u201d.<\/p>\n<p><strong>&#8211; \u00bfQu\u00e9 ocasion\u00f3 este accidente?<\/strong><\/p>\n<p>&#8211; \u201cLa verdad es que una de las primeras conclusiones a las que llegamos, es que efectivamente hubo un aumento de consumo, producto del uso de los calefactores del Jard\u00edn, esto habr\u00eda ocasionado que los cables dentro del conducto se sobrecalentaron, se prendieron fuego y llegaron hasta el enchufe, ocasionando una lamentable explosi\u00f3n\u201d.<\/p>\n<p><strong>&#8211; \u00bfC\u00f3mo se origin\u00f3 el fuego?<\/strong><\/p>\n<p>&#8211; \u201cAl momento de la explosi\u00f3n, alguna de las chispas provoc\u00f3 que una colchoneta prendiera fuego, algo que lamentamos profundamente. Uno de nuestros ni\u00f1os sali\u00f3 afectado levemente, yo estuve personalmente con la abuela del ni\u00f1o en Urgencias y gracias a Dios no fue grave\u201d.<\/p>\n<p>Hoy podemos terminar un reporte period\u00edstico con un \u2018final feliz\u2019, regularmente no pasa. Diario El Trabajo felicita p\u00fablicamente a la se\u00f1orita Alejandra Gormaz por su acci\u00f3n inmediata y actuar con claridad. Esto para que hoy el ni\u00f1o Vicente Parra est\u00e9 siendo atendido en su casa de habitaci\u00f3n por su t\u00eda Daniela Urbina y la abuela de \u00e9l, Nancy Saavedra. Su madre, mientras tanto, trabaja para sacar adelante al peque\u00f1o.<\/p>\n<p>&nbsp;<\/p>\n","protected":false},"excerpt":{"rendered":"<p>De no ser por el r\u00e1pido e intr\u00e9pido accionar de una valiente parvularia del Jard\u00edn Infantil Huipu-Peiki\u00f1n de Las Coimas, que le salv\u00f3 la vida a uno de los peque\u00f1os que estaba&#8230;<\/p>\n","protected":false},"author":482,"featured_media":20404,"comment_status":"open","ping_status":"closed","sticky":false,"template":"","format":"standard","meta":{"advanced_seo_description":"","jetpack_seo_html_title":"","jetpack_seo_noindex":false,"_jetpack_memberships_contains_paid_content":false,"footnotes":""},"categories":[21],"tags":[],"class_list":["post-20403","post","type-post","status-publish","format-standard","has-post-thumbnail","hentry","category-policial"],"jetpack_featured_media_url":"https:\/\/i0.wp.com\/eltrabajo.cl\/portal\/wp-content\/uploads\/2012\/07\/Victima-y-quemaduras.jpg?fit=600%2C431&ssl=1","jetpack_sharing_enabled":true,"jetpack_likes_enabled":true,"jetpack-related-posts":[],"_links":{"self":[{"href":"https:\/\/eltrabajo.cl\/portal\/wp-json\/wp\/v2\/posts\/20403","targetHints":{"allow":["GET"]}}],"collection":[{"href":"https:\/\/eltrabajo.cl\/portal\/wp-json\/wp\/v2\/posts"}],"about":[{"href":"https:\/\/eltrabajo.cl\/portal\/wp-json\/wp\/v2\/types\/post"}],"author":[{"embeddable":true,"href":"https:\/\/eltrabajo.cl\/portal\/wp-json\/wp\/v2\/users\/482"}],"replies":[{"embeddable":true,"href":"https:\/\/eltrabajo.cl\/portal\/wp-json\/wp\/v2\/comments?post=20403"}],"version-history":[{"count":0,"href":"https:\/\/eltrabajo.cl\/portal\/wp-json\/wp\/v2\/posts\/20403\/revisions"}],"wp:featuredmedia":[{"embeddable":true,"href":"https:\/\/eltrabajo.cl\/portal\/wp-json\/wp\/v2\/media\/20404"}],"wp:attachment":[{"href":"https:\/\/eltrabajo.cl\/portal\/wp-json\/wp\/v2\/media?parent=20403"}],"wp:term":[{"taxonomy":"category","embeddable":true,"href":"https:\/\/eltrabajo.cl\/portal\/wp-json\/wp\/v2\/categories?post=20403"},{"taxonomy":"post_tag","embeddable":true,"href":"https:\/\/eltrabajo.cl\/portal\/wp-json\/wp\/v2\/tags?post=20403"}],"curies":[{"name":"wp","href":"https:\/\/api.w.org\/{rel}","templated":true}]}}