{"id":20416,"date":"2012-07-09T09:40:52","date_gmt":"2012-07-09T13:40:52","guid":{"rendered":"http:\/\/www.eltrabajo.cl\/portal\/?p=20416"},"modified":"2012-07-09T09:40:52","modified_gmt":"2012-07-09T13:40:52","slug":"sigue-abierto-proceso-postulacion-para-profesionales-a-la-pdi","status":"publish","type":"post","link":"https:\/\/eltrabajo.cl\/portal\/sigue-abierto-proceso-postulacion-para-profesionales-a-la-pdi\/","title":{"rendered":"Sigue abierto proceso postulaci\u00f3n para profesionales a la PDI"},"content":{"rendered":"<p>Desde el tres y hasta el 27 de julio, la Polic\u00eda de Investigaciones mantendr\u00e1 abierto el per\u00edodo de postulaci\u00f3n para el programa de Oficiales Policiales Profesionales.<\/p>\n<figure id=\"attachment_20417\" aria-describedby=\"caption-attachment-20417\" style=\"width: 263px\" class=\"wp-caption alignleft\"><a href=\"http:\/\/www.eltrabajo.cl\/portal\/2012\/07\/sigue-abierto-proceso-postulacion-para-profesionales-a-la-pdi\/ivan-lopez-3\/\" rel=\"attachment wp-att-20417\"><img data-recalc-dims=\"1\" loading=\"lazy\" decoding=\"async\" class=\"size-medium wp-image-20417\" title=\"Ivan Lopez\" src=\"https:\/\/i0.wp.com\/www.eltrabajo.cl\/portal\/wp-content\/uploads\/2012\/07\/Ivan-Lopez-263x300.jpg?resize=263%2C300\" alt=\"\" width=\"263\" height=\"300\" srcset=\"https:\/\/i0.wp.com\/eltrabajo.cl\/portal\/wp-content\/uploads\/2012\/07\/Ivan-Lopez.jpg?resize=263%2C300&amp;ssl=1 263w, https:\/\/i0.wp.com\/eltrabajo.cl\/portal\/wp-content\/uploads\/2012\/07\/Ivan-Lopez.jpg?resize=131%2C150&amp;ssl=1 131w, https:\/\/i0.wp.com\/eltrabajo.cl\/portal\/wp-content\/uploads\/2012\/07\/Ivan-Lopez.jpg?resize=400%2C454&amp;ssl=1 400w, https:\/\/i0.wp.com\/eltrabajo.cl\/portal\/wp-content\/uploads\/2012\/07\/Ivan-Lopez.jpg?w=600&amp;ssl=1 600w\" sizes=\"auto, (max-width: 263px) 100vw, 263px\" \/><\/a><figcaption id=\"caption-attachment-20417\" class=\"wp-caption-text\">Subprefecto PDI Iv\u00e1n L\u00f3pez.<\/figcaption><\/figure>\n<p>Se trata de una iniciativa que comenz\u00f3 hace varios a\u00f1os atr\u00e1s, y que este a\u00f1o cuenta con 200 cupos, los que ser\u00e1n llenados con los postulantes que sean seleccionados en un proceso que consta de varias etapas.<\/p>\n<p>\u201cEsto est\u00e1 destinado para personas que son profesionales, que tienen una carrera universitaria o de instituto profesional de a lo menos de 4 a\u00f1os, y para poder inscribirse tienen que ser chilenos, cumplir requisitos b\u00e1sicos y no m\u00e1s all\u00e1 de 35 a\u00f1os, se sugiere, pero igual puede postular gente y principalmente tiene que tener el T\u00edtulo, no puede postular alguien que no tenga T\u00edtulo en mano o certificado de T\u00edtulo\u201d, se\u00f1al\u00f3 el Subprefecto Iv\u00e1n L\u00f3pez.<\/p>\n<p>El primer examen corresponde al 4 de agosto, el que se rinde en la ciudad de Santiago y corresponde a un test de conocimientos de la Ley Org\u00e1nica de la Polic\u00eda de Investigaciones, Cultural General, Constituci\u00f3n Pol\u00edtica del Estado, entre otros temas.<\/p>\n<p>En la Unidad de San Felipe se han presentado varios interesados en participar en el proceso de postulaci\u00f3n, quienes deben comprar una clave que tiene un valor de 25 mil pesos.<\/p>\n<p>\u201cTiene un plazo de un mes para ingresar los antecedentes que ah\u00ed se exigen y principalmente, tiene que dar los ex\u00e1menes escritos, m\u00e9dicos, f\u00edsicos y la investigaci\u00f3n que se hace del alumno\u201d, dijo L\u00f3pez. Los postulantes que sean seleccionados, deben cursar un a\u00f1o de estudios en la Escuela de Investigaciones, tiempo durante el cual se les paga sueldo, el que una vez que egresan aumenta de acuerdo al grado que obtienen, m\u00e1s el reconocimiento de T\u00edtulo.<\/p>\n<p>\u201cEn un a\u00f1o ellos est\u00e1n trabajando, el tema que pasan ellos por la Escuela es externo, que no es igual que los de l\u00ednea que est\u00e1n 3 a\u00f1os internos, hago un llamado a la gente que se interese, es muy buena la expectativa, en cuanto al trabajo, la salud, la previsi\u00f3n que tenemos nosotros es distinta al com\u00fan de la gente\u201d, indic\u00f3 el Subprefecto. Luego de ese a\u00f1o los seleccionados son destinados a distintas unidades, de acuerdo a las necesidades propias de la instituci\u00f3n.<\/p>\n<p>&nbsp;<\/p>\n","protected":false},"excerpt":{"rendered":"<p>Desde el tres y hasta el 27 de julio, la Polic\u00eda de Investigaciones mantendr\u00e1 abierto el per\u00edodo de postulaci\u00f3n para el programa de Oficiales Policiales Profesionales. Se trata de una iniciativa que&#8230;<\/p>\n","protected":false},"author":482,"featured_media":20417,"comment_status":"open","ping_status":"closed","sticky":false,"template":"","format":"standard","meta":{"advanced_seo_description":"","jetpack_seo_html_title":"","jetpack_seo_noindex":false,"_jetpack_memberships_contains_paid_content":false,"footnotes":""},"categories":[1],"tags":[],"class_list":["post-20416","post","type-post","status-publish","format-standard","has-post-thumbnail","hentry","category-cronica"],"jetpack_featured_media_url":"https:\/\/i0.wp.com\/eltrabajo.cl\/portal\/wp-content\/uploads\/2012\/07\/Ivan-Lopez.jpg?fit=600%2C682&ssl=1","jetpack_sharing_enabled":true,"jetpack_likes_enabled":true,"jetpack-related-posts":[],"_links":{"self":[{"href":"https:\/\/eltrabajo.cl\/portal\/wp-json\/wp\/v2\/posts\/20416","targetHints":{"allow":["GET"]}}],"collection":[{"href":"https:\/\/eltrabajo.cl\/portal\/wp-json\/wp\/v2\/posts"}],"about":[{"href":"https:\/\/eltrabajo.cl\/portal\/wp-json\/wp\/v2\/types\/post"}],"author":[{"embeddable":true,"href":"https:\/\/eltrabajo.cl\/portal\/wp-json\/wp\/v2\/users\/482"}],"replies":[{"embeddable":true,"href":"https:\/\/eltrabajo.cl\/portal\/wp-json\/wp\/v2\/comments?post=20416"}],"version-history":[{"count":0,"href":"https:\/\/eltrabajo.cl\/portal\/wp-json\/wp\/v2\/posts\/20416\/revisions"}],"wp:featuredmedia":[{"embeddable":true,"href":"https:\/\/eltrabajo.cl\/portal\/wp-json\/wp\/v2\/media\/20417"}],"wp:attachment":[{"href":"https:\/\/eltrabajo.cl\/portal\/wp-json\/wp\/v2\/media?parent=20416"}],"wp:term":[{"taxonomy":"category","embeddable":true,"href":"https:\/\/eltrabajo.cl\/portal\/wp-json\/wp\/v2\/categories?post=20416"},{"taxonomy":"post_tag","embeddable":true,"href":"https:\/\/eltrabajo.cl\/portal\/wp-json\/wp\/v2\/tags?post=20416"}],"curies":[{"name":"wp","href":"https:\/\/api.w.org\/{rel}","templated":true}]}}