{"id":20420,"date":"2012-07-09T09:42:19","date_gmt":"2012-07-09T13:42:19","guid":{"rendered":"http:\/\/www.eltrabajo.cl\/portal\/?p=20420"},"modified":"2012-07-09T09:42:19","modified_gmt":"2012-07-09T13:42:19","slug":"orquesta-juvenil-de-santa-maria-en-encuentro-musical-en-la-utfsm","status":"publish","type":"post","link":"https:\/\/eltrabajo.cl\/portal\/orquesta-juvenil-de-santa-maria-en-encuentro-musical-en-la-utfsm\/","title":{"rendered":"Orquesta Juvenil de Santa Mar\u00eda en encuentro musical en la UTFSM"},"content":{"rendered":"<figure id=\"attachment_20421\" aria-describedby=\"caption-attachment-20421\" style=\"width: 600px\" class=\"wp-caption alignnone\"><a href=\"http:\/\/www.eltrabajo.cl\/portal\/2012\/07\/orquesta-juvenil-de-santa-maria-en-encuentro-musical-en-la-utfsm\/orquesta1\/\" rel=\"attachment wp-att-20421\"><img data-recalc-dims=\"1\" loading=\"lazy\" decoding=\"async\" class=\"size-full wp-image-20421\" title=\"Orquesta1\" src=\"https:\/\/i0.wp.com\/www.eltrabajo.cl\/portal\/wp-content\/uploads\/2012\/07\/Orquesta1.jpg?resize=600%2C232\" alt=\"\" width=\"600\" height=\"232\" srcset=\"https:\/\/i0.wp.com\/eltrabajo.cl\/portal\/wp-content\/uploads\/2012\/07\/Orquesta1.jpg?w=600&amp;ssl=1 600w, https:\/\/i0.wp.com\/eltrabajo.cl\/portal\/wp-content\/uploads\/2012\/07\/Orquesta1.jpg?resize=200%2C77&amp;ssl=1 200w, https:\/\/i0.wp.com\/eltrabajo.cl\/portal\/wp-content\/uploads\/2012\/07\/Orquesta1.jpg?resize=300%2C116&amp;ssl=1 300w, https:\/\/i0.wp.com\/eltrabajo.cl\/portal\/wp-content\/uploads\/2012\/07\/Orquesta1.jpg?resize=150%2C58&amp;ssl=1 150w, https:\/\/i0.wp.com\/eltrabajo.cl\/portal\/wp-content\/uploads\/2012\/07\/Orquesta1.jpg?resize=400%2C154&amp;ssl=1 400w\" sizes=\"auto, (max-width: 600px) 100vw, 600px\" \/><\/a><figcaption id=\"caption-attachment-20421\" class=\"wp-caption-text\">El repertorio que entreg\u00f3 dicha orquesta, incluy\u00f3 obras con solistas en viol\u00edn, viola, cello y contrabajo.<\/figcaption><\/figure>\n<p><strong>SANTA MAR\u00cdA<\/strong>.- Los Integrantes de\u00a0la Orquesta\u00a0Juvenil\u00a0de Santa Mar\u00eda, participaron el pasado jueves en el \u2018I\u00ba Encuentro de Orquestas de\u00a0la Universidad\u00a0T\u00e9cnica Federico Santa Mar\u00eda\u2019, instancia que los reuni\u00f3 con otras cuatro orquestas del pa\u00eds. El repertorio que entreg\u00f3 dicha orquesta, incluy\u00f3 obras con solistas en viol\u00edn, viola, cello y contrabajo; y seg\u00fan el encargado de cultura de la Municipalidad de Santa Mar\u00eda Sergio Rojas, result\u00f3 de muy buen nivel y recibi\u00f3 una muy favorable cr\u00edtica de parte de los\u00a0m\u00fasicos que participaron del evento.<\/p>\n<p>\u201cQuisi\u00e9ramos hacer notar lo importante que es para nuestra orquesta, el participar en estos eventos, donde los ni\u00f1os de Santa Mar\u00eda pueden compartir musicalmente con integrantes de otras orquestas, en particular, con m\u00fasicos de mayor nivel t\u00e9cnico, ya que para ellos estas orquestas son el norte, el objetivo a lograr\u201d, destac\u00f3 Rojas.<\/p>\n<p>El concierto finaliz\u00f3 con la participaci\u00f3n de todas las orquestas participantes interpretando los temas como \u2018Todos Juntos\u2019 y\u00a0 \u2018La Tempestad\u2019. Momento que fue catalogado por Sergio Rojas como \u201cparticularmente hermoso y gratificante, ver a nuestros m\u00fasicos tocando \u2018codo a codo\u2019 con m\u00fasicos de mayor edad y nivel t\u00e9cnico. Esto impresion\u00f3 a los espectadores\u201d, agreg\u00f3 Sergio Rojas.<\/p>\n<p>El Alcalde de la comuna, Claudio Zurita, manifest\u00f3 su satisfacci\u00f3n y orgullo por los avances mostrados por los ni\u00f1os, ni\u00f1as y j\u00f3venes que integran la Orquesta Juvenil de Santa Mar\u00eda. \u201cCuando comenzamos con este proyecto, pensamos en potenciar a todos \u2018nuestros talentos\u2019. Que lograran aprender t\u00e9cnicas y profesionalizarse, de manera gratuita, pues, los costos para estos estudios sabemos que son muy elevados. No quisimos que lo econ\u00f3mico fuera un impedimento. A nuestros estudiantes les entregamos sus instrumentos para que ellos los manejen y puedan practicar en sus casas. Adem\u00e1s, tenemos maestros de excelente calidad. Estamos impresionados por el nivel que han alcanzado nuestros m\u00fasicos, por lo que los instamos a que sigan aprendiendo y esperamos tener prontamente conciertos en nuestro propio Teatro Municipal\u201d, explic\u00f3 Zurita.<\/p>\n<p>&nbsp;<\/p>\n","protected":false},"excerpt":{"rendered":"<p>SANTA MAR\u00cdA.- Los Integrantes de\u00a0la Orquesta\u00a0Juvenil\u00a0de Santa Mar\u00eda, participaron el pasado jueves en el \u2018I\u00ba Encuentro de Orquestas de\u00a0la Universidad\u00a0T\u00e9cnica Federico Santa Mar\u00eda\u2019, instancia que los reuni\u00f3 con otras cuatro orquestas del&#8230;<\/p>\n","protected":false},"author":482,"featured_media":20421,"comment_status":"open","ping_status":"closed","sticky":false,"template":"","format":"standard","meta":{"advanced_seo_description":"","jetpack_seo_html_title":"","jetpack_seo_noindex":false,"_jetpack_memberships_contains_paid_content":false,"footnotes":""},"categories":[15],"tags":[],"class_list":["post-20420","post","type-post","status-publish","format-standard","has-post-thumbnail","hentry","category-comunidad"],"jetpack_featured_media_url":"https:\/\/i0.wp.com\/eltrabajo.cl\/portal\/wp-content\/uploads\/2012\/07\/Orquesta1.jpg?fit=600%2C232&ssl=1","jetpack_sharing_enabled":true,"jetpack_likes_enabled":true,"jetpack-related-posts":[],"_links":{"self":[{"href":"https:\/\/eltrabajo.cl\/portal\/wp-json\/wp\/v2\/posts\/20420","targetHints":{"allow":["GET"]}}],"collection":[{"href":"https:\/\/eltrabajo.cl\/portal\/wp-json\/wp\/v2\/posts"}],"about":[{"href":"https:\/\/eltrabajo.cl\/portal\/wp-json\/wp\/v2\/types\/post"}],"author":[{"embeddable":true,"href":"https:\/\/eltrabajo.cl\/portal\/wp-json\/wp\/v2\/users\/482"}],"replies":[{"embeddable":true,"href":"https:\/\/eltrabajo.cl\/portal\/wp-json\/wp\/v2\/comments?post=20420"}],"version-history":[{"count":0,"href":"https:\/\/eltrabajo.cl\/portal\/wp-json\/wp\/v2\/posts\/20420\/revisions"}],"wp:featuredmedia":[{"embeddable":true,"href":"https:\/\/eltrabajo.cl\/portal\/wp-json\/wp\/v2\/media\/20421"}],"wp:attachment":[{"href":"https:\/\/eltrabajo.cl\/portal\/wp-json\/wp\/v2\/media?parent=20420"}],"wp:term":[{"taxonomy":"category","embeddable":true,"href":"https:\/\/eltrabajo.cl\/portal\/wp-json\/wp\/v2\/categories?post=20420"},{"taxonomy":"post_tag","embeddable":true,"href":"https:\/\/eltrabajo.cl\/portal\/wp-json\/wp\/v2\/tags?post=20420"}],"curies":[{"name":"wp","href":"https:\/\/api.w.org\/{rel}","templated":true}]}}