{"id":20424,"date":"2012-07-09T09:45:03","date_gmt":"2012-07-09T13:45:03","guid":{"rendered":"http:\/\/www.eltrabajo.cl\/portal\/?p=20424"},"modified":"2012-07-09T09:45:03","modified_gmt":"2012-07-09T13:45:03","slug":"jornada-de-forestacion-realizan-en-plazoleta-de-calle-los-naranjos","status":"publish","type":"post","link":"https:\/\/eltrabajo.cl\/portal\/jornada-de-forestacion-realizan-en-plazoleta-de-calle-los-naranjos\/","title":{"rendered":"Jornada de forestaci\u00f3n realizan en plazoleta de Calle Los Naranjos"},"content":{"rendered":"<figure id=\"attachment_20425\" aria-describedby=\"caption-attachment-20425\" style=\"width: 600px\" class=\"wp-caption alignnone\"><a href=\"http:\/\/www.eltrabajo.cl\/portal\/2012\/07\/jornada-de-forestacion-realizan-en-plazoleta-de-calle-los-naranjos\/sony-dsc\/\" rel=\"attachment wp-att-20425\"><img data-recalc-dims=\"1\" loading=\"lazy\" decoding=\"async\" class=\"size-full wp-image-20425\" title=\"SONY DSC\" src=\"https:\/\/i0.wp.com\/www.eltrabajo.cl\/portal\/wp-content\/uploads\/2012\/07\/Arboles1.jpg?resize=600%2C386\" alt=\"\" width=\"600\" height=\"386\" srcset=\"https:\/\/i0.wp.com\/eltrabajo.cl\/portal\/wp-content\/uploads\/2012\/07\/Arboles1.jpg?w=600&amp;ssl=1 600w, https:\/\/i0.wp.com\/eltrabajo.cl\/portal\/wp-content\/uploads\/2012\/07\/Arboles1.jpg?resize=200%2C128&amp;ssl=1 200w, https:\/\/i0.wp.com\/eltrabajo.cl\/portal\/wp-content\/uploads\/2012\/07\/Arboles1.jpg?resize=300%2C193&amp;ssl=1 300w, https:\/\/i0.wp.com\/eltrabajo.cl\/portal\/wp-content\/uploads\/2012\/07\/Arboles1.jpg?resize=150%2C96&amp;ssl=1 150w, https:\/\/i0.wp.com\/eltrabajo.cl\/portal\/wp-content\/uploads\/2012\/07\/Arboles1.jpg?resize=400%2C257&amp;ssl=1 400w\" sizes=\"auto, (max-width: 600px) 100vw, 600px\" \/><\/a><figcaption id=\"caption-attachment-20425\" class=\"wp-caption-text\">Este fin de semana la Dipma y vecinos del lugar, realizaron una jornada de forestaci\u00f3n de la Plazoleta, ubicada en la Calle Los Naranjos de la Villa la Do\u00f1ita de San Felipe.<\/figcaption><\/figure>\n<p>Roberto Gonz\u00e1lez Short &#8211; rgonzalez@eltrabajo.cl<\/p>\n<p>Durante este pasado fin de semana se realiz\u00f3 una jornada de forestaci\u00f3n de la Plazoleta, ubicada en la Calle Los Naranjos de la Villa la Do\u00f1ita de esta ciudad, funcionarios municipales de la Direcci\u00f3n de Protecci\u00f3n y Medio Ambiente (Dipma) y del Ministerio de Seguridad P\u00fablica con el programa Barrio Residencial en Paz; m\u00e1s la cooperaci\u00f3n de j\u00f3venes del sector, realizaron la plantaci\u00f3n de 85 plantas, entre ellas 60 rosas; diez liquid\u00e1mbar; cuatro tuliperos; un patagua; un alcanfor; tres omb\u00fa, y cinco quillay.<\/p>\n<p>Este programa tambi\u00e9n forma parte del PMGM 2012, que comenz\u00f3 en la Plaza de Armas de San Felipe recientemente y que en el trimestre agosto-septiembre-octubre, va a llegar a todos los rincones de la comuna.<\/p>\n<p>Sobre la jornada, Nelson Leiva, funcionario de la Dipma, indic\u00f3 a Diario El Trabajo que \u201cHoy se realiz\u00f3 un muy buen trabajo con los j\u00f3venes estudiantes y vecinos del sector, un compromiso real con el Medio Ambiente, hago un llamado a las organizaciones sociales y a los particulares, para que decidan tener \u00e1rboles y tambi\u00e9n para que ingresen a la p\u00e1gina web sanfelipedeaconcagua punto cl y vean las especies disponibles que sirvan a las necesidades de los solicitantes\u201d, explic\u00f3 el funcionario municipal.<\/p>\n<p>Leiva recalc\u00f3 que este trabajo del PMGM, no cubre el damero central, el cual ser\u00e1 incorporado en un futuro\u00a0pr\u00f3ximo como proyecto que contenga especies arb\u00f3reas aptas para la ciudad.<\/p>\n<p>&nbsp;<\/p>\n","protected":false},"excerpt":{"rendered":"<p>Roberto Gonz\u00e1lez Short &#8211; rgonzalez@eltrabajo.cl Durante este pasado fin de semana se realiz\u00f3 una jornada de forestaci\u00f3n de la Plazoleta, ubicada en la Calle Los Naranjos de la Villa la Do\u00f1ita de&#8230;<\/p>\n","protected":false},"author":482,"featured_media":20425,"comment_status":"open","ping_status":"closed","sticky":false,"template":"","format":"standard","meta":{"advanced_seo_description":"","jetpack_seo_html_title":"","jetpack_seo_noindex":false,"_jetpack_memberships_contains_paid_content":false,"footnotes":""},"categories":[15],"tags":[],"class_list":["post-20424","post","type-post","status-publish","format-standard","has-post-thumbnail","hentry","category-comunidad"],"jetpack_featured_media_url":"https:\/\/i0.wp.com\/eltrabajo.cl\/portal\/wp-content\/uploads\/2012\/07\/Arboles1.jpg?fit=600%2C386&ssl=1","jetpack_sharing_enabled":true,"jetpack_likes_enabled":true,"jetpack-related-posts":[],"_links":{"self":[{"href":"https:\/\/eltrabajo.cl\/portal\/wp-json\/wp\/v2\/posts\/20424","targetHints":{"allow":["GET"]}}],"collection":[{"href":"https:\/\/eltrabajo.cl\/portal\/wp-json\/wp\/v2\/posts"}],"about":[{"href":"https:\/\/eltrabajo.cl\/portal\/wp-json\/wp\/v2\/types\/post"}],"author":[{"embeddable":true,"href":"https:\/\/eltrabajo.cl\/portal\/wp-json\/wp\/v2\/users\/482"}],"replies":[{"embeddable":true,"href":"https:\/\/eltrabajo.cl\/portal\/wp-json\/wp\/v2\/comments?post=20424"}],"version-history":[{"count":0,"href":"https:\/\/eltrabajo.cl\/portal\/wp-json\/wp\/v2\/posts\/20424\/revisions"}],"wp:featuredmedia":[{"embeddable":true,"href":"https:\/\/eltrabajo.cl\/portal\/wp-json\/wp\/v2\/media\/20425"}],"wp:attachment":[{"href":"https:\/\/eltrabajo.cl\/portal\/wp-json\/wp\/v2\/media?parent=20424"}],"wp:term":[{"taxonomy":"category","embeddable":true,"href":"https:\/\/eltrabajo.cl\/portal\/wp-json\/wp\/v2\/categories?post=20424"},{"taxonomy":"post_tag","embeddable":true,"href":"https:\/\/eltrabajo.cl\/portal\/wp-json\/wp\/v2\/tags?post=20424"}],"curies":[{"name":"wp","href":"https:\/\/api.w.org\/{rel}","templated":true}]}}