{"id":20428,"date":"2012-07-09T09:49:14","date_gmt":"2012-07-09T13:49:14","guid":{"rendered":"http:\/\/www.eltrabajo.cl\/portal\/?p=20428"},"modified":"2012-07-09T09:49:14","modified_gmt":"2012-07-09T13:49:14","slug":"diversas-instituciones-se-unieron-para-realizar-pintoresca-exposicion","status":"publish","type":"post","link":"https:\/\/eltrabajo.cl\/portal\/diversas-instituciones-se-unieron-para-realizar-pintoresca-exposicion\/","title":{"rendered":"Diversas instituciones se unieron para realizar pintoresca exposici\u00f3n"},"content":{"rendered":"<figure id=\"attachment_20430\" aria-describedby=\"caption-attachment-20430\" style=\"width: 600px\" class=\"wp-caption alignnone\"><a href=\"http:\/\/www.eltrabajo.cl\/portal\/2012\/07\/diversas-instituciones-se-unieron-para-realizar-pintoresca-exposicion\/actores1\/\" rel=\"attachment wp-att-20430\"><img data-recalc-dims=\"1\" loading=\"lazy\" decoding=\"async\" class=\"size-full wp-image-20430\" title=\"Actores1\" src=\"https:\/\/i0.wp.com\/www.eltrabajo.cl\/portal\/wp-content\/uploads\/2012\/07\/Actores1.jpg?resize=600%2C435\" alt=\"\" width=\"600\" height=\"435\" srcset=\"https:\/\/i0.wp.com\/eltrabajo.cl\/portal\/wp-content\/uploads\/2012\/07\/Actores1.jpg?w=600&amp;ssl=1 600w, https:\/\/i0.wp.com\/eltrabajo.cl\/portal\/wp-content\/uploads\/2012\/07\/Actores1.jpg?resize=200%2C145&amp;ssl=1 200w, https:\/\/i0.wp.com\/eltrabajo.cl\/portal\/wp-content\/uploads\/2012\/07\/Actores1.jpg?resize=300%2C217&amp;ssl=1 300w, https:\/\/i0.wp.com\/eltrabajo.cl\/portal\/wp-content\/uploads\/2012\/07\/Actores1.jpg?resize=150%2C108&amp;ssl=1 150w, https:\/\/i0.wp.com\/eltrabajo.cl\/portal\/wp-content\/uploads\/2012\/07\/Actores1.jpg?resize=400%2C290&amp;ssl=1 400w\" sizes=\"auto, (max-width: 600px) 100vw, 600px\" \/><\/a><figcaption id=\"caption-attachment-20430\" class=\"wp-caption-text\">Estas j\u00f3venes actores hicieron de las suyas y sorprendieron a muchos con sus personajes, ellos y ellas vistieron trajes \u2018de la \u00e9poca\u2019.<\/figcaption><\/figure>\n<p>Roberto Gonz\u00e1lez Short &#8211; rgonzalez@eltrabajo.cl<\/p>\n<p>Cientos de personas acudieron este jueves pasado a los patios y salones del Instituto Abd\u00f3n Cifuentes de San Felipe, con miras a echar una mirada al Ayer de nuestros abuelo, se trata de la exposici\u00f3n de Historia organizada por el Departamento de Historia de este centro educativo; la Sociedad de Historia de Aconcagua; la agrupaci\u00f3n para el rescate \u2018Mi Patrimonio\u2019; el Cuerpo de Bomberos de San Felipe y apoyada tambi\u00e9n por cientos de Apoderados.<\/p>\n<p>En esta jornada cultural, al menos unos 400 objetos de nuestro pasado estuvieron al alcance de todos aquellos que disfrutaron el montaje. Hubo adem\u00e1s varios bailes t\u00edpicos de Chile, tanto del Presente como los bailes y trajes de \u2018\u00c9poca\u2019, estos fueron lucidos por bellas jovencitas del mismo colegio y el Valet Folkl\u00f3rico Municipal.<\/p>\n<figure id=\"attachment_20431\" aria-describedby=\"caption-attachment-20431\" style=\"width: 300px\" class=\"wp-caption alignright\"><a href=\"http:\/\/www.eltrabajo.cl\/portal\/2012\/07\/diversas-instituciones-se-unieron-para-realizar-pintoresca-exposicion\/antiguedades1\/\" rel=\"attachment wp-att-20431\"><img data-recalc-dims=\"1\" loading=\"lazy\" decoding=\"async\" class=\"size-medium wp-image-20431\" title=\"Antiguedades1\" src=\"https:\/\/i0.wp.com\/www.eltrabajo.cl\/portal\/wp-content\/uploads\/2012\/07\/Antiguedades1-300x202.jpg?resize=300%2C202\" alt=\"\" width=\"300\" height=\"202\" srcset=\"https:\/\/i0.wp.com\/eltrabajo.cl\/portal\/wp-content\/uploads\/2012\/07\/Antiguedades1.jpg?resize=300%2C202&amp;ssl=1 300w, https:\/\/i0.wp.com\/eltrabajo.cl\/portal\/wp-content\/uploads\/2012\/07\/Antiguedades1.jpg?resize=200%2C135&amp;ssl=1 200w, https:\/\/i0.wp.com\/eltrabajo.cl\/portal\/wp-content\/uploads\/2012\/07\/Antiguedades1.jpg?resize=150%2C101&amp;ssl=1 150w, https:\/\/i0.wp.com\/eltrabajo.cl\/portal\/wp-content\/uploads\/2012\/07\/Antiguedades1.jpg?resize=400%2C270&amp;ssl=1 400w, https:\/\/i0.wp.com\/eltrabajo.cl\/portal\/wp-content\/uploads\/2012\/07\/Antiguedades1.jpg?w=600&amp;ssl=1 600w\" sizes=\"auto, (max-width: 300px) 100vw, 300px\" \/><\/a><figcaption id=\"caption-attachment-20431\" class=\"wp-caption-text\">Muchas antig\u00fcedades fueron exhibidas en esta jornada, estos peques la pasaron chancho tom\u00e1ndose fotos con sus celulares.<\/figcaption><\/figure>\n<p><strong>S\u00c9PTIMA EDICI\u00d3N<\/strong><\/p>\n<p>\u201cDesde hace siete a\u00f1os, el Departamento de Historia de nuestro colegio, decidi\u00f3 trabajar en el rescate de nuestro Patrimonio Hist\u00f3rico, tambi\u00e9n recibimos apoyo de varias instituciones como la Sociedad de Historia, Sergio Jara nos ha ayudado con fotograf\u00edas antiguas, as\u00ed como el destacado fot\u00f3grafo sanfelipe\u00f1o, Pedro Mu\u00f1oz y tambi\u00e9n los Bomberos de San Felipe\u201d, coment\u00f3 a Diario El Trabajo el Profesor de Historia del Abd\u00f3n Cifuentes, Jaime Sep\u00falveda.<\/p>\n<p>Seg\u00fan este amante de la Historia, con esta iniciativa ellos quieren dejar un mensaje bien claro a la actual generaci\u00f3n.<\/p>\n<p>\u201c\u2019El Pasado puede ser evidenciado en nuestro Presente\u2019, ese es el gran mensaje que queremos enviar a nuestros alumnos, reconocer que en este mismo espacio que estamos usando en nuestro colegio, alguna vez fueron otras las personas que estuvieron presente\u201d, explic\u00f3 Sep\u00falveda.<\/p>\n<figure id=\"attachment_20429\" aria-describedby=\"caption-attachment-20429\" style=\"width: 300px\" class=\"wp-caption alignleft\"><a href=\"http:\/\/www.eltrabajo.cl\/portal\/2012\/07\/diversas-instituciones-se-unieron-para-realizar-pintoresca-exposicion\/auto-antiguo\/\" rel=\"attachment wp-att-20429\"><img data-recalc-dims=\"1\" loading=\"lazy\" decoding=\"async\" class=\"size-medium wp-image-20429\" title=\"Auto antiguo\" src=\"https:\/\/i0.wp.com\/www.eltrabajo.cl\/portal\/wp-content\/uploads\/2012\/07\/Auto-antiguo-300x200.jpg?resize=300%2C200\" alt=\"\" width=\"300\" height=\"200\" srcset=\"https:\/\/i0.wp.com\/eltrabajo.cl\/portal\/wp-content\/uploads\/2012\/07\/Auto-antiguo.jpg?resize=300%2C200&amp;ssl=1 300w, https:\/\/i0.wp.com\/eltrabajo.cl\/portal\/wp-content\/uploads\/2012\/07\/Auto-antiguo.jpg?resize=200%2C133&amp;ssl=1 200w, https:\/\/i0.wp.com\/eltrabajo.cl\/portal\/wp-content\/uploads\/2012\/07\/Auto-antiguo.jpg?resize=150%2C100&amp;ssl=1 150w, https:\/\/i0.wp.com\/eltrabajo.cl\/portal\/wp-content\/uploads\/2012\/07\/Auto-antiguo.jpg?resize=400%2C267&amp;ssl=1 400w, https:\/\/i0.wp.com\/eltrabajo.cl\/portal\/wp-content\/uploads\/2012\/07\/Auto-antiguo.jpg?w=600&amp;ssl=1 600w\" sizes=\"auto, (max-width: 300px) 100vw, 300px\" \/><\/a><figcaption id=\"caption-attachment-20429\" class=\"wp-caption-text\">Hasta un auto antiguo pudieron apreciar los visitantes a la muestra hist\u00f3rica.<\/figcaption><\/figure>\n<p>\u201cLos pa\u00edses que no tienen Historia, est\u00e1n destinados a repetir sus errores del pasado, nosotros actuamos con el sentido de responsabilidad de rescatar nuestra Historia para el Presente\u201d, asegur\u00f3 este profesor sanfelipe\u00f1o.<\/p>\n<p>Seg\u00fan lo explicado por Jaime a Diario El Trabajo, esta clase de proyectos no se logran realizar con \u00e9xito, si no es porque todos colaboran en una misma direcci\u00f3n.<\/p>\n<p>\u201cColaboraron en esta actividad, la agrupaci\u00f3n para el rescate \u2018Mi Patrimonio\u2019; el Valet Folkl\u00f3rico Municipal; el Cuerpo de Bomberos; la Sociedad de Historia de Aconcagua, muchos padres y Apoderados, ellos nos han donado mucho material patrimonial de sus familias para este proyecto\u201d, coment\u00f3 Sep\u00falveda.<\/p>\n<p>Aparte de las monedas antiguas; el \u2018Libro de Oro\u2019 firmado por el Papa Juan Pablo Segundo y hasta un auto antiguo, los visitantes disfrutaron de un conferencia Gr\u00e1fico-hist\u00f3rica, a cargo de Pedro Mu\u00f1oz, Presidente de la agrupaci\u00f3n para el rescate \u2018Mi Patrimonio\u2019.<\/p>\n<p>Luego de un recorrido de casi cien a\u00f1os en pantalla gigante, Mu\u00f1oz habl\u00f3 con nuestro medio.<\/p>\n<p>\u201cNuestro Presente tambi\u00e9n es \u2018Patrimonio\u2019, no s\u00f3lo el Pasado, San Felipe tiene una deuda hist\u00f3rica con el rescate patrimonial, pues muchas im\u00e1genes que debieron conservar para que hoy las pudi\u00e9ramos ver, no se hizo, hubo iglesias que existieron y la gente ya no las recuerda\u201d, coment\u00f3 el experimentado fot\u00f3grafo.<\/p>\n","protected":false},"excerpt":{"rendered":"<p>Roberto Gonz\u00e1lez Short &#8211; rgonzalez@eltrabajo.cl Cientos de personas acudieron este jueves pasado a los patios y salones del Instituto Abd\u00f3n Cifuentes de San Felipe, con miras a echar una mirada al Ayer&#8230;<\/p>\n","protected":false},"author":482,"featured_media":20430,"comment_status":"open","ping_status":"closed","sticky":false,"template":"","format":"standard","meta":{"advanced_seo_description":"","jetpack_seo_html_title":"","jetpack_seo_noindex":false,"_jetpack_memberships_contains_paid_content":false,"footnotes":""},"categories":[15],"tags":[],"class_list":["post-20428","post","type-post","status-publish","format-standard","has-post-thumbnail","hentry","category-comunidad"],"jetpack_featured_media_url":"https:\/\/i0.wp.com\/eltrabajo.cl\/portal\/wp-content\/uploads\/2012\/07\/Actores1.jpg?fit=600%2C435&ssl=1","jetpack_sharing_enabled":true,"jetpack_likes_enabled":true,"jetpack-related-posts":[],"_links":{"self":[{"href":"https:\/\/eltrabajo.cl\/portal\/wp-json\/wp\/v2\/posts\/20428","targetHints":{"allow":["GET"]}}],"collection":[{"href":"https:\/\/eltrabajo.cl\/portal\/wp-json\/wp\/v2\/posts"}],"about":[{"href":"https:\/\/eltrabajo.cl\/portal\/wp-json\/wp\/v2\/types\/post"}],"author":[{"embeddable":true,"href":"https:\/\/eltrabajo.cl\/portal\/wp-json\/wp\/v2\/users\/482"}],"replies":[{"embeddable":true,"href":"https:\/\/eltrabajo.cl\/portal\/wp-json\/wp\/v2\/comments?post=20428"}],"version-history":[{"count":0,"href":"https:\/\/eltrabajo.cl\/portal\/wp-json\/wp\/v2\/posts\/20428\/revisions"}],"wp:featuredmedia":[{"embeddable":true,"href":"https:\/\/eltrabajo.cl\/portal\/wp-json\/wp\/v2\/media\/20430"}],"wp:attachment":[{"href":"https:\/\/eltrabajo.cl\/portal\/wp-json\/wp\/v2\/media?parent=20428"}],"wp:term":[{"taxonomy":"category","embeddable":true,"href":"https:\/\/eltrabajo.cl\/portal\/wp-json\/wp\/v2\/categories?post=20428"},{"taxonomy":"post_tag","embeddable":true,"href":"https:\/\/eltrabajo.cl\/portal\/wp-json\/wp\/v2\/tags?post=20428"}],"curies":[{"name":"wp","href":"https:\/\/api.w.org\/{rel}","templated":true}]}}