{"id":20434,"date":"2012-07-09T09:52:11","date_gmt":"2012-07-09T13:52:11","guid":{"rendered":"http:\/\/www.eltrabajo.cl\/portal\/?p=20434"},"modified":"2012-07-09T09:52:11","modified_gmt":"2012-07-09T13:52:11","slug":"cerca-de-600-putaendinos-se-congregaron-para-defender-el-agua","status":"publish","type":"post","link":"https:\/\/eltrabajo.cl\/portal\/cerca-de-600-putaendinos-se-congregaron-para-defender-el-agua\/","title":{"rendered":"Cerca de 600 putaendinos se congregaron para defender el agua"},"content":{"rendered":"<figure id=\"attachment_20436\" aria-describedby=\"caption-attachment-20436\" style=\"width: 600px\" class=\"wp-caption alignnone\"><a href=\"http:\/\/www.eltrabajo.cl\/portal\/2012\/07\/cerca-de-600-putaendinos-se-congregaron-para-defender-el-agua\/protestas-agua1\/\" rel=\"attachment wp-att-20436\"><img data-recalc-dims=\"1\" loading=\"lazy\" decoding=\"async\" class=\"size-full wp-image-20436\" title=\"Protestas agua1\" src=\"https:\/\/i0.wp.com\/www.eltrabajo.cl\/portal\/wp-content\/uploads\/2012\/07\/Protestas-agua1.jpg?resize=600%2C450\" alt=\"\" width=\"600\" height=\"450\" srcset=\"https:\/\/i0.wp.com\/eltrabajo.cl\/portal\/wp-content\/uploads\/2012\/07\/Protestas-agua1.jpg?w=600&amp;ssl=1 600w, https:\/\/i0.wp.com\/eltrabajo.cl\/portal\/wp-content\/uploads\/2012\/07\/Protestas-agua1.jpg?resize=200%2C150&amp;ssl=1 200w, https:\/\/i0.wp.com\/eltrabajo.cl\/portal\/wp-content\/uploads\/2012\/07\/Protestas-agua1.jpg?resize=300%2C225&amp;ssl=1 300w, https:\/\/i0.wp.com\/eltrabajo.cl\/portal\/wp-content\/uploads\/2012\/07\/Protestas-agua1.jpg?resize=150%2C112&amp;ssl=1 150w, https:\/\/i0.wp.com\/eltrabajo.cl\/portal\/wp-content\/uploads\/2012\/07\/Protestas-agua1.jpg?resize=400%2C300&amp;ssl=1 400w\" sizes=\"auto, (max-width: 600px) 100vw, 600px\" \/><\/a><figcaption id=\"caption-attachment-20436\" class=\"wp-caption-text\">La tarde de este s\u00e1bado y se realiz\u00f3 el denominado acto art\u00edstico y cultural para defender el agua de la comuna, que fue entregada por la DGA a la Empresa Colb\u00fan.<\/figcaption><\/figure>\n<p><strong>PUTAENDO.<\/strong>&#8211; La tarde de este s\u00e1bado y tal como se hab\u00eda anunciado, se realiz\u00f3 el denominado acto art\u00edstico y cultural para defender el agua de la comuna que fue entregada por la DGA a la Empresa Colb\u00fan, donde cerca de 600 personas se dieron cita a tan importante manifestaci\u00f3n.<\/p>\n<p>Los organizadores ubicaron un peque\u00f1o escenario en el frontis de la parroquia, donde el grupo local \u2018Ecolatinos\u2019, fue el encargado de poner la m\u00fasica.<\/p>\n<figure id=\"attachment_20435\" aria-describedby=\"caption-attachment-20435\" style=\"width: 420px\" class=\"wp-caption alignright\"><a href=\"http:\/\/www.eltrabajo.cl\/portal\/2012\/07\/cerca-de-600-putaendinos-se-congregaron-para-defender-el-agua\/protestas-agua2\/\" rel=\"attachment wp-att-20435\"><img data-recalc-dims=\"1\" loading=\"lazy\" decoding=\"async\" class=\"size-full wp-image-20435 \" title=\"Protestas Agua2\" src=\"https:\/\/i0.wp.com\/www.eltrabajo.cl\/portal\/wp-content\/uploads\/2012\/07\/Protestas-Agua2.jpg?resize=420%2C315\" alt=\"\" width=\"420\" height=\"315\" srcset=\"https:\/\/i0.wp.com\/eltrabajo.cl\/portal\/wp-content\/uploads\/2012\/07\/Protestas-Agua2.jpg?w=600&amp;ssl=1 600w, https:\/\/i0.wp.com\/eltrabajo.cl\/portal\/wp-content\/uploads\/2012\/07\/Protestas-Agua2.jpg?resize=200%2C150&amp;ssl=1 200w, https:\/\/i0.wp.com\/eltrabajo.cl\/portal\/wp-content\/uploads\/2012\/07\/Protestas-Agua2.jpg?resize=300%2C225&amp;ssl=1 300w, https:\/\/i0.wp.com\/eltrabajo.cl\/portal\/wp-content\/uploads\/2012\/07\/Protestas-Agua2.jpg?resize=150%2C112&amp;ssl=1 150w, https:\/\/i0.wp.com\/eltrabajo.cl\/portal\/wp-content\/uploads\/2012\/07\/Protestas-Agua2.jpg?resize=400%2C300&amp;ssl=1 400w\" sizes=\"auto, (max-width: 420px) 100vw, 420px\" \/><\/a><figcaption id=\"caption-attachment-20435\" class=\"wp-caption-text\">Aunque con m\u00e1s carisma de \u2018celebraci\u00f3n\u2019 que protesta, las m\u00e1s de 600 personas que participaron, pues lo hicieron con bailes y alegre m\u00fasica.<\/figcaption><\/figure>\n<p>Vecinos provenientes de distintos puntos de la comuna que llegaron en micros facilitadas por la Junta de Vigilancia del R\u00edo Putaendo, se congregaron en el acto que comenz\u00f3 pasadas las 16:30 horas y que m\u00e1s all\u00e1 de los n\u00fameros art\u00edsticos tuvo como protagonista el sentido com\u00fan que embargaba a todos los presentes en cuanto a exigir que los derechos de aguas entregados a Colb\u00fan sean anulados tras el grave error cometido por el Director Nacional de Aguas.<\/p>\n<p>El primero en hacer uso de la palabra fue el Presidente de la Junta de Vigilancia del R\u00edo Putaendo Miguel Vega, quien reiter\u00f3 el compromiso de su organizaci\u00f3n de defender los Derechos del agua a toda costa, agregando que siempre ha sido un problema de toda la comunidad y no de un grupo de regantes, siendo claro en manifestar que la Junta de Vigilancia del R\u00edo Putaendo no tuvo responsabilidad en la entrega de derechos de agua a Colb\u00fan, pues al igual que toda la comuna tambi\u00e9n fueron enga\u00f1ados por la DGA.<\/p>\n<p>Posteriormente, Guillermo Reyes, Alcalde de Putaendo, dijo que con este movimiento se daban por terminadas las negociaciones con los Mandos Medios del Gobierno, que no han sabido dar una respuesta clara y categ\u00f3rica, anticipando que el pr\u00f3ximo paso ser\u00e1 pedir la intervenci\u00f3n directa del Presidente de la Rep\u00fablica, donde destac\u00f3 la importancia que tuvieron los tres \u00faltimos Gobiernos de la Concertaci\u00f3n en la ejecuci\u00f3n del Embalse Chacrillas, teniendo tambi\u00e9n palabras para el Presidente Pi\u00f1era, quien seg\u00fan Reyes, en un momento dif\u00edcil como el terremoto del a\u00f1o 2010, finalmente liber\u00f3 los recursos para la ejecuci\u00f3n de la obra.<\/p>\n<p>Una opini\u00f3n diametralmente distinta tuvieron los dirigentes de la Organizaci\u00f3n de Defensa de los Derechos del Pueblo, encabezada por H\u00e9ctor Fuentealba y Vicente P\u00e9rez Rosales, este \u00faltimo consign\u00f3 que \u00abEsto parece m\u00e1s una celebraci\u00f3n que una protesta, y creemos que est\u00e1n confundiendo al pueblo, pues nos llaman a reunirnos para protestar, pero <strong>pareciera que estuvi\u00e9ramos celebrando la entrega del agua a la Empresa Colb\u00fan\u00bb, expres\u00f3 Fuentealba.<\/strong><\/p>\n<p><strong>Patricio Gallardo M.<\/strong><\/p>\n<p>&nbsp;<\/p>\n","protected":false},"excerpt":{"rendered":"<p>PUTAENDO.&#8211; La tarde de este s\u00e1bado y tal como se hab\u00eda anunciado, se realiz\u00f3 el denominado acto art\u00edstico y cultural para defender el agua de la comuna que fue entregada por la&#8230;<\/p>\n","protected":false},"author":482,"featured_media":20436,"comment_status":"open","ping_status":"closed","sticky":false,"template":"","format":"standard","meta":{"advanced_seo_description":"","jetpack_seo_html_title":"","jetpack_seo_noindex":false,"_jetpack_memberships_contains_paid_content":false,"footnotes":""},"categories":[15],"tags":[],"class_list":["post-20434","post","type-post","status-publish","format-standard","has-post-thumbnail","hentry","category-comunidad"],"jetpack_featured_media_url":"https:\/\/i0.wp.com\/eltrabajo.cl\/portal\/wp-content\/uploads\/2012\/07\/Protestas-agua1.jpg?fit=600%2C450&ssl=1","jetpack_sharing_enabled":true,"jetpack_likes_enabled":true,"jetpack-related-posts":[],"_links":{"self":[{"href":"https:\/\/eltrabajo.cl\/portal\/wp-json\/wp\/v2\/posts\/20434","targetHints":{"allow":["GET"]}}],"collection":[{"href":"https:\/\/eltrabajo.cl\/portal\/wp-json\/wp\/v2\/posts"}],"about":[{"href":"https:\/\/eltrabajo.cl\/portal\/wp-json\/wp\/v2\/types\/post"}],"author":[{"embeddable":true,"href":"https:\/\/eltrabajo.cl\/portal\/wp-json\/wp\/v2\/users\/482"}],"replies":[{"embeddable":true,"href":"https:\/\/eltrabajo.cl\/portal\/wp-json\/wp\/v2\/comments?post=20434"}],"version-history":[{"count":0,"href":"https:\/\/eltrabajo.cl\/portal\/wp-json\/wp\/v2\/posts\/20434\/revisions"}],"wp:featuredmedia":[{"embeddable":true,"href":"https:\/\/eltrabajo.cl\/portal\/wp-json\/wp\/v2\/media\/20436"}],"wp:attachment":[{"href":"https:\/\/eltrabajo.cl\/portal\/wp-json\/wp\/v2\/media?parent=20434"}],"wp:term":[{"taxonomy":"category","embeddable":true,"href":"https:\/\/eltrabajo.cl\/portal\/wp-json\/wp\/v2\/categories?post=20434"},{"taxonomy":"post_tag","embeddable":true,"href":"https:\/\/eltrabajo.cl\/portal\/wp-json\/wp\/v2\/tags?post=20434"}],"curies":[{"name":"wp","href":"https:\/\/api.w.org\/{rel}","templated":true}]}}