{"id":20440,"date":"2012-07-09T09:54:18","date_gmt":"2012-07-09T13:54:18","guid":{"rendered":"http:\/\/www.eltrabajo.cl\/portal\/?p=20440"},"modified":"2012-07-09T09:54:18","modified_gmt":"2012-07-09T13:54:18","slug":"mas-del-50-de-las-consultas-en-el-hospital-san-camilo-no-son-urgencia","status":"publish","type":"post","link":"https:\/\/eltrabajo.cl\/portal\/mas-del-50-de-las-consultas-en-el-hospital-san-camilo-no-son-urgencia\/","title":{"rendered":"M\u00e1s del 50% de las consultas en el Hospital San Camilo no son Urgencia"},"content":{"rendered":"<figure id=\"attachment_20441\" aria-describedby=\"caption-attachment-20441\" style=\"width: 600px\" class=\"wp-caption alignnone\"><a href=\"http:\/\/www.eltrabajo.cl\/portal\/2012\/07\/mas-del-50-de-las-consultas-en-el-hospital-san-camilo-no-son-urgencia\/urgencias1\/\" rel=\"attachment wp-att-20441\"><img data-recalc-dims=\"1\" loading=\"lazy\" decoding=\"async\" class=\"size-full wp-image-20441\" title=\"Urgencias1\" src=\"https:\/\/i0.wp.com\/www.eltrabajo.cl\/portal\/wp-content\/uploads\/2012\/07\/Urgencias1.jpg?resize=600%2C450\" alt=\"\" width=\"600\" height=\"450\" srcset=\"https:\/\/i0.wp.com\/eltrabajo.cl\/portal\/wp-content\/uploads\/2012\/07\/Urgencias1.jpg?w=600&amp;ssl=1 600w, https:\/\/i0.wp.com\/eltrabajo.cl\/portal\/wp-content\/uploads\/2012\/07\/Urgencias1.jpg?resize=200%2C150&amp;ssl=1 200w, https:\/\/i0.wp.com\/eltrabajo.cl\/portal\/wp-content\/uploads\/2012\/07\/Urgencias1.jpg?resize=300%2C225&amp;ssl=1 300w, https:\/\/i0.wp.com\/eltrabajo.cl\/portal\/wp-content\/uploads\/2012\/07\/Urgencias1.jpg?resize=150%2C112&amp;ssl=1 150w, https:\/\/i0.wp.com\/eltrabajo.cl\/portal\/wp-content\/uploads\/2012\/07\/Urgencias1.jpg?resize=400%2C300&amp;ssl=1 400w\" sizes=\"auto, (max-width: 600px) 100vw, 600px\" \/><\/a><figcaption id=\"caption-attachment-20441\" class=\"wp-caption-text\">Profesionales deben atender diariamente cientos de consultas que no revisten car\u00e1cter de gravedad, lo que hace m\u00e1s lento el sistema para aquellos usuarios que s\u00ed requieren la atenci\u00f3n de un especialista.<\/figcaption><\/figure>\n<p>Con un llamado a utilizar correctamente el Servicio de Urgencias, el Hospital San Camilo inform\u00f3 que las cifras de atenciones durante el mes de junio llegaron a las 6.378 visitas, en donde se aprecia claramente que el 52% de los visitantes fue categorizado como C4, es decir, eran pacientes que no requer\u00edan una atenci\u00f3n de urgencia inmediata. De la misma manera, un 47% fue categorizado como C3, lo que tampoco se considera de urgencia, sino de complejidad media, por lo que su atenci\u00f3n no requer\u00eda atenci\u00f3n inmediata.<\/p>\n<p>Quienes si se consideran de gravedad, son aquellas personas categorizadas como C2 o C1, ellos requieren evaluaci\u00f3n m\u00e9dica en el menor tiempo posible, y para lo cual est\u00e1 preparado el personal. Sin embargo, estos casos en el pasado mes de junio s\u00f3lo llegaron al 2% de la poblaci\u00f3n.<\/p>\n<p>\u201cEstas cifras nos demuestran que la poblaci\u00f3n debe utilizar en forma m\u00e1s eficiente los Servicios de Urgencia, concurriendo a los Sapus en aquellos casos menos graves, de manera de no desgastar a los equipos de urgencia, pues los casos graves siempre est\u00e1n m\u00e1s tiempo en observaciones y requieren una mayor atenci\u00f3n, m\u00e1s procedimientos, ex\u00e1menes, etc, por lo tanto, todo el equipo est\u00e1 trabajando para ellos durante mucho m\u00e1s tiempo que los casos leves\u201d, se\u00f1al\u00f3 el Dr. Daniel \u00c1lvarez, Subdirector M\u00e9dico del Hospital San Camilo.<\/p>\n<p>Para todos los casos de menor gravedad, el facultativo record\u00f3 que junto con el uso de los Centro de Atenci\u00f3n Primaria como los Cesfam, el Ministerio ha dispuesto un sistema de atenci\u00f3n telef\u00f3nica denominado Salud Responde, al n\u00famero 600 360 77 77, en donde profesionales de la salud lo atender\u00e1n y lo guiar\u00e1n de acuerdo a sus necesidades, indic\u00e1ndoles si deben o no asistir a la Urgencia, pudiendo incluso evitar el salir de la casa.<\/p>\n<p>&nbsp;<\/p>\n","protected":false},"excerpt":{"rendered":"<p>Con un llamado a utilizar correctamente el Servicio de Urgencias, el Hospital San Camilo inform\u00f3 que las cifras de atenciones durante el mes de junio llegaron a las 6.378 visitas, en donde&#8230;<\/p>\n","protected":false},"author":482,"featured_media":20441,"comment_status":"open","ping_status":"closed","sticky":false,"template":"","format":"standard","meta":{"advanced_seo_description":"","jetpack_seo_html_title":"","jetpack_seo_noindex":false,"_jetpack_memberships_contains_paid_content":false,"footnotes":""},"categories":[1],"tags":[],"class_list":["post-20440","post","type-post","status-publish","format-standard","has-post-thumbnail","hentry","category-cronica"],"jetpack_featured_media_url":"https:\/\/i0.wp.com\/eltrabajo.cl\/portal\/wp-content\/uploads\/2012\/07\/Urgencias1.jpg?fit=600%2C450&ssl=1","jetpack_sharing_enabled":true,"jetpack_likes_enabled":true,"jetpack-related-posts":[],"_links":{"self":[{"href":"https:\/\/eltrabajo.cl\/portal\/wp-json\/wp\/v2\/posts\/20440","targetHints":{"allow":["GET"]}}],"collection":[{"href":"https:\/\/eltrabajo.cl\/portal\/wp-json\/wp\/v2\/posts"}],"about":[{"href":"https:\/\/eltrabajo.cl\/portal\/wp-json\/wp\/v2\/types\/post"}],"author":[{"embeddable":true,"href":"https:\/\/eltrabajo.cl\/portal\/wp-json\/wp\/v2\/users\/482"}],"replies":[{"embeddable":true,"href":"https:\/\/eltrabajo.cl\/portal\/wp-json\/wp\/v2\/comments?post=20440"}],"version-history":[{"count":0,"href":"https:\/\/eltrabajo.cl\/portal\/wp-json\/wp\/v2\/posts\/20440\/revisions"}],"wp:featuredmedia":[{"embeddable":true,"href":"https:\/\/eltrabajo.cl\/portal\/wp-json\/wp\/v2\/media\/20441"}],"wp:attachment":[{"href":"https:\/\/eltrabajo.cl\/portal\/wp-json\/wp\/v2\/media?parent=20440"}],"wp:term":[{"taxonomy":"category","embeddable":true,"href":"https:\/\/eltrabajo.cl\/portal\/wp-json\/wp\/v2\/categories?post=20440"},{"taxonomy":"post_tag","embeddable":true,"href":"https:\/\/eltrabajo.cl\/portal\/wp-json\/wp\/v2\/tags?post=20440"}],"curies":[{"name":"wp","href":"https:\/\/api.w.org\/{rel}","templated":true}]}}