{"id":20444,"date":"2012-07-09T09:55:34","date_gmt":"2012-07-09T13:55:34","guid":{"rendered":"http:\/\/www.eltrabajo.cl\/portal\/?p=20444"},"modified":"2012-07-09T09:55:34","modified_gmt":"2012-07-09T13:55:34","slug":"con-habilitacion-de-albergue-buscan-evitar-muertes-por-el-frio","status":"publish","type":"post","link":"https:\/\/eltrabajo.cl\/portal\/con-habilitacion-de-albergue-buscan-evitar-muertes-por-el-frio\/","title":{"rendered":"Con habilitaci\u00f3n de albergue, buscan evitar muertes por el fr\u00edo"},"content":{"rendered":"<figure id=\"attachment_20445\" aria-describedby=\"caption-attachment-20445\" style=\"width: 300px\" class=\"wp-caption alignleft\"><a href=\"http:\/\/www.eltrabajo.cl\/portal\/2012\/07\/con-habilitacion-de-albergue-buscan-evitar-muertes-por-el-frio\/boffa1-3\/\" rel=\"attachment wp-att-20445\"><img data-recalc-dims=\"1\" loading=\"lazy\" decoding=\"async\" class=\"size-medium wp-image-20445\" title=\"Boffa1\" src=\"https:\/\/i0.wp.com\/www.eltrabajo.cl\/portal\/wp-content\/uploads\/2012\/07\/Boffa1-300x225.jpg?resize=300%2C225\" alt=\"\" width=\"300\" height=\"225\" srcset=\"https:\/\/i0.wp.com\/eltrabajo.cl\/portal\/wp-content\/uploads\/2012\/07\/Boffa1.jpg?resize=300%2C225&amp;ssl=1 300w, https:\/\/i0.wp.com\/eltrabajo.cl\/portal\/wp-content\/uploads\/2012\/07\/Boffa1.jpg?resize=200%2C150&amp;ssl=1 200w, https:\/\/i0.wp.com\/eltrabajo.cl\/portal\/wp-content\/uploads\/2012\/07\/Boffa1.jpg?resize=150%2C112&amp;ssl=1 150w, https:\/\/i0.wp.com\/eltrabajo.cl\/portal\/wp-content\/uploads\/2012\/07\/Boffa1.jpg?resize=400%2C300&amp;ssl=1 400w, https:\/\/i0.wp.com\/eltrabajo.cl\/portal\/wp-content\/uploads\/2012\/07\/Boffa1.jpg?w=600&amp;ssl=1 600w\" sizes=\"auto, (max-width: 300px) 100vw, 300px\" \/><\/a><figcaption id=\"caption-attachment-20445\" class=\"wp-caption-text\">La Gobernadora Patricia Boffa se\u00f1al\u00f3 que quienes vean personas en situaci\u00f3n de calle, deben comunicarse con el celular para que sean trasladadas al albergue y evitar que las personas sean afectadas por las bajas temperaturas.<\/figcaption><\/figure>\n<p>Alrededor de 3,6 grados bajo cero, marcaron los term\u00f3metros a las seis de la ma\u00f1ana de este domingo, una condici\u00f3n clim\u00e1tica que se ha venido registrando desde hace ya algunos d\u00edas en que la Onda Polar ha afectado el Valle de Aconcagua. Ante esa situaci\u00f3n, la Gobernaci\u00f3n mantiene habilitado el albergue en la casa Buen Pastor, una iniciativa en el marco del programa Noche Digna, y que estar\u00e1 disponible para las personas que lo necesiten, hasta el 10 de septiembre pr\u00f3ximo.<\/p>\n<p>A esto se suma otro programa y que es la Ruta de Calle, una iniciativa que cuenta con recursos del Ministerio de Desarrollo Social y que es ejecutada por el Municipio de San Felipe.<\/p>\n<p><strong>CALOR HUMANO<\/strong><\/p>\n<p>Estas iniciativas han permitido mantener en buen estado a las alrededor de 40 personas que se mantienen en condici\u00f3n de calle, varias de las cuales no han aceptado trasladarse al albergue y contin\u00faan soportando las bajas temperaturas en condiciones bastante precarias y durmiendo en distintos sectores de la comuna a la intemperie.<\/p>\n<p>\u00abNosotros le entregamos a esta gente frazadas y comida caliente, a la gente que llega al albergue se les entrega comida, hay param\u00e9dicos que est\u00e1n esperando a esta gente para ver en qu\u00e9 situaci\u00f3n viene llegando al albergue, se le entrega un kit de aseo, con ducha caliente, un desayuno al otro d\u00eda tambi\u00e9n para que ellos puedan salir a trabajar o a hacer las labores que realizan todos los d\u00edas\u00bb, se\u00f1al\u00f3 la Gobernadora Patricia Boffa.<\/p>\n<p>Este es el segundo a\u00f1o que se realiza el programa, el que busca mejorar las condiciones de vida de las personas que viven en la calle y que durante esta fecha se hacen m\u00e1s complejas.<\/p>\n<p>Muchas de estas personas, sin embargo, no aceptan estas ayudas, porque no quieren cambiar su estilo de vida, y se niegan a trasladarse al albergue.<\/p>\n<p>Aunque la Gobernaci\u00f3n cuenta con un catastro de estas personas, la comunidad puede apoyar este trabajo llamando a un n\u00famero celular, en el caso de que vean personas durmiendo en la calle, ellos pueden llamar al 856 68 805, donde se contactan con Jacinta, la coordinadora del albergue.<\/p>\n<p>\u00abSe le manda a buscar a la persona, el municipio tiene veh\u00edculos del programa \u2018Ruta de Calle\u2019\u00bb, dijo la autoridad provincial.<\/p>\n<p>De hecho la persona que dorm\u00eda frente a la Segunda Comisar\u00eda de Carabineros y que gener\u00f3 preocupaci\u00f3n entre la comunidad, se encuentra durmiendo en el albergue habilitado y cuenta con los cuidados necesarios para evitar consecuencias negativas debido a las bajas temperaturas.<\/p>\n<p><strong>PRIMERA V\u00cdCTIMA<\/strong><\/p>\n<p>Sin embargo el fr\u00edo ya cobr\u00f3 una v\u00edctima durante la semana pasada en la comuna de San Felipe. Se trat\u00f3 de un hombre que falleci\u00f3 en el patio de su casa, el que, al parecer ten\u00eda problemas alcoh\u00f3licos, quien se qued\u00f3 dormido en ese sector de la vivienda muriendo de hipotermia debido a las bajas temperaturas que afectan a la zona desde la semana pasada.<\/p>\n<p>&nbsp;<\/p>\n","protected":false},"excerpt":{"rendered":"<p>Alrededor de 3,6 grados bajo cero, marcaron los term\u00f3metros a las seis de la ma\u00f1ana de este domingo, una condici\u00f3n clim\u00e1tica que se ha venido registrando desde hace ya algunos d\u00edas en&#8230;<\/p>\n","protected":false},"author":482,"featured_media":20445,"comment_status":"open","ping_status":"closed","sticky":false,"template":"","format":"standard","meta":{"advanced_seo_description":"","jetpack_seo_html_title":"","jetpack_seo_noindex":false,"_jetpack_memberships_contains_paid_content":false,"footnotes":""},"categories":[1],"tags":[],"class_list":["post-20444","post","type-post","status-publish","format-standard","has-post-thumbnail","hentry","category-cronica"],"jetpack_featured_media_url":"https:\/\/i0.wp.com\/eltrabajo.cl\/portal\/wp-content\/uploads\/2012\/07\/Boffa1.jpg?fit=600%2C451&ssl=1","jetpack_sharing_enabled":true,"jetpack_likes_enabled":true,"jetpack-related-posts":[],"_links":{"self":[{"href":"https:\/\/eltrabajo.cl\/portal\/wp-json\/wp\/v2\/posts\/20444","targetHints":{"allow":["GET"]}}],"collection":[{"href":"https:\/\/eltrabajo.cl\/portal\/wp-json\/wp\/v2\/posts"}],"about":[{"href":"https:\/\/eltrabajo.cl\/portal\/wp-json\/wp\/v2\/types\/post"}],"author":[{"embeddable":true,"href":"https:\/\/eltrabajo.cl\/portal\/wp-json\/wp\/v2\/users\/482"}],"replies":[{"embeddable":true,"href":"https:\/\/eltrabajo.cl\/portal\/wp-json\/wp\/v2\/comments?post=20444"}],"version-history":[{"count":0,"href":"https:\/\/eltrabajo.cl\/portal\/wp-json\/wp\/v2\/posts\/20444\/revisions"}],"wp:featuredmedia":[{"embeddable":true,"href":"https:\/\/eltrabajo.cl\/portal\/wp-json\/wp\/v2\/media\/20445"}],"wp:attachment":[{"href":"https:\/\/eltrabajo.cl\/portal\/wp-json\/wp\/v2\/media?parent=20444"}],"wp:term":[{"taxonomy":"category","embeddable":true,"href":"https:\/\/eltrabajo.cl\/portal\/wp-json\/wp\/v2\/categories?post=20444"},{"taxonomy":"post_tag","embeddable":true,"href":"https:\/\/eltrabajo.cl\/portal\/wp-json\/wp\/v2\/tags?post=20444"}],"curies":[{"name":"wp","href":"https:\/\/api.w.org\/{rel}","templated":true}]}}