{"id":20448,"date":"2012-07-09T09:57:04","date_gmt":"2012-07-09T13:57:04","guid":{"rendered":"http:\/\/www.eltrabajo.cl\/portal\/?p=20448"},"modified":"2012-07-09T09:57:04","modified_gmt":"2012-07-09T13:57:04","slug":"mas-de-cien-familias-beneficiadas-con-subsidio-habitacional","status":"publish","type":"post","link":"https:\/\/eltrabajo.cl\/portal\/mas-de-cien-familias-beneficiadas-con-subsidio-habitacional\/","title":{"rendered":"M\u00e1s de cien familias beneficiadas con Subsidio Habitacional"},"content":{"rendered":"<figure id=\"attachment_20449\" aria-describedby=\"caption-attachment-20449\" style=\"width: 600px\" class=\"wp-caption alignnone\"><a href=\"http:\/\/www.eltrabajo.cl\/portal\/2012\/07\/mas-de-cien-familias-beneficiadas-con-subsidio-habitacional\/familia1-9\/\" rel=\"attachment wp-att-20449\"><img data-recalc-dims=\"1\" loading=\"lazy\" decoding=\"async\" class=\"size-full wp-image-20449\" title=\"Familia1\" src=\"https:\/\/i0.wp.com\/www.eltrabajo.cl\/portal\/wp-content\/uploads\/2012\/07\/Familia1.jpg?resize=600%2C450\" alt=\"\" width=\"600\" height=\"450\" srcset=\"https:\/\/i0.wp.com\/eltrabajo.cl\/portal\/wp-content\/uploads\/2012\/07\/Familia1.jpg?w=600&amp;ssl=1 600w, https:\/\/i0.wp.com\/eltrabajo.cl\/portal\/wp-content\/uploads\/2012\/07\/Familia1.jpg?resize=200%2C150&amp;ssl=1 200w, https:\/\/i0.wp.com\/eltrabajo.cl\/portal\/wp-content\/uploads\/2012\/07\/Familia1.jpg?resize=300%2C225&amp;ssl=1 300w, https:\/\/i0.wp.com\/eltrabajo.cl\/portal\/wp-content\/uploads\/2012\/07\/Familia1.jpg?resize=150%2C112&amp;ssl=1 150w, https:\/\/i0.wp.com\/eltrabajo.cl\/portal\/wp-content\/uploads\/2012\/07\/Familia1.jpg?resize=400%2C300&amp;ssl=1 400w\" sizes=\"auto, (max-width: 600px) 100vw, 600px\" \/><\/a><figcaption id=\"caption-attachment-20449\" class=\"wp-caption-text\">Feliz junto a su familia se encontraba Danae, quien luego de vario a\u00f1os de tramitar, ve su sue\u00f1o de la casa propia hecho realidad.<\/figcaption><\/figure>\n<p>Unas 103 familias de la provincia de San Felipe, recibieron el Certificado de Subsidio Habitacional el viernes reci\u00e9n pasado, documento que diferencia a las familias que postularon a viviendas de hasta 1.000 UF., o entre 1.000 y 2.000 UF.<\/p>\n<p>Con este Certificado, las personas pueden salir a mirar en la zona alguna vivienda que les interese, dentro de la oferta que se est\u00e1 presentando en la provincia, para luego adquirir viviendas nuevas o usadas.<\/p>\n<p>\u201cPara aplicar el subsidio, se requiere una tasaci\u00f3n de la propiedad y el subsidio es una f\u00f3rmula matem\u00e1tica que se aplica sobre la tasaci\u00f3n y no sobre el valor que el propietario quiere vender. Las familias cuando tienen este subsidio, es porque acreditaron ante el Serviu al postular, que ten\u00edan alguna condici\u00f3n de endeudamiento; peque\u00f1o o hipotecario, que pudiera ser para las viviendas de mayor valor, por lo tanto ellos deciden en este minuto de entre lo que hay en el Mercado, lo que m\u00e1s les acomoda, cu\u00e1nto es lo que ellos podr\u00edan pedir en una entidad financiera\u201d, dijo la encargada provincial del Serviu, Mar\u00eda Alicia Galdames.<\/p>\n<p>Los beneficiados cuentan ahora con 21 meses para aplicar el Certificado y el tr\u00e1mite es bastante sencillo, se\u00f1al\u00f3 Galdames. En el caso del T\u00edtulo 1, las familias cuentan con una asesor\u00eda t\u00e9cnica; que tambi\u00e9n la paga el Serviu, para que les preparen los expedientes y los apoye en su adquisici\u00f3n.<\/p>\n<p>Para quienes a\u00fan no logran concretar el ahorro, en el a\u00f1o se presentar\u00e1n dos llamados m\u00e1s, en el tercer trimestre, uno de este mismo Decreto y otro que va a estar orientado a las familias vulnerables.<\/p>\n<p>Adem\u00e1s en el mes de julio, el Serviu postular\u00e1n a mil 500 familias m\u00e1s, que corresponden a postulaciones colectivas, donde existen 19 grupos.<\/p>\n<p><strong>SUE\u00d1O HECHO REALIDAD<\/strong><\/p>\n<p>Una de as personas beneficiadas fue Danae Caviedes, de la comuna de Santa Mar\u00eda. Danae se\u00f1al\u00f3 que esperaron muchos a\u00f1os por este beneficio y ahora es una tremenda noticia para toda la familia.<\/p>\n<p>\u201cEsperamos muchos a\u00f1os, mucho esfuerzo, un comit\u00e9 muy chiquitito en Santa Mar\u00eda y estamos esperando todos este momento, es muy feliz para nosotros, para nuestra familia, el esfuerzo que hemos hecho todos estos a\u00f1os lo vemos reflejado ahora\u201d, coment\u00f3 Caviedes.<\/p>\n<p>Danae formaba parte de un comit\u00e9 de 20 integrantes, por ello se les hizo m\u00e1s complejo el proceso, por ello el esfuerzo fue m\u00e1s grande, proceso que se vio afectado adem\u00e1s por el terremoto. Ahora esperan que a fin de a\u00f1o puedan contar con la vivienda para trasladarse a vivir con toda la familia.<\/p>\n<p>&nbsp;<\/p>\n","protected":false},"excerpt":{"rendered":"<p>Unas 103 familias de la provincia de San Felipe, recibieron el Certificado de Subsidio Habitacional el viernes reci\u00e9n pasado, documento que diferencia a las familias que postularon a viviendas de hasta 1.000&#8230;<\/p>\n","protected":false},"author":482,"featured_media":20449,"comment_status":"open","ping_status":"closed","sticky":false,"template":"","format":"standard","meta":{"advanced_seo_description":"","jetpack_seo_html_title":"","jetpack_seo_noindex":false,"_jetpack_memberships_contains_paid_content":false,"footnotes":""},"categories":[1],"tags":[],"class_list":["post-20448","post","type-post","status-publish","format-standard","has-post-thumbnail","hentry","category-cronica"],"jetpack_featured_media_url":"https:\/\/i0.wp.com\/eltrabajo.cl\/portal\/wp-content\/uploads\/2012\/07\/Familia1.jpg?fit=600%2C450&ssl=1","jetpack_sharing_enabled":true,"jetpack_likes_enabled":true,"jetpack-related-posts":[],"_links":{"self":[{"href":"https:\/\/eltrabajo.cl\/portal\/wp-json\/wp\/v2\/posts\/20448","targetHints":{"allow":["GET"]}}],"collection":[{"href":"https:\/\/eltrabajo.cl\/portal\/wp-json\/wp\/v2\/posts"}],"about":[{"href":"https:\/\/eltrabajo.cl\/portal\/wp-json\/wp\/v2\/types\/post"}],"author":[{"embeddable":true,"href":"https:\/\/eltrabajo.cl\/portal\/wp-json\/wp\/v2\/users\/482"}],"replies":[{"embeddable":true,"href":"https:\/\/eltrabajo.cl\/portal\/wp-json\/wp\/v2\/comments?post=20448"}],"version-history":[{"count":0,"href":"https:\/\/eltrabajo.cl\/portal\/wp-json\/wp\/v2\/posts\/20448\/revisions"}],"wp:featuredmedia":[{"embeddable":true,"href":"https:\/\/eltrabajo.cl\/portal\/wp-json\/wp\/v2\/media\/20449"}],"wp:attachment":[{"href":"https:\/\/eltrabajo.cl\/portal\/wp-json\/wp\/v2\/media?parent=20448"}],"wp:term":[{"taxonomy":"category","embeddable":true,"href":"https:\/\/eltrabajo.cl\/portal\/wp-json\/wp\/v2\/categories?post=20448"},{"taxonomy":"post_tag","embeddable":true,"href":"https:\/\/eltrabajo.cl\/portal\/wp-json\/wp\/v2\/tags?post=20448"}],"curies":[{"name":"wp","href":"https:\/\/api.w.org\/{rel}","templated":true}]}}