{"id":20460,"date":"2012-07-09T10:04:47","date_gmt":"2012-07-09T14:04:47","guid":{"rendered":"http:\/\/www.eltrabajo.cl\/portal\/?p=20460"},"modified":"2012-07-09T10:04:47","modified_gmt":"2012-07-09T14:04:47","slug":"piden-presidio-perpetuo-para-asesinos-de-pequena-katalina-cerda","status":"publish","type":"post","link":"https:\/\/eltrabajo.cl\/portal\/piden-presidio-perpetuo-para-asesinos-de-pequena-katalina-cerda\/","title":{"rendered":"Piden Presidio Perpetuo para asesinos de peque\u00f1a Katalina Cerda"},"content":{"rendered":"<figure id=\"attachment_20461\" aria-describedby=\"caption-attachment-20461\" style=\"width: 300px\" class=\"wp-caption alignleft\"><a href=\"http:\/\/www.eltrabajo.cl\/portal\/2012\/07\/piden-presidio-perpetuo-para-asesinos-de-pequena-katalina-cerda\/juicio1\/\" rel=\"attachment wp-att-20461\"><img data-recalc-dims=\"1\" loading=\"lazy\" decoding=\"async\" class=\"size-medium wp-image-20461\" title=\"Juicio1\" src=\"https:\/\/i0.wp.com\/www.eltrabajo.cl\/portal\/wp-content\/uploads\/2012\/07\/Juicio1-300x225.jpg?resize=300%2C225\" alt=\"\" width=\"300\" height=\"225\" srcset=\"https:\/\/i0.wp.com\/eltrabajo.cl\/portal\/wp-content\/uploads\/2012\/07\/Juicio1.jpg?resize=300%2C225&amp;ssl=1 300w, https:\/\/i0.wp.com\/eltrabajo.cl\/portal\/wp-content\/uploads\/2012\/07\/Juicio1.jpg?resize=200%2C150&amp;ssl=1 200w, https:\/\/i0.wp.com\/eltrabajo.cl\/portal\/wp-content\/uploads\/2012\/07\/Juicio1.jpg?resize=150%2C112&amp;ssl=1 150w, https:\/\/i0.wp.com\/eltrabajo.cl\/portal\/wp-content\/uploads\/2012\/07\/Juicio1.jpg?resize=400%2C300&amp;ssl=1 400w, https:\/\/i0.wp.com\/eltrabajo.cl\/portal\/wp-content\/uploads\/2012\/07\/Juicio1.jpg?w=600&amp;ssl=1 600w\" sizes=\"auto, (max-width: 300px) 100vw, 300px\" \/><\/a><figcaption id=\"caption-attachment-20461\" class=\"wp-caption-text\">La lectura definitiva de la condena, se llevar\u00e1 a efecto en los pr\u00f3ximos diez d\u00edas.<\/figcaption><\/figure>\n<ul>\n<li><strong>Leiva y Zamora son declarados culpables del crimen de la peque\u00f1a Katalina Cerda<\/strong><\/li>\n<\/ul>\n<p><strong>LOS ANDES.-<\/strong> El Tribunal Oral en lo Penal de Los Andes, declar\u00f3 por unanimidad\u00a0\u2018Culpables\u2019 de los delitos de Homicidio Calificado e Inhumaci\u00f3n Ilegal; en contra de la peque\u00f1a Katalina Cerda Alcorce, a Nicole Leiva Sol\u00eds y Robinson Zamora Gonz\u00e1lez, hechos ocurridos el 25 de junio de 2009.<\/p>\n<p>Tras casi dos semanas de Juicio Oral y tras ser rendidas las Pruebas Documentales y Testimoniales, as\u00ed como tambi\u00e9n la declaraci\u00f3n de los peritos, el Tribunal lleg\u00f3 a la convicci\u00f3n de que ambos Imputados son responsables del brutal crimen de la peque\u00f1a Katalina, cuyo cuerpo fue incluso quemado para tratar de ocultar la evidencia.<\/p>\n<p>En la fundamentaci\u00f3n del Tribunal se establece, que la noche del 24 de junio de 2009, la madre de la ni\u00f1a, \u00c1ngela Alcorce, al mudarla, se percat\u00f3 que esta presentaba moretones, por lo cual decide encarar a Robinson Zamora y Nicole Leiva a quienes se la hab\u00eda dado para su cuidado. All\u00ed Nicole Leiva le reconoci\u00f3 que la golpe\u00f3 porque la menor se \u2018hizo pip\u00ed\u2019, tras lo cual la madre les dice a los dos acusados que al d\u00eda siguiente los denunciar\u00eda, regresando luego a su trabajo en un night club.<\/p>\n<figure id=\"attachment_20462\" aria-describedby=\"caption-attachment-20462\" style=\"width: 300px\" class=\"wp-caption alignright\"><a href=\"http:\/\/www.eltrabajo.cl\/portal\/2012\/07\/piden-presidio-perpetuo-para-asesinos-de-pequena-katalina-cerda\/defensora-marcela-tapia\/\" rel=\"attachment wp-att-20462\"><img data-recalc-dims=\"1\" loading=\"lazy\" decoding=\"async\" class=\"size-medium wp-image-20462\" title=\"Defensora-marcela tapia\" src=\"https:\/\/i0.wp.com\/www.eltrabajo.cl\/portal\/wp-content\/uploads\/2012\/07\/Defensora-marcela-tapia-300x225.jpg?resize=300%2C225\" alt=\"\" width=\"300\" height=\"225\" srcset=\"https:\/\/i0.wp.com\/eltrabajo.cl\/portal\/wp-content\/uploads\/2012\/07\/Defensora-marcela-tapia.jpg?resize=300%2C225&amp;ssl=1 300w, https:\/\/i0.wp.com\/eltrabajo.cl\/portal\/wp-content\/uploads\/2012\/07\/Defensora-marcela-tapia.jpg?resize=200%2C150&amp;ssl=1 200w, https:\/\/i0.wp.com\/eltrabajo.cl\/portal\/wp-content\/uploads\/2012\/07\/Defensora-marcela-tapia.jpg?resize=150%2C112&amp;ssl=1 150w, https:\/\/i0.wp.com\/eltrabajo.cl\/portal\/wp-content\/uploads\/2012\/07\/Defensora-marcela-tapia.jpg?resize=400%2C300&amp;ssl=1 400w, https:\/\/i0.wp.com\/eltrabajo.cl\/portal\/wp-content\/uploads\/2012\/07\/Defensora-marcela-tapia.jpg?w=600&amp;ssl=1 600w\" sizes=\"auto, (max-width: 300px) 100vw, 300px\" \/><\/a><figcaption id=\"caption-attachment-20462\" class=\"wp-caption-text\">Abogada Defensora de Nicole Leiva, Marcela Tapia Silva.<\/figcaption><\/figure>\n<p><strong>LA MATAN A GOLPES<\/strong><\/p>\n<p>Una vez que \u00c1ngela se va del domicilio ubicado en el sector de El Sauce y dejando a Katalina con sus cuidadores, la pareja la agrede con golpes en la cabeza ocasion\u00e1ndole un traumatismo enc\u00e9falo craneano de car\u00e1cter grave, dej\u00e1ndola morir.<\/p>\n<p>Luego de ello, inventaron la historia que se hab\u00eda perdido en Santiago y llevaron su cuerpo hasta un sitio eriazo en el sector del callej\u00f3n Las Juntas, donde lo quemaron y luego enterraron.<\/p>\n<p>Sobre este veredicto, el Fiscal del caso Ricardo Reinoso, se mostr\u00f3 conforme debido que las pruebas presentadas por el Ministerio P\u00fablico pudieron acreditar el Homicidio Calificado, acogi\u00e9ndose adem\u00e1s todas las circunstancias agravantes.<\/p>\n<p>Por ello el Fiscal dijo que solicitaron al Tribunal, la aplicaci\u00f3n de \u00a0una pena de Presidio Perpetuo Calificado para ambos imputados, \u201cPuesto que qued\u00f3 establecido el actuar doloso de la pareja, adem\u00e1s de que ellos ocultaron el cuerpo de la menor por m\u00e1s de un a\u00f1o, haciendo incluso creer a los padres que estaba viva\u201d, explic\u00f3 Reinoso.<\/p>\n<figure id=\"attachment_20463\" aria-describedby=\"caption-attachment-20463\" style=\"width: 300px\" class=\"wp-caption alignleft\"><a href=\"http:\/\/www.eltrabajo.cl\/portal\/2012\/07\/piden-presidio-perpetuo-para-asesinos-de-pequena-katalina-cerda\/fiscal-ricardo-reinoso\/\" rel=\"attachment wp-att-20463\"><img data-recalc-dims=\"1\" loading=\"lazy\" decoding=\"async\" class=\"size-medium wp-image-20463\" title=\"Fiscal ricardo reinoso\" src=\"https:\/\/i0.wp.com\/www.eltrabajo.cl\/portal\/wp-content\/uploads\/2012\/07\/Fiscal-ricardo-reinoso-300x232.jpg?resize=300%2C232\" alt=\"\" width=\"300\" height=\"232\" srcset=\"https:\/\/i0.wp.com\/eltrabajo.cl\/portal\/wp-content\/uploads\/2012\/07\/Fiscal-ricardo-reinoso.jpg?resize=300%2C232&amp;ssl=1 300w, https:\/\/i0.wp.com\/eltrabajo.cl\/portal\/wp-content\/uploads\/2012\/07\/Fiscal-ricardo-reinoso.jpg?resize=193%2C150&amp;ssl=1 193w, https:\/\/i0.wp.com\/eltrabajo.cl\/portal\/wp-content\/uploads\/2012\/07\/Fiscal-ricardo-reinoso.jpg?resize=150%2C116&amp;ssl=1 150w, https:\/\/i0.wp.com\/eltrabajo.cl\/portal\/wp-content\/uploads\/2012\/07\/Fiscal-ricardo-reinoso.jpg?resize=400%2C309&amp;ssl=1 400w, https:\/\/i0.wp.com\/eltrabajo.cl\/portal\/wp-content\/uploads\/2012\/07\/Fiscal-ricardo-reinoso.jpg?w=600&amp;ssl=1 600w\" sizes=\"auto, (max-width: 300px) 100vw, 300px\" \/><\/a><figcaption id=\"caption-attachment-20463\" class=\"wp-caption-text\">Fiscal del caso, Ricardo Reinoso.<\/figcaption><\/figure>\n<p>El funcionario judicial sostuvo que todas las pericias fueron concluyentes respecto a que no se trat\u00f3 de un accidente, \u201cPues no es l\u00f3gico que a ra\u00edz de este accidente no llevaran a la ni\u00f1a al hospital para darle asistencia m\u00e9dica, sino que la dejaron morir y luego quemaron y ocultaron su cuerpo\u201d.<\/p>\n<p>En tanto, la Abogada Defensora de Nicole Leiva, Marcela Tapia Silva, se limit\u00f3 escuetamente a decir que analizar\u00e1 el Fallo para presentar un eventual Recurso de Nulidad.<\/p>\n<p>Adem\u00e1s, insisti\u00f3 en que su representada tiene una Imputabilidad Disminuida en los hechos, debido a que sufre de un trastorno de personalidad debidamente acreditado.<\/p>\n<p>&nbsp;<\/p>\n","protected":false},"excerpt":{"rendered":"<p>Leiva y Zamora son declarados culpables del crimen de la peque\u00f1a Katalina Cerda LOS ANDES.- El Tribunal Oral en lo Penal de Los Andes, declar\u00f3 por unanimidad\u00a0\u2018Culpables\u2019 de los delitos de Homicidio&#8230;<\/p>\n","protected":false},"author":482,"featured_media":20461,"comment_status":"open","ping_status":"closed","sticky":false,"template":"","format":"standard","meta":{"advanced_seo_description":"","jetpack_seo_html_title":"","jetpack_seo_noindex":false,"_jetpack_memberships_contains_paid_content":false,"footnotes":""},"categories":[21],"tags":[],"class_list":["post-20460","post","type-post","status-publish","format-standard","has-post-thumbnail","hentry","category-policial"],"jetpack_featured_media_url":"https:\/\/i0.wp.com\/eltrabajo.cl\/portal\/wp-content\/uploads\/2012\/07\/Juicio1.jpg?fit=600%2C450&ssl=1","jetpack_sharing_enabled":true,"jetpack_likes_enabled":true,"jetpack-related-posts":[],"_links":{"self":[{"href":"https:\/\/eltrabajo.cl\/portal\/wp-json\/wp\/v2\/posts\/20460","targetHints":{"allow":["GET"]}}],"collection":[{"href":"https:\/\/eltrabajo.cl\/portal\/wp-json\/wp\/v2\/posts"}],"about":[{"href":"https:\/\/eltrabajo.cl\/portal\/wp-json\/wp\/v2\/types\/post"}],"author":[{"embeddable":true,"href":"https:\/\/eltrabajo.cl\/portal\/wp-json\/wp\/v2\/users\/482"}],"replies":[{"embeddable":true,"href":"https:\/\/eltrabajo.cl\/portal\/wp-json\/wp\/v2\/comments?post=20460"}],"version-history":[{"count":0,"href":"https:\/\/eltrabajo.cl\/portal\/wp-json\/wp\/v2\/posts\/20460\/revisions"}],"wp:featuredmedia":[{"embeddable":true,"href":"https:\/\/eltrabajo.cl\/portal\/wp-json\/wp\/v2\/media\/20461"}],"wp:attachment":[{"href":"https:\/\/eltrabajo.cl\/portal\/wp-json\/wp\/v2\/media?parent=20460"}],"wp:term":[{"taxonomy":"category","embeddable":true,"href":"https:\/\/eltrabajo.cl\/portal\/wp-json\/wp\/v2\/categories?post=20460"},{"taxonomy":"post_tag","embeddable":true,"href":"https:\/\/eltrabajo.cl\/portal\/wp-json\/wp\/v2\/tags?post=20460"}],"curies":[{"name":"wp","href":"https:\/\/api.w.org\/{rel}","templated":true}]}}