{"id":20480,"date":"2012-07-10T08:59:50","date_gmt":"2012-07-10T12:59:50","guid":{"rendered":"http:\/\/www.eltrabajo.cl\/portal\/?p=20480"},"modified":"2012-07-10T08:59:50","modified_gmt":"2012-07-10T12:59:50","slug":"el-viernes-se-haria-efectiva-huelga-de-los-trabajadores-de-gardilcic","status":"publish","type":"post","link":"https:\/\/eltrabajo.cl\/portal\/el-viernes-se-haria-efectiva-huelga-de-los-trabajadores-de-gardilcic\/","title":{"rendered":"El viernes se har\u00eda efectiva huelga de los trabajadores de Gardilcic"},"content":{"rendered":"<figure id=\"attachment_20481\" aria-describedby=\"caption-attachment-20481\" style=\"width: 300px\" class=\"wp-caption alignleft\"><a href=\"http:\/\/www.eltrabajo.cl\/portal\/2012\/07\/el-viernes-se-haria-efectiva-huelga-de-los-trabajadores-de-gardilcic\/guillermocandia-gardilcic\/\" rel=\"attachment wp-att-20481\"><img data-recalc-dims=\"1\" loading=\"lazy\" decoding=\"async\" class=\"size-medium wp-image-20481\" title=\"guillermocandia-gardilcic\" src=\"https:\/\/i0.wp.com\/www.eltrabajo.cl\/portal\/wp-content\/uploads\/2012\/07\/guillermocandia-gardilcic-300x225.jpg?resize=300%2C225\" alt=\"\" width=\"300\" height=\"225\" srcset=\"https:\/\/i0.wp.com\/eltrabajo.cl\/portal\/wp-content\/uploads\/2012\/07\/guillermocandia-gardilcic.jpg?resize=300%2C225&amp;ssl=1 300w, https:\/\/i0.wp.com\/eltrabajo.cl\/portal\/wp-content\/uploads\/2012\/07\/guillermocandia-gardilcic.jpg?resize=200%2C150&amp;ssl=1 200w, https:\/\/i0.wp.com\/eltrabajo.cl\/portal\/wp-content\/uploads\/2012\/07\/guillermocandia-gardilcic.jpg?resize=150%2C112&amp;ssl=1 150w, https:\/\/i0.wp.com\/eltrabajo.cl\/portal\/wp-content\/uploads\/2012\/07\/guillermocandia-gardilcic.jpg?resize=400%2C300&amp;ssl=1 400w, https:\/\/i0.wp.com\/eltrabajo.cl\/portal\/wp-content\/uploads\/2012\/07\/guillermocandia-gardilcic.jpg?w=600&amp;ssl=1 600w\" sizes=\"auto, (max-width: 300px) 100vw, 300px\" \/><\/a><figcaption id=\"caption-attachment-20481\" class=\"wp-caption-text\">Guillermo Candia, Presidente del Sindicato de Trabajadores de la empresa Gardilcic.<\/figcaption><\/figure>\n<ul>\n<li><strong>En tanto, el Presidente de la CTC, Cristi\u00e1n Cuevas, dijo que se encuentran en estado de alerta para apoyar las movilizaciones.<\/strong><\/li>\n<\/ul>\n<p><strong>LOS ANDES<\/strong>.- El pr\u00f3ximo viernes 13 de Julio se har\u00eda efectiva la huelga legal de los trabajadores de la empresa Gardilcic que presta servicios en el \u00e1rea industrial de la Divisi\u00f3n Andina de Codelco, toda vez que no se ha llegado a acuerdo en la negociaci\u00f3n colectiva.<\/p>\n<p>El Presidente del Sindicato de Trabajadores de la empresa, Guillermo Candia, sostuvo que si bien est\u00e1n por privilegiar en todo momento el di\u00e1logo, a\u00fan no se produce un acercamiento real respecto a los que est\u00e1n demandando.<\/p>\n<p>Precis\u00f3 que a fin de acercar posiciones accedieron a ampliar el per\u00edodo de los buenos oficios hasta este d\u00eda martes, a fin de que la empresa pueda entregar una nueva propuesta.<\/p>\n<p>El dirigente record\u00f3 que su principal demanda es el aumento de los sueldos en 180 mil pesos, a fin de equiparar los salarios con los de las otras empresas contratistas que laboran en Andina.<\/p>\n<p>Asimismo, indic\u00f3 que est\u00e1n pidiendo un bono de t\u00e9rmino de conflicto de 3,5 millones de pesos, cifra que podr\u00eda ser menor si es que Gardilcic accede a mejorar sus remuneraciones.<\/p>\n<p>Candia dijo que de no recibir una propuesta satisfactoria a contar de las cero horas del viernes, har\u00edan efectiva la huelga, lo que podr\u00eda traer graves perjuicios para Coldelco Andina.<\/p>\n<p>Ello porque Gardilcic cuenta con m\u00e1s de 450 trabajadores, quienes al paralizar pondr\u00edan en riesgo los procesos productivos en la cupr\u00edfera.<\/p>\n<p><strong>ESTADO DE ALERTA<\/strong><\/p>\n<p>Por su parte el Presidente de la Confederaci\u00f3n de Trabajadores del Cobre, Cristi\u00e1n Cuevas, sostuvo que se encuentran en estado de alerta por la situaci\u00f3n que est\u00e1 ocurriendo en Gardilcic, pero tambi\u00e9n por la instalaci\u00f3n de la empresa Siemens, la cual no est\u00e1 contratando mano de obra local.<\/p>\n<p>El dirigente de la CTC denunci\u00f3 tambi\u00e9n las precarias condiciones de los trabajadores contratistas al interior del \u00e1rea industrial de Andina, afirmando que la semana pasada y debido a las lluvias se inundaron las instalaciones donde pernoctan los faeneros.<\/p>\n<p>\u201cSi no hay una soluci\u00f3n a estos temas y otros que se est\u00e1n produciendo en las diferentes divisiones de Codelco, la Confederaci\u00f3n nuevamente convocar\u00e1 a una jornada nacional de movilizaci\u00f3n\u201d, advirti\u00f3.<\/p>\n<p>&nbsp;<\/p>\n","protected":false},"excerpt":{"rendered":"<p>En tanto, el Presidente de la CTC, Cristi\u00e1n Cuevas, dijo que se encuentran en estado de alerta para apoyar las movilizaciones. LOS ANDES.- El pr\u00f3ximo viernes 13 de Julio se har\u00eda efectiva&#8230;<\/p>\n","protected":false},"author":482,"featured_media":20481,"comment_status":"open","ping_status":"closed","sticky":false,"template":"","format":"standard","meta":{"advanced_seo_description":"","jetpack_seo_html_title":"","jetpack_seo_noindex":false,"_jetpack_memberships_contains_paid_content":false,"footnotes":""},"categories":[1],"tags":[],"class_list":["post-20480","post","type-post","status-publish","format-standard","has-post-thumbnail","hentry","category-cronica"],"jetpack_featured_media_url":"https:\/\/i0.wp.com\/eltrabajo.cl\/portal\/wp-content\/uploads\/2012\/07\/guillermocandia-gardilcic.jpg?fit=600%2C450&ssl=1","jetpack_sharing_enabled":true,"jetpack_likes_enabled":true,"jetpack-related-posts":[],"_links":{"self":[{"href":"https:\/\/eltrabajo.cl\/portal\/wp-json\/wp\/v2\/posts\/20480","targetHints":{"allow":["GET"]}}],"collection":[{"href":"https:\/\/eltrabajo.cl\/portal\/wp-json\/wp\/v2\/posts"}],"about":[{"href":"https:\/\/eltrabajo.cl\/portal\/wp-json\/wp\/v2\/types\/post"}],"author":[{"embeddable":true,"href":"https:\/\/eltrabajo.cl\/portal\/wp-json\/wp\/v2\/users\/482"}],"replies":[{"embeddable":true,"href":"https:\/\/eltrabajo.cl\/portal\/wp-json\/wp\/v2\/comments?post=20480"}],"version-history":[{"count":0,"href":"https:\/\/eltrabajo.cl\/portal\/wp-json\/wp\/v2\/posts\/20480\/revisions"}],"wp:featuredmedia":[{"embeddable":true,"href":"https:\/\/eltrabajo.cl\/portal\/wp-json\/wp\/v2\/media\/20481"}],"wp:attachment":[{"href":"https:\/\/eltrabajo.cl\/portal\/wp-json\/wp\/v2\/media?parent=20480"}],"wp:term":[{"taxonomy":"category","embeddable":true,"href":"https:\/\/eltrabajo.cl\/portal\/wp-json\/wp\/v2\/categories?post=20480"},{"taxonomy":"post_tag","embeddable":true,"href":"https:\/\/eltrabajo.cl\/portal\/wp-json\/wp\/v2\/tags?post=20480"}],"curies":[{"name":"wp","href":"https:\/\/api.w.org\/{rel}","templated":true}]}}