{"id":20484,"date":"2012-07-10T09:00:47","date_gmt":"2012-07-10T13:00:47","guid":{"rendered":"http:\/\/www.eltrabajo.cl\/portal\/?p=20484"},"modified":"2012-07-10T09:00:47","modified_gmt":"2012-07-10T13:00:47","slug":"buscan-un-lugar-para-alumnos-con-necesidades-especiales-en-santa-maria","status":"publish","type":"post","link":"https:\/\/eltrabajo.cl\/portal\/buscan-un-lugar-para-alumnos-con-necesidades-especiales-en-santa-maria\/","title":{"rendered":"Buscan un lugar para alumnos con necesidades especiales en Santa Mar\u00eda"},"content":{"rendered":"<figure id=\"attachment_20485\" aria-describedby=\"caption-attachment-20485\" style=\"width: 300px\" class=\"wp-caption alignleft\"><a href=\"http:\/\/www.eltrabajo.cl\/portal\/2012\/07\/buscan-un-lugar-para-alumnos-con-necesidades-especiales-en-santa-maria\/david-olguin-2\/\" rel=\"attachment wp-att-20485\"><img data-recalc-dims=\"1\" loading=\"lazy\" decoding=\"async\" class=\"size-medium wp-image-20485\" title=\"david olguin\" src=\"https:\/\/i0.wp.com\/www.eltrabajo.cl\/portal\/wp-content\/uploads\/2012\/07\/david-olguin-300x225.jpg?resize=300%2C225\" alt=\"\" width=\"300\" height=\"225\" srcset=\"https:\/\/i0.wp.com\/eltrabajo.cl\/portal\/wp-content\/uploads\/2012\/07\/david-olguin.jpg?resize=300%2C225&amp;ssl=1 300w, https:\/\/i0.wp.com\/eltrabajo.cl\/portal\/wp-content\/uploads\/2012\/07\/david-olguin.jpg?resize=200%2C150&amp;ssl=1 200w, https:\/\/i0.wp.com\/eltrabajo.cl\/portal\/wp-content\/uploads\/2012\/07\/david-olguin.jpg?resize=150%2C112&amp;ssl=1 150w, https:\/\/i0.wp.com\/eltrabajo.cl\/portal\/wp-content\/uploads\/2012\/07\/david-olguin.jpg?resize=400%2C300&amp;ssl=1 400w, https:\/\/i0.wp.com\/eltrabajo.cl\/portal\/wp-content\/uploads\/2012\/07\/david-olguin.jpg?w=600&amp;ssl=1 600w\" sizes=\"auto, (max-width: 300px) 100vw, 300px\" \/><\/a><figcaption id=\"caption-attachment-20485\" class=\"wp-caption-text\">El concejal David Olgu\u00edn present\u00f3 la propuesta con el objetivo de contar con un lugar donde habilitar la escuela especial, sumamente necesaria ante la presencia de decenas de ni\u00f1os que tienen necesidades especiales.<\/figcaption><\/figure>\n<ul>\n<li><strong>Concejal plante\u00f3 propuesta para contar con espacio en un establecimiento educacional y habilitar una escuela especial.<\/strong><\/li>\n<\/ul>\n<p>Sylvia Vergara G. &#8211; svergara@eltrabajo.cl<\/p>\n<p>Alrededor de 25 son los ni\u00f1os que viven en Santa Mar\u00eda y tienen necesidades especiales, ya que tienen ciertas discapacidades. Ellos no pueden estudiar en Santa Mar\u00eda, ya que la comuna no cuenta con una escuela especial, por lo que se ven en la obligaci\u00f3n a trasladarse a San Felipe.<\/p>\n<p>Ante esta situaci\u00f3n, el concejal David Olgu\u00edn se\u00f1al\u00f3 que recientemente gestionaron un proyecto de traslado municipal, donde se cuenta con un bus municipal que traslada todos los d\u00edas a estos ni\u00f1os a la comuna de San Felipe y m\u00e1s tarde los regresa a Santa Mar\u00eda.<\/p>\n<p>Sin embargo la inquietud va m\u00e1s all\u00e1 y la idea es que en esa comuna existiera una escuela especial. En ese contexto el edil junto a un grupo de padres hizo una presentaci\u00f3n ante el Concejo Comunal, para comenzar a dise\u00f1ar un proyecto destinado a entregar educaci\u00f3n especial a estos peque\u00f1os.<\/p>\n<p>\u201cEl dise\u00f1o de ese proyecto est\u00e1 durante el presente a\u00f1o, para de aqu\u00ed al pr\u00f3ximo a\u00f1o debiera haber una propuesta concreta respecto a avanzar e incorporar el proyecto concreto al Ministerio de Educaci\u00f3n, para si todo va bien poder tener el a\u00f1o 2013, si bien no una escuela especial con las caracter\u00edsticas que ellas tienen, s\u00ed un espacio en alg\u00fan colegio de esta comuna que pueda acoger a estos menores\u201d.<\/p>\n<p>Actualmente son alrededor de 25 los ni\u00f1os de Santa Mar\u00eda que estudian en San Felipe, pero seg\u00fan Olgu\u00edn hay muchos m\u00e1s que por diversas razones, especialmente por un tema econ\u00f3mico de sus familias, no est\u00e1n estudiando, los que seg\u00fan el concejal han registrado un retroceso de su educaci\u00f3n.<\/p>\n<p>De acuerdo a lo se\u00f1alado por el concejal, este a\u00f1o el Daem debe presentar un proyecto y presentar un anteproyecto para continuar con el proceso.<\/p>\n<p>&nbsp;<\/p>\n","protected":false},"excerpt":{"rendered":"<p>Concejal plante\u00f3 propuesta para contar con espacio en un establecimiento educacional y habilitar una escuela especial. Sylvia Vergara G. &#8211; svergara@eltrabajo.cl Alrededor de 25 son los ni\u00f1os que viven en Santa Mar\u00eda&#8230;<\/p>\n","protected":false},"author":482,"featured_media":20485,"comment_status":"open","ping_status":"closed","sticky":false,"template":"","format":"standard","meta":{"advanced_seo_description":"","jetpack_seo_html_title":"","jetpack_seo_noindex":false,"_jetpack_memberships_contains_paid_content":false,"footnotes":""},"categories":[1],"tags":[],"class_list":["post-20484","post","type-post","status-publish","format-standard","has-post-thumbnail","hentry","category-cronica"],"jetpack_featured_media_url":"https:\/\/i0.wp.com\/eltrabajo.cl\/portal\/wp-content\/uploads\/2012\/07\/david-olguin.jpg?fit=600%2C450&ssl=1","jetpack_sharing_enabled":true,"jetpack_likes_enabled":true,"jetpack-related-posts":[],"_links":{"self":[{"href":"https:\/\/eltrabajo.cl\/portal\/wp-json\/wp\/v2\/posts\/20484","targetHints":{"allow":["GET"]}}],"collection":[{"href":"https:\/\/eltrabajo.cl\/portal\/wp-json\/wp\/v2\/posts"}],"about":[{"href":"https:\/\/eltrabajo.cl\/portal\/wp-json\/wp\/v2\/types\/post"}],"author":[{"embeddable":true,"href":"https:\/\/eltrabajo.cl\/portal\/wp-json\/wp\/v2\/users\/482"}],"replies":[{"embeddable":true,"href":"https:\/\/eltrabajo.cl\/portal\/wp-json\/wp\/v2\/comments?post=20484"}],"version-history":[{"count":0,"href":"https:\/\/eltrabajo.cl\/portal\/wp-json\/wp\/v2\/posts\/20484\/revisions"}],"wp:featuredmedia":[{"embeddable":true,"href":"https:\/\/eltrabajo.cl\/portal\/wp-json\/wp\/v2\/media\/20485"}],"wp:attachment":[{"href":"https:\/\/eltrabajo.cl\/portal\/wp-json\/wp\/v2\/media?parent=20484"}],"wp:term":[{"taxonomy":"category","embeddable":true,"href":"https:\/\/eltrabajo.cl\/portal\/wp-json\/wp\/v2\/categories?post=20484"},{"taxonomy":"post_tag","embeddable":true,"href":"https:\/\/eltrabajo.cl\/portal\/wp-json\/wp\/v2\/tags?post=20484"}],"curies":[{"name":"wp","href":"https:\/\/api.w.org\/{rel}","templated":true}]}}