{"id":20492,"date":"2012-07-10T09:03:08","date_gmt":"2012-07-10T13:03:08","guid":{"rendered":"http:\/\/www.eltrabajo.cl\/portal\/?p=20492"},"modified":"2012-07-10T09:03:08","modified_gmt":"2012-07-10T13:03:08","slug":"aconcaguinos-aspirantes-a-oficiales-de-carabineros-promueven-la-institucion","status":"publish","type":"post","link":"https:\/\/eltrabajo.cl\/portal\/aconcaguinos-aspirantes-a-oficiales-de-carabineros-promueven-la-institucion\/","title":{"rendered":"Aconcag\u00fcinos aspirantes a oficiales de Carabineros promueven la instituci\u00f3n"},"content":{"rendered":"<figure id=\"attachment_20493\" aria-describedby=\"caption-attachment-20493\" style=\"width: 600px\" class=\"wp-caption alignnone\"><a href=\"http:\/\/www.eltrabajo.cl\/portal\/2012\/07\/aconcaguinos-aspirantes-a-oficiales-de-carabineros-promueven-la-institucion\/grupo-de-aspirantes\/\" rel=\"attachment wp-att-20493\"><img data-recalc-dims=\"1\" loading=\"lazy\" decoding=\"async\" class=\"size-full wp-image-20493\" title=\"grupo de aspirantes\" src=\"https:\/\/i0.wp.com\/www.eltrabajo.cl\/portal\/wp-content\/uploads\/2012\/07\/grupo-de-aspirantes.jpg?resize=600%2C450\" alt=\"\" width=\"600\" height=\"450\" srcset=\"https:\/\/i0.wp.com\/eltrabajo.cl\/portal\/wp-content\/uploads\/2012\/07\/grupo-de-aspirantes.jpg?w=600&amp;ssl=1 600w, https:\/\/i0.wp.com\/eltrabajo.cl\/portal\/wp-content\/uploads\/2012\/07\/grupo-de-aspirantes.jpg?resize=200%2C150&amp;ssl=1 200w, https:\/\/i0.wp.com\/eltrabajo.cl\/portal\/wp-content\/uploads\/2012\/07\/grupo-de-aspirantes.jpg?resize=300%2C225&amp;ssl=1 300w, https:\/\/i0.wp.com\/eltrabajo.cl\/portal\/wp-content\/uploads\/2012\/07\/grupo-de-aspirantes.jpg?resize=150%2C112&amp;ssl=1 150w, https:\/\/i0.wp.com\/eltrabajo.cl\/portal\/wp-content\/uploads\/2012\/07\/grupo-de-aspirantes.jpg?resize=400%2C300&amp;ssl=1 400w\" sizes=\"auto, (max-width: 600px) 100vw, 600px\" \/><\/a><figcaption id=\"caption-attachment-20493\" class=\"wp-caption-text\">Este grupo de aspirantes aconcag\u00fcinos que forman parte de la Escuela de Carabineros, visitaron la zona para informar sobre el proceso de postulaci\u00f3n a la instituci\u00f3n.<\/figcaption><\/figure>\n<p>Con el objetivo de dar a conocer el proceso de postulaci\u00f3n a la Escuela de Carabineros, un grupo de aspirantes que son oriundos del valle de Aconcagua, visit\u00f3 la comuna de San Felipe.<\/p>\n<p>Los j\u00f3venes est\u00e1n cursando primero, segundo y tercer a\u00f1o en la Escuela de Carabineros, y comentaron que desde siempre sintieron la vocaci\u00f3n de convertirse en oficiales.<\/p>\n<p>\u201cSiempre quise pertenecer a alguna instituci\u00f3n de importancia y mi mejor opci\u00f3n siempre fue Carabineros\u201d, se\u00f1al\u00f3 Paula Montenegro.<\/p>\n<p>Aunque siempre pens\u00f3 en vestir el uniforme, Paula reconoce que se trata de un proceso complejo: \u201cNo es una carrera f\u00e1cil, pero uno a\u00f1o tras a\u00f1o va reafirmando su vocaci\u00f3n de servicio y de pertenecer a la instituci\u00f3n. Es una carrera muy bonita, una expansi\u00f3n profesional que uno puede realizar, a las mujeres las insto para que seamos parte de algo importante y a los j\u00f3venes que aprovechen la instancia de postular y que lo vean como una oportunidad de crecimiento personal y de desarrollo como carrera\u201d.<\/p>\n<p>Consultada por la compatibilidad entre ser parte de esta instituci\u00f3n y formar una familia, Paula se\u00f1al\u00f3 que no es complejo el proceso, ya que desde el principio se les ense\u00f1a en la Escuela a compatibilizar estos aspectos y no hacer invasivo el trabajo profesional.<\/p>\n<p>Montenegro coment\u00f3 que el cuarto a\u00f1o de estudios en la Escuela es de pr\u00e1ctica, para posteriormente obtener el grado de Subteniente, carrera que termina con el grado de General.<\/p>\n<p>Una situaci\u00f3n similar ha vivido Patricio Navea, quien es oriundo de la comuna de San Felipe.<\/p>\n<p>El joven de 22 a\u00f1os coment\u00f3 que su experiencia al interior de la escuela ha sido muy buena, y aunque ha tenido que hacer sacrificios, dice que el esfuerzo que realiza se ve recompensado en distintas situaciones al interior de la entidad formadora.<\/p>\n<p>\u201cSiempre me interes\u00f3 esta carrera, si uno la ve por el lado laboral es muy estable. Esta es una carrera sumamente bonita, ser solidario y ayudar a los dem\u00e1s es algo que no tiene comparaci\u00f3n\u201d, dijo Patricio.<\/p>\n<p>El joven aspirante dijo tambi\u00e9n que una vez al interior de la instituci\u00f3n, los oficiales se pueden especializar en distintas \u00e1reas que trabaja la instituci\u00f3n, como es Labocar, Gope, OS-7, entre otras.<\/p>\n<p>Evelyn P\u00e9rez tambi\u00e9n es de San Felipe y en estos momentos se encuentra cursando el segundo a\u00f1o de formaci\u00f3n en la Escuela de Carabineros.<\/p>\n<p>Luego de cursar sus estudios b\u00e1sicos en el colegio Jos\u00e9 Agust\u00edn G\u00f3mez y media en el Liceo Mixto y siguiendo su vocaci\u00f3n, postul\u00f3 a la Escuela de Carabineros, siendo seleccionada para ingresar a la instituci\u00f3n.<\/p>\n<p>Evelyn dijo que desde siempre su familia la apoy\u00f3 para seguir esta carrera y durante todo el proceso de postulaci\u00f3n, que fue algo complejo por ser de regiones.<\/p>\n<p>\u201cNo era f\u00e1cil por el tema de las postulaciones, uno ten\u00eda que acudir a Santiago y dar las pruebas f\u00edsicas, psicol\u00f3gicas, ese proceso no fue tan f\u00e1cil, pero en el momento de ingresar uno tiene alojamiento, entonces no es una preocupaci\u00f3n, como las otras carreras, despu\u00e9s ingres\u00e9 a la escuela y el per\u00edodo de adaptaci\u00f3n fue un poco largo, pero lo logramos junto a los compa\u00f1eros, que se convierten en amigos para toda la vida\u201d.<\/p>\n<p>&nbsp;<\/p>\n","protected":false},"excerpt":{"rendered":"<p>Con el objetivo de dar a conocer el proceso de postulaci\u00f3n a la Escuela de Carabineros, un grupo de aspirantes que son oriundos del valle de Aconcagua, visit\u00f3 la comuna de San&#8230;<\/p>\n","protected":false},"author":482,"featured_media":20493,"comment_status":"open","ping_status":"closed","sticky":false,"template":"","format":"standard","meta":{"advanced_seo_description":"","jetpack_seo_html_title":"","jetpack_seo_noindex":false,"_jetpack_memberships_contains_paid_content":false,"footnotes":""},"categories":[1],"tags":[],"class_list":["post-20492","post","type-post","status-publish","format-standard","has-post-thumbnail","hentry","category-cronica"],"jetpack_featured_media_url":"https:\/\/i0.wp.com\/eltrabajo.cl\/portal\/wp-content\/uploads\/2012\/07\/grupo-de-aspirantes.jpg?fit=600%2C450&ssl=1","jetpack_sharing_enabled":true,"jetpack_likes_enabled":true,"jetpack-related-posts":[],"_links":{"self":[{"href":"https:\/\/eltrabajo.cl\/portal\/wp-json\/wp\/v2\/posts\/20492","targetHints":{"allow":["GET"]}}],"collection":[{"href":"https:\/\/eltrabajo.cl\/portal\/wp-json\/wp\/v2\/posts"}],"about":[{"href":"https:\/\/eltrabajo.cl\/portal\/wp-json\/wp\/v2\/types\/post"}],"author":[{"embeddable":true,"href":"https:\/\/eltrabajo.cl\/portal\/wp-json\/wp\/v2\/users\/482"}],"replies":[{"embeddable":true,"href":"https:\/\/eltrabajo.cl\/portal\/wp-json\/wp\/v2\/comments?post=20492"}],"version-history":[{"count":0,"href":"https:\/\/eltrabajo.cl\/portal\/wp-json\/wp\/v2\/posts\/20492\/revisions"}],"wp:featuredmedia":[{"embeddable":true,"href":"https:\/\/eltrabajo.cl\/portal\/wp-json\/wp\/v2\/media\/20493"}],"wp:attachment":[{"href":"https:\/\/eltrabajo.cl\/portal\/wp-json\/wp\/v2\/media?parent=20492"}],"wp:term":[{"taxonomy":"category","embeddable":true,"href":"https:\/\/eltrabajo.cl\/portal\/wp-json\/wp\/v2\/categories?post=20492"},{"taxonomy":"post_tag","embeddable":true,"href":"https:\/\/eltrabajo.cl\/portal\/wp-json\/wp\/v2\/tags?post=20492"}],"curies":[{"name":"wp","href":"https:\/\/api.w.org\/{rel}","templated":true}]}}