{"id":20496,"date":"2012-07-10T09:04:04","date_gmt":"2012-07-10T13:04:04","guid":{"rendered":"http:\/\/www.eltrabajo.cl\/portal\/?p=20496"},"modified":"2012-07-10T09:04:04","modified_gmt":"2012-07-10T13:04:04","slug":"registro-civil-inauguro-nueva-oficina-en-comuna-de-panquehue","status":"publish","type":"post","link":"https:\/\/eltrabajo.cl\/portal\/registro-civil-inauguro-nueva-oficina-en-comuna-de-panquehue\/","title":{"rendered":"Registro Civil inaugur\u00f3 nueva oficina en comuna de Panquehue"},"content":{"rendered":"<figure id=\"attachment_20497\" aria-describedby=\"caption-attachment-20497\" style=\"width: 600px\" class=\"wp-caption alignnone\"><a href=\"http:\/\/www.eltrabajo.cl\/portal\/2012\/07\/registro-civil-inauguro-nueva-oficina-en-comuna-de-panquehue\/registro-civil-panquehue-1\/\" rel=\"attachment wp-att-20497\"><img data-recalc-dims=\"1\" loading=\"lazy\" decoding=\"async\" class=\"size-full wp-image-20497\" title=\"registro civil panquehue (1)\" src=\"https:\/\/i0.wp.com\/www.eltrabajo.cl\/portal\/wp-content\/uploads\/2012\/07\/registro-civil-panquehue-1.jpg?resize=600%2C450\" alt=\"\" width=\"600\" height=\"450\" srcset=\"https:\/\/i0.wp.com\/eltrabajo.cl\/portal\/wp-content\/uploads\/2012\/07\/registro-civil-panquehue-1.jpg?w=600&amp;ssl=1 600w, https:\/\/i0.wp.com\/eltrabajo.cl\/portal\/wp-content\/uploads\/2012\/07\/registro-civil-panquehue-1.jpg?resize=200%2C150&amp;ssl=1 200w, https:\/\/i0.wp.com\/eltrabajo.cl\/portal\/wp-content\/uploads\/2012\/07\/registro-civil-panquehue-1.jpg?resize=300%2C225&amp;ssl=1 300w, https:\/\/i0.wp.com\/eltrabajo.cl\/portal\/wp-content\/uploads\/2012\/07\/registro-civil-panquehue-1.jpg?resize=150%2C112&amp;ssl=1 150w, https:\/\/i0.wp.com\/eltrabajo.cl\/portal\/wp-content\/uploads\/2012\/07\/registro-civil-panquehue-1.jpg?resize=400%2C300&amp;ssl=1 400w\" sizes=\"auto, (max-width: 600px) 100vw, 600px\" \/><\/a><figcaption id=\"caption-attachment-20497\" class=\"wp-caption-text\">Una inversi\u00f3n de 40 millones de pesos demand\u00f3 al Registro Civil, la habilitaci\u00f3n de la nueva oficina en Panquehue.<\/figcaption><\/figure>\n<p><strong>PANQUEHUE.<\/strong>&#8211; Con la presencia de autoridades regionales, parlamentarios de la zona, funcionarios de la provincia y la comunidad, el Servicio de Registro Civil e Identificaci\u00f3n inaugur\u00f3 el jueves reci\u00e9n pasado una nueva oficina en la comuna de Panquehue, dentro del Plan de Reconstrucci\u00f3n tras el da\u00f1o producido por el terremoto del 2010 a las antiguas dependencias.<\/p>\n<p>La nueva oficina y su remodelaci\u00f3n tuvo una inversi\u00f3n de 40 millones de pesos.<\/p>\n<p>\u201cEstamos muy contentos de haber concretado este proyecto para Panquehue y que corresponde a un esfuerzo del servicio de mejorar la infraestructura de nuestras oficinas, tanto para nuestros usuarios como tambi\u00e9n para nuestros funcionarios, como Asunci\u00f3n Salinas, Oficial Civil a cargo de esta dependencia\u201d, dijo Pablo Mecklenburg, director regional del Registro Civil.<\/p>\n<p>\u201cQueremos agradecer al Registro Civil por haber hecho esta inversi\u00f3n en nuestra comuna y as\u00ed demostrar que Panquehue merece como las comunas m\u00e1s grandes de la regi\u00f3n, una oficina que vaya acorde a las necesidades de la comunidad\u201d, se\u00f1al\u00f3 Luis Pradenas, alcalde de Panquehue.<\/p>\n<p>\u201cYo soy clienta frecuente del Registro Civil porque trabajo en Vi\u00f1a Err\u00e1zuriz y hago muchos tr\u00e1mites ac\u00e1. La oficina qued\u00f3 muy bien implementada con asientos y m\u00e1s grande, me parece fant\u00e1stico\u201d, dijo Leisy Acevedo, usuaria.<\/p>\n<p>La nueva oficina se encuentra en la calle Ignacio Carrera Pinto s\/n con la Avenida Troncal y cuenta con una superficie de 81 metros cuadrados que incluye una sala de espera para los usuarios, rampa para discapacitados y sala de ceremonias para celebrar matrimonios.<\/p>\n<p>&nbsp;<\/p>\n","protected":false},"excerpt":{"rendered":"<p>PANQUEHUE.&#8211; Con la presencia de autoridades regionales, parlamentarios de la zona, funcionarios de la provincia y la comunidad, el Servicio de Registro Civil e Identificaci\u00f3n inaugur\u00f3 el jueves reci\u00e9n pasado una nueva&#8230;<\/p>\n","protected":false},"author":482,"featured_media":20497,"comment_status":"open","ping_status":"closed","sticky":false,"template":"","format":"standard","meta":{"advanced_seo_description":"","jetpack_seo_html_title":"","jetpack_seo_noindex":false,"_jetpack_memberships_contains_paid_content":false,"footnotes":""},"categories":[1],"tags":[],"class_list":["post-20496","post","type-post","status-publish","format-standard","has-post-thumbnail","hentry","category-cronica"],"jetpack_featured_media_url":"https:\/\/i0.wp.com\/eltrabajo.cl\/portal\/wp-content\/uploads\/2012\/07\/registro-civil-panquehue-1.jpg?fit=600%2C450&ssl=1","jetpack_sharing_enabled":true,"jetpack_likes_enabled":true,"jetpack-related-posts":[],"_links":{"self":[{"href":"https:\/\/eltrabajo.cl\/portal\/wp-json\/wp\/v2\/posts\/20496","targetHints":{"allow":["GET"]}}],"collection":[{"href":"https:\/\/eltrabajo.cl\/portal\/wp-json\/wp\/v2\/posts"}],"about":[{"href":"https:\/\/eltrabajo.cl\/portal\/wp-json\/wp\/v2\/types\/post"}],"author":[{"embeddable":true,"href":"https:\/\/eltrabajo.cl\/portal\/wp-json\/wp\/v2\/users\/482"}],"replies":[{"embeddable":true,"href":"https:\/\/eltrabajo.cl\/portal\/wp-json\/wp\/v2\/comments?post=20496"}],"version-history":[{"count":0,"href":"https:\/\/eltrabajo.cl\/portal\/wp-json\/wp\/v2\/posts\/20496\/revisions"}],"wp:featuredmedia":[{"embeddable":true,"href":"https:\/\/eltrabajo.cl\/portal\/wp-json\/wp\/v2\/media\/20497"}],"wp:attachment":[{"href":"https:\/\/eltrabajo.cl\/portal\/wp-json\/wp\/v2\/media?parent=20496"}],"wp:term":[{"taxonomy":"category","embeddable":true,"href":"https:\/\/eltrabajo.cl\/portal\/wp-json\/wp\/v2\/categories?post=20496"},{"taxonomy":"post_tag","embeddable":true,"href":"https:\/\/eltrabajo.cl\/portal\/wp-json\/wp\/v2\/tags?post=20496"}],"curies":[{"name":"wp","href":"https:\/\/api.w.org\/{rel}","templated":true}]}}