{"id":20500,"date":"2012-07-10T09:05:41","date_gmt":"2012-07-10T13:05:41","guid":{"rendered":"http:\/\/www.eltrabajo.cl\/portal\/?p=20500"},"modified":"2012-07-10T09:05:41","modified_gmt":"2012-07-10T13:05:41","slug":"municipio-va-en-ayuda-de-indigentes-y-les-entrega-ropa-de-abrigo-y-comida","status":"publish","type":"post","link":"https:\/\/eltrabajo.cl\/portal\/municipio-va-en-ayuda-de-indigentes-y-les-entrega-ropa-de-abrigo-y-comida\/","title":{"rendered":"Municipio va en ayuda de indigentes y les entrega ropa de abrigo y comida"},"content":{"rendered":"<figure id=\"attachment_20501\" aria-describedby=\"caption-attachment-20501\" style=\"width: 300px\" class=\"wp-caption alignleft\"><a href=\"http:\/\/www.eltrabajo.cl\/portal\/2012\/07\/municipio-va-en-ayuda-de-indigentes-y-les-entrega-ropa-de-abrigo-y-comida\/alcalde-2\/\" rel=\"attachment wp-att-20501\"><img data-recalc-dims=\"1\" loading=\"lazy\" decoding=\"async\" class=\"size-medium wp-image-20501\" title=\"alcalde\" src=\"https:\/\/i0.wp.com\/www.eltrabajo.cl\/portal\/wp-content\/uploads\/2012\/07\/alcalde-300x225.jpg?resize=300%2C225\" alt=\"\" width=\"300\" height=\"225\" srcset=\"https:\/\/i0.wp.com\/eltrabajo.cl\/portal\/wp-content\/uploads\/2012\/07\/alcalde.jpg?resize=300%2C225&amp;ssl=1 300w, https:\/\/i0.wp.com\/eltrabajo.cl\/portal\/wp-content\/uploads\/2012\/07\/alcalde.jpg?resize=200%2C150&amp;ssl=1 200w, https:\/\/i0.wp.com\/eltrabajo.cl\/portal\/wp-content\/uploads\/2012\/07\/alcalde.jpg?resize=150%2C112&amp;ssl=1 150w, https:\/\/i0.wp.com\/eltrabajo.cl\/portal\/wp-content\/uploads\/2012\/07\/alcalde.jpg?resize=400%2C300&amp;ssl=1 400w, https:\/\/i0.wp.com\/eltrabajo.cl\/portal\/wp-content\/uploads\/2012\/07\/alcalde.jpg?w=600&amp;ssl=1 600w\" sizes=\"auto, (max-width: 300px) 100vw, 300px\" \/><\/a><figcaption id=\"caption-attachment-20501\" class=\"wp-caption-text\">Desde hace tres semanas el municipio est\u00e1 realizando esta actividad, que va en directo beneficio de las personas que viven en la calle.<\/figcaption><\/figure>\n<p>Sylvia Vergara G. &#8211;\u00a0svergara@eltrabajo.cl<\/p>\n<p>Desde hace tres semanas, el municipio de San Felipe viene ejecutando el programa Noche Digna.<\/p>\n<p>Se trata de una iniciativa que se ejecuta con recursos del ministerio de Desarrollo Social, cuyos recursos ascienden a los 15 millones de pesos.<\/p>\n<p>Durante estas tres \u00faltimas semanas, la Municipalidad ha estado entregando ropa de abrigo y frazadas a las personas que se encuentran en situaci\u00f3n de calle. Proceso al que se sumar\u00e1 desde este lunes la entrega de comida caliente a partir de las 20 horas y desayuno por la ma\u00f1ana.<\/p>\n<p>\u201cA trav\u00e9s de un convenio externo de una entidad que nos est\u00e1 entregando alimentaci\u00f3n, le estamos entregando alimentaci\u00f3n en las noches, a partir de las 20 horas, in situ, en el mismo lugar donde est\u00e1n ellos y a las 7 de la ma\u00f1ana se les est\u00e1 entregando un desayuno caliente, que puede ser leche, caf\u00e9 o t\u00e9 con pan\u201d, dijo el Alcalde Jaime Amar.<\/p>\n<p>A partir de este mes adem\u00e1s, el municipio comenzar\u00e1 un proyecto paralelo, enfocado en la misma gente, con quienes se trabajar\u00e1 un a\u00f1o para hacer un trabajo selectivo, donde una dupla psico-social va a realizar acciones para que estas personas vuelvan a sus hogares, aquellos que los tienen o que en definitiva puedan cambiar su forma de vida.<\/p>\n<p><strong>UBICADOS EN DISTINTOS PUNTOS DE LA COMUNA<\/strong><\/p>\n<p>Por estos d\u00edas la mayor\u00eda de las personas en condici\u00f3n de calle se ubican en la rivera del R\u00edo Aconcagua, en Abraham Ahumada, en las ruinas del regimiento Yungay y detr\u00e1s de la bencinera Terpel, donde viven varias familias, parejas o personas solas que se han ido ubicando con el correr de los d\u00edas.<\/p>\n<p>\u201cNos hemos encontrado de todo, hay personas que se dedican a cartoneros, hay personas que algunos son lavadores de auto, algunos viven emparejados, tienen su mujer, pero se les ha indicado, pero es su estilo de vida y es la forma como quieren vivir\u201d, dijo el jefe comunal.<\/p>\n<p>Los d\u00edas domingo cambia el formato de la actividad, cuando se entrega desayuno y almuerzo.<\/p>\n<p>Seg\u00fan la informaci\u00f3n que se maneja, estas personas no se encontrar\u00edan mal de salud, aunque la situaci\u00f3n podr\u00eda cambiar debido a la presencia de baj\u00edsimas temperaturas que se vienen registrando en la zona hace algunos d\u00edas.<\/p>\n<p>&nbsp;<\/p>\n","protected":false},"excerpt":{"rendered":"<p>Sylvia Vergara G. &#8211;\u00a0svergara@eltrabajo.cl Desde hace tres semanas, el municipio de San Felipe viene ejecutando el programa Noche Digna. Se trata de una iniciativa que se ejecuta con recursos del ministerio de&#8230;<\/p>\n","protected":false},"author":482,"featured_media":20501,"comment_status":"open","ping_status":"closed","sticky":false,"template":"","format":"standard","meta":{"advanced_seo_description":"","jetpack_seo_html_title":"","jetpack_seo_noindex":false,"_jetpack_memberships_contains_paid_content":false,"footnotes":""},"categories":[15],"tags":[],"class_list":["post-20500","post","type-post","status-publish","format-standard","has-post-thumbnail","hentry","category-comunidad"],"jetpack_featured_media_url":"https:\/\/i0.wp.com\/eltrabajo.cl\/portal\/wp-content\/uploads\/2012\/07\/alcalde.jpg?fit=600%2C451&ssl=1","jetpack_sharing_enabled":true,"jetpack_likes_enabled":true,"jetpack-related-posts":[],"_links":{"self":[{"href":"https:\/\/eltrabajo.cl\/portal\/wp-json\/wp\/v2\/posts\/20500","targetHints":{"allow":["GET"]}}],"collection":[{"href":"https:\/\/eltrabajo.cl\/portal\/wp-json\/wp\/v2\/posts"}],"about":[{"href":"https:\/\/eltrabajo.cl\/portal\/wp-json\/wp\/v2\/types\/post"}],"author":[{"embeddable":true,"href":"https:\/\/eltrabajo.cl\/portal\/wp-json\/wp\/v2\/users\/482"}],"replies":[{"embeddable":true,"href":"https:\/\/eltrabajo.cl\/portal\/wp-json\/wp\/v2\/comments?post=20500"}],"version-history":[{"count":0,"href":"https:\/\/eltrabajo.cl\/portal\/wp-json\/wp\/v2\/posts\/20500\/revisions"}],"wp:featuredmedia":[{"embeddable":true,"href":"https:\/\/eltrabajo.cl\/portal\/wp-json\/wp\/v2\/media\/20501"}],"wp:attachment":[{"href":"https:\/\/eltrabajo.cl\/portal\/wp-json\/wp\/v2\/media?parent=20500"}],"wp:term":[{"taxonomy":"category","embeddable":true,"href":"https:\/\/eltrabajo.cl\/portal\/wp-json\/wp\/v2\/categories?post=20500"},{"taxonomy":"post_tag","embeddable":true,"href":"https:\/\/eltrabajo.cl\/portal\/wp-json\/wp\/v2\/tags?post=20500"}],"curies":[{"name":"wp","href":"https:\/\/api.w.org\/{rel}","templated":true}]}}