{"id":20504,"date":"2012-07-10T09:08:44","date_gmt":"2012-07-10T13:08:44","guid":{"rendered":"http:\/\/www.eltrabajo.cl\/portal\/?p=20504"},"modified":"2012-07-10T09:08:44","modified_gmt":"2012-07-10T13:08:44","slug":"diario-%e2%80%98el-trabajo%e2%80%99-en-larga-y-fria-noche-de-ronda-con-carabineros-por-la-ciudad","status":"publish","type":"post","link":"https:\/\/eltrabajo.cl\/portal\/diario-%e2%80%98el-trabajo%e2%80%99-en-larga-y-fria-noche-de-ronda-con-carabineros-por-la-ciudad\/","title":{"rendered":"Diario \u2018El Trabajo\u2019 en larga y fr\u00eda noche de ronda con Carabineros por la ciudad"},"content":{"rendered":"<figure id=\"attachment_20505\" aria-describedby=\"caption-attachment-20505\" style=\"width: 600px\" class=\"wp-caption alignnone\"><a href=\"http:\/\/www.eltrabajo.cl\/portal\/2012\/07\/diario-%e2%80%98el-trabajo%e2%80%99-en-larga-y-fria-noche-de-ronda-con-carabineros-por-la-ciudad\/fiscalizacion-cancha\/\" rel=\"attachment wp-att-20505\"><img data-recalc-dims=\"1\" loading=\"lazy\" decoding=\"async\" class=\"size-full wp-image-20505\" title=\"fiscalizacion cancha\" src=\"https:\/\/i0.wp.com\/www.eltrabajo.cl\/portal\/wp-content\/uploads\/2012\/07\/fiscalizacion-cancha.jpg?resize=600%2C450\" alt=\"\" width=\"600\" height=\"450\" srcset=\"https:\/\/i0.wp.com\/eltrabajo.cl\/portal\/wp-content\/uploads\/2012\/07\/fiscalizacion-cancha.jpg?w=600&amp;ssl=1 600w, https:\/\/i0.wp.com\/eltrabajo.cl\/portal\/wp-content\/uploads\/2012\/07\/fiscalizacion-cancha.jpg?resize=200%2C150&amp;ssl=1 200w, https:\/\/i0.wp.com\/eltrabajo.cl\/portal\/wp-content\/uploads\/2012\/07\/fiscalizacion-cancha.jpg?resize=300%2C225&amp;ssl=1 300w, https:\/\/i0.wp.com\/eltrabajo.cl\/portal\/wp-content\/uploads\/2012\/07\/fiscalizacion-cancha.jpg?resize=150%2C112&amp;ssl=1 150w, https:\/\/i0.wp.com\/eltrabajo.cl\/portal\/wp-content\/uploads\/2012\/07\/fiscalizacion-cancha.jpg?resize=400%2C300&amp;ssl=1 400w\" sizes=\"auto, (max-width: 600px) 100vw, 600px\" \/><\/a><figcaption id=\"caption-attachment-20505\" class=\"wp-caption-text\">Aunque los efectivos policiales realizaron varios controles, la situaci\u00f3n se mantuvo bastante tranquila, no registr\u00e1ndose hechos delictuales en la comuna.<\/figcaption><\/figure>\n<ul>\n<li><strong>Ni el hampa ni el fr\u00edo desanima a uniformados que respiran el peligro a cada momento.<\/strong><\/li>\n<\/ul>\n<p>Sylvia Vergara G. &#8211; Pablo Salinas S.<\/p>\n<p>Al ser las 23:45 horas del s\u00e1bado reci\u00e9n pasado, los efectivos policiales de la Segunda Comisar\u00eda de San Felipe, dieron inicio a una jornada de ronda extraordinaria que tuvo como finalidad apoyar el servicio normal que Carabineros efect\u00faa por distintos sectores de la comuna de San Felipe.<\/p>\n<p>En el servicio participaron diez efectivos policiales, los que estuvieron al mando del Subteniente \u00c1ngelo Acevedo.<\/p>\n<p>Durante la preparaci\u00f3n del operativo, los carabineros recibieron las instrucciones del Comisario de San Felipe, Mayor Marcelo Arancibia, quien les se\u00f1ala que esa noche el operativo policial incluir\u00e1 un recorrido por los distintos sectores poblacionales de la comuna, donde se fiscalizar\u00eda a las personas y la Ley de Alcoholes, poniendo especial atenci\u00f3n en la Ley 20.000 de drogas.<\/p>\n<figure id=\"attachment_20506\" aria-describedby=\"caption-attachment-20506\" style=\"width: 300px\" class=\"wp-caption alignright\"><a href=\"http:\/\/www.eltrabajo.cl\/portal\/2012\/07\/diario-%e2%80%98el-trabajo%e2%80%99-en-larga-y-fria-noche-de-ronda-con-carabineros-por-la-ciudad\/fiscalizacion-menores-1\/\" rel=\"attachment wp-att-20506\"><img data-recalc-dims=\"1\" loading=\"lazy\" decoding=\"async\" class=\"size-medium wp-image-20506\" title=\"Fiscalizacion menores (1)\" src=\"https:\/\/i0.wp.com\/www.eltrabajo.cl\/portal\/wp-content\/uploads\/2012\/07\/Fiscalizacion-menores-1-300x225.jpg?resize=300%2C225\" alt=\"\" width=\"300\" height=\"225\" srcset=\"https:\/\/i0.wp.com\/eltrabajo.cl\/portal\/wp-content\/uploads\/2012\/07\/Fiscalizacion-menores-1.jpg?resize=300%2C225&amp;ssl=1 300w, https:\/\/i0.wp.com\/eltrabajo.cl\/portal\/wp-content\/uploads\/2012\/07\/Fiscalizacion-menores-1.jpg?resize=200%2C150&amp;ssl=1 200w, https:\/\/i0.wp.com\/eltrabajo.cl\/portal\/wp-content\/uploads\/2012\/07\/Fiscalizacion-menores-1.jpg?resize=150%2C112&amp;ssl=1 150w, https:\/\/i0.wp.com\/eltrabajo.cl\/portal\/wp-content\/uploads\/2012\/07\/Fiscalizacion-menores-1.jpg?resize=400%2C300&amp;ssl=1 400w, https:\/\/i0.wp.com\/eltrabajo.cl\/portal\/wp-content\/uploads\/2012\/07\/Fiscalizacion-menores-1.jpg?w=600&amp;ssl=1 600w\" sizes=\"auto, (max-width: 300px) 100vw, 300px\" \/><\/a><figcaption id=\"caption-attachment-20506\" class=\"wp-caption-text\">Aunque los efectivos policiales realizaron varios controles, la situaci\u00f3n se mantuvo bastante tranquila, no registr\u00e1ndose hechos delictuales en la comuna.<\/figcaption><\/figure>\n<p>El grupo policial comenz\u00f3 temprano su trabajo, y eso porque adem\u00e1s de la fiscalizaci\u00f3n durante el d\u00eda, se sum\u00f3 el Servicio Estadio, ya que estuvieron presente en el encuentro deportivo entre Uni\u00f3n San Felipe y Cobresal. Y cerca de las 23 horas comenzaron a prepararse para salir nuevamente a la calle, esta vez para mantener la tranquilidad en la comuna y evitar la ocurrencia de alg\u00fan delito.<\/p>\n<p>Concluida la preparaci\u00f3n del servicio, cuando el reloj marcaba las 23:58 y la comuna registraba una temperatura de 0,5\u00ba bajo cero, lo que daba cuenta de que la noche ser\u00eda bastante helada, al igual que los d\u00edas anteriores, se dispuso la salida del personal en tres carros policiales, comenzando el recorrido por Villa Departamental.<\/p>\n<p>Al llegar a la cancha de ese sector poblacional, los funcionarios se ponen en alerta por la presencia de dos j\u00f3venes sospechosos en la oscuridad. R\u00e1pidamente se les acercan y les realizan un Control de Identidad, pero comprueban que no mantienen \u00d3rdenes de Detenci\u00f3n pendientes.<\/p>\n<p>Los j\u00f3venes se ubicaban en las cercan\u00edas de la sede social, la misma que hace unas semanas fue totalmente destruida debido a un voraz incendio, el que habr\u00eda sido producido por personas que pernoctan en el lugar y quienes habr\u00edan prendido fuego para resguardarse de las bajas temperaturas.<\/p>\n<p>El recorrido continu\u00f3 por el sector de Eusebio Lillo. Repentinamente aparecen otros dos j\u00f3venes que van caminando. Aunque su actitud no es sospechosa, son fiscalizados por la autoridad que les pide su carn\u00e9 de identidad, los que al exhibirlos pueden continuar su camino.<\/p>\n<p>A bordo de los veh\u00edculos policiales, los efectivos continuaron la fiscalizaci\u00f3n, poniendo especial atenci\u00f3n en algunos sectores de la comuna que son conocidos por su complejidad, sin embargo la situaci\u00f3n se mantiene tranquila.<\/p>\n<p>La Radio de Carabineros cada cierto tiempo da cuenta de alg\u00fan procedimiento que se realiza en alguna poblaci\u00f3n de la comuna. En una de esas comunicaciones, se informa de la presencia de un conductor, a quien se le realiz\u00f3 un control y se estableci\u00f3 que conduc\u00eda bajo los efectos del alcohol.<\/p>\n<p>El hecho se registr\u00f3 en el sector de El Almendral, donde efectivos policiales de la Subcomisar\u00eda I.A.T. realizaban un control vehicular.<\/p>\n<p>En un momento en que detuvieron un veh\u00edculo para fiscalizarlo, al conductor se le realiz\u00f3 el Control con el dispositivo Intoxilyzer, el que arroj\u00f3 que el sujeto guiaba con 0.9 gramos de alcohol en la sangre, lo que seg\u00fan la nueva normativa, significaba que manejaba en estado de ebriedad.<\/p>\n<p>El conductor fue detenido y trasladado hasta la Segunda Comisar\u00eda. Mientras que los antecedentes fueron puestos a disposici\u00f3n del Fiscal\u00eda local.<\/p>\n<p>Cerca de las dos de la ma\u00f1ana, los veh\u00edculos policiales se trasladaron hasta un conocido centro de eventos de San Felipe, ah\u00ed fue fiscalizada la presencia de menores en el local. Los efectivos permanecieron por varios minutos en el interior, y aunque destacaba la masiva presencia de j\u00f3venes, no se encontraron menores de edad.<\/p>\n<p>La noche segu\u00eda avanzando, la temperatura bajaba m\u00e1s cada minuto y cerca de las 3 de la ma\u00f1ana, y luego de visitar la villa 250 A\u00f1os, sin presentarse novedades, el oficial a cargo dio por terminado el operativo, volviendo todos los veh\u00edculos policiales a la unidad. La fiscalizaci\u00f3n fue calificada como muy positiva por el Comisario Marcelo Arancibia, destacando la tranquilidad que se registr\u00f3 en la comuna durante toda la noche.<\/p>\n<p>Este operativo termin\u00f3 de madrugada, pero la misi\u00f3n de los efectivos policiales contin\u00faa d\u00eda a d\u00eda, todo con el objetivo de resguardar la seguridad de la comunidad de San Felipe.<\/p>\n<p>&nbsp;<\/p>\n","protected":false},"excerpt":{"rendered":"<p>Ni el hampa ni el fr\u00edo desanima a uniformados que respiran el peligro a cada momento. Sylvia Vergara G. &#8211; Pablo Salinas S. Al ser las 23:45 horas del s\u00e1bado reci\u00e9n pasado,&#8230;<\/p>\n","protected":false},"author":482,"featured_media":20505,"comment_status":"open","ping_status":"closed","sticky":false,"template":"","format":"standard","meta":{"advanced_seo_description":"","jetpack_seo_html_title":"","jetpack_seo_noindex":false,"_jetpack_memberships_contains_paid_content":false,"footnotes":""},"categories":[15],"tags":[],"class_list":["post-20504","post","type-post","status-publish","format-standard","has-post-thumbnail","hentry","category-comunidad"],"jetpack_featured_media_url":"https:\/\/i0.wp.com\/eltrabajo.cl\/portal\/wp-content\/uploads\/2012\/07\/fiscalizacion-cancha.jpg?fit=600%2C450&ssl=1","jetpack_sharing_enabled":true,"jetpack_likes_enabled":true,"jetpack-related-posts":[],"_links":{"self":[{"href":"https:\/\/eltrabajo.cl\/portal\/wp-json\/wp\/v2\/posts\/20504","targetHints":{"allow":["GET"]}}],"collection":[{"href":"https:\/\/eltrabajo.cl\/portal\/wp-json\/wp\/v2\/posts"}],"about":[{"href":"https:\/\/eltrabajo.cl\/portal\/wp-json\/wp\/v2\/types\/post"}],"author":[{"embeddable":true,"href":"https:\/\/eltrabajo.cl\/portal\/wp-json\/wp\/v2\/users\/482"}],"replies":[{"embeddable":true,"href":"https:\/\/eltrabajo.cl\/portal\/wp-json\/wp\/v2\/comments?post=20504"}],"version-history":[{"count":0,"href":"https:\/\/eltrabajo.cl\/portal\/wp-json\/wp\/v2\/posts\/20504\/revisions"}],"wp:featuredmedia":[{"embeddable":true,"href":"https:\/\/eltrabajo.cl\/portal\/wp-json\/wp\/v2\/media\/20505"}],"wp:attachment":[{"href":"https:\/\/eltrabajo.cl\/portal\/wp-json\/wp\/v2\/media?parent=20504"}],"wp:term":[{"taxonomy":"category","embeddable":true,"href":"https:\/\/eltrabajo.cl\/portal\/wp-json\/wp\/v2\/categories?post=20504"},{"taxonomy":"post_tag","embeddable":true,"href":"https:\/\/eltrabajo.cl\/portal\/wp-json\/wp\/v2\/tags?post=20504"}],"curies":[{"name":"wp","href":"https:\/\/api.w.org\/{rel}","templated":true}]}}