{"id":20509,"date":"2012-07-10T09:11:10","date_gmt":"2012-07-10T13:11:10","guid":{"rendered":"http:\/\/www.eltrabajo.cl\/portal\/?p=20509"},"modified":"2012-07-10T09:11:10","modified_gmt":"2012-07-10T13:11:10","slug":"con-rostros-cubiertos-y-armados-con-machete-asaltan-servicentro-de-putaendo","status":"publish","type":"post","link":"https:\/\/eltrabajo.cl\/portal\/con-rostros-cubiertos-y-armados-con-machete-asaltan-servicentro-de-putaendo\/","title":{"rendered":"Con rostros cubiertos y armados con machete asaltan Servicentro de Putaendo"},"content":{"rendered":"<figure id=\"attachment_20510\" aria-describedby=\"caption-attachment-20510\" style=\"width: 600px\" class=\"wp-caption alignnone\"><a href=\"http:\/\/www.eltrabajo.cl\/portal\/2012\/07\/con-rostros-cubiertos-y-armados-con-machete-asaltan-servicentro-de-putaendo\/asalto-a-servicentro-6\/\" rel=\"attachment wp-att-20510\"><img data-recalc-dims=\"1\" loading=\"lazy\" decoding=\"async\" class=\"size-full wp-image-20510\" title=\"asalto a servicentro (6)\" src=\"https:\/\/i0.wp.com\/www.eltrabajo.cl\/portal\/wp-content\/uploads\/2012\/07\/asalto-a-servicentro-6.jpg?resize=600%2C450\" alt=\"\" width=\"600\" height=\"450\" srcset=\"https:\/\/i0.wp.com\/eltrabajo.cl\/portal\/wp-content\/uploads\/2012\/07\/asalto-a-servicentro-6.jpg?w=600&amp;ssl=1 600w, https:\/\/i0.wp.com\/eltrabajo.cl\/portal\/wp-content\/uploads\/2012\/07\/asalto-a-servicentro-6.jpg?resize=200%2C150&amp;ssl=1 200w, https:\/\/i0.wp.com\/eltrabajo.cl\/portal\/wp-content\/uploads\/2012\/07\/asalto-a-servicentro-6.jpg?resize=300%2C225&amp;ssl=1 300w, https:\/\/i0.wp.com\/eltrabajo.cl\/portal\/wp-content\/uploads\/2012\/07\/asalto-a-servicentro-6.jpg?resize=150%2C112&amp;ssl=1 150w, https:\/\/i0.wp.com\/eltrabajo.cl\/portal\/wp-content\/uploads\/2012\/07\/asalto-a-servicentro-6.jpg?resize=400%2C300&amp;ssl=1 400w\" sizes=\"auto, (max-width: 600px) 100vw, 600px\" \/><\/a><figcaption id=\"caption-attachment-20510\" class=\"wp-caption-text\">Cuando se dirigi\u00f3 a esta peque\u00f1a oficina para tomarse un caf\u00e9, el bombero fue asalto por los delincuentes.<\/figcaption><\/figure>\n<p><strong>PUTAENDO<\/strong>.- Dos sujetos con sus rostros totalmente cubiertos con gorros pasamonta\u00f1as y armados de un \u2018machete\u2019, asaltaron el Servicentro Petrobras de la comuna de Putaendo la noche de este domingo.<\/p>\n<p>El hecho se registr\u00f3 pasadas las 20:15 horas, cuando el bombero de turno, Luis Ojeda, se dirigi\u00f3 hasta la oficina que tienen ubicada en las dependencias de la estaci\u00f3n de servicio para tomarse un caf\u00e9, momento en el cual sorpresivamente aparecieron dos sujetos, uno de los cuales lo tom\u00f3 por el cuello mientras que con la otra mano lo amenazaba con un machete. El segundo sujeto permanec\u00eda en la puerta de la oficina, esperando por la eventualidad que aparecieran clientes. Los delincuentes revisaron por completo vestimentas del bombero, llev\u00e1ndose aproximadamente una cantidad de dinero no superior a los $70.000.<\/p>\n<figure id=\"attachment_20511\" aria-describedby=\"caption-attachment-20511\" style=\"width: 300px\" class=\"wp-caption alignright\"><a href=\"http:\/\/www.eltrabajo.cl\/portal\/2012\/07\/con-rostros-cubiertos-y-armados-con-machete-asaltan-servicentro-de-putaendo\/asalto-a-servicentro-5\/\" rel=\"attachment wp-att-20511\"><img data-recalc-dims=\"1\" loading=\"lazy\" decoding=\"async\" class=\"size-medium wp-image-20511\" title=\"asalto a servicentro (5)\" src=\"https:\/\/i0.wp.com\/www.eltrabajo.cl\/portal\/wp-content\/uploads\/2012\/07\/asalto-a-servicentro-5-300x225.jpg?resize=300%2C225\" alt=\"\" width=\"300\" height=\"225\" srcset=\"https:\/\/i0.wp.com\/eltrabajo.cl\/portal\/wp-content\/uploads\/2012\/07\/asalto-a-servicentro-5.jpg?resize=300%2C225&amp;ssl=1 300w, https:\/\/i0.wp.com\/eltrabajo.cl\/portal\/wp-content\/uploads\/2012\/07\/asalto-a-servicentro-5.jpg?resize=200%2C150&amp;ssl=1 200w, https:\/\/i0.wp.com\/eltrabajo.cl\/portal\/wp-content\/uploads\/2012\/07\/asalto-a-servicentro-5.jpg?resize=150%2C112&amp;ssl=1 150w, https:\/\/i0.wp.com\/eltrabajo.cl\/portal\/wp-content\/uploads\/2012\/07\/asalto-a-servicentro-5.jpg?resize=400%2C300&amp;ssl=1 400w, https:\/\/i0.wp.com\/eltrabajo.cl\/portal\/wp-content\/uploads\/2012\/07\/asalto-a-servicentro-5.jpg?w=600&amp;ssl=1 600w\" sizes=\"auto, (max-width: 300px) 100vw, 300px\" \/><\/a><figcaption id=\"caption-attachment-20511\" class=\"wp-caption-text\">El bombero Luis Ojeda muestra el lugar donde fue asaltado por los delincuentes que lo amenazaron con un machete.<\/figcaption><\/figure>\n<p>Los sujetos huyeron raudamente por Calle Bulnes, doblando por Calle Chacabuco, ocasi\u00f3n en que apenas salieron del Servicentro, el bombero activ\u00f3 el dispositivo de alarma, dando aviso a la vez a personal de Carabineros, quienes r\u00e1pidamente activaron el plan de emergencia contemplado para estas situaciones, siendo apoyados por varias unidades m\u00e1s de Carabineros que realizaron un intenso patrullaje por toda la comuna en busca de los delincuentes, sin que hasta el momento se tengan antecedentes que permitan su captura.<\/p>\n<p>Luis Ojeda convers\u00f3 en exclusiva con Diario El Trabajo, donde visiblemente nervioso a\u00fan por la experiencia vivida, dijo que temi\u00f3 por su vida puesto que los sujetos actuaron con inusitada violencia y que al parecer lo habr\u00edan estado observando, ya que esperaron que atendiera a un cliente y cuando lo vieron ingresar a la oficina para tomarse un caf\u00e9 lo atacaron sorpresivamente.<\/p>\n<p>Sobre lo mismo agreg\u00f3 que no le dieron tiempo de reaccionar, \u00absolo sent\u00ed el grito, los insultos y vi el machete con el que me amenazaron. El sujeto primero me tom\u00f3 del cuello y despu\u00e9s comenz\u00f3 a revisarme y le pasaba el dinero al otro sujeto que estaba en la puerta. En un momento determinado, el tipo que ten\u00eda el machete lo dej\u00f3 caer con mucha fuerza sobre la mesa, y pens\u00e9, en ese instante que me pod\u00eda agredir, pero afortunadamente el otro individuo le grit\u00f3 que se fueran y salieron huyendo. Apenas se fueron activ\u00e9 el bot\u00f3n de la alarma y llam\u00e9 a Carabineros, pero es una experiencia que indudablemente nunca pens\u00e9 vivirla y donde gracias a Dios no me pas\u00f3 nada\u00bb.<\/p>\n<p>Por el intenso fr\u00edo reinante y por tratarse de un d\u00eda domingo, eran muy pocos los transe\u00fantes que circulaban por el sector, sin embargo, un testigo que solicit\u00f3 no ser identificado corrobor\u00f3 la versi\u00f3n del bombero, pues vio a ambos sujetos huir hacia la calle Chacabuco, donde finalmente se perdi\u00f3 el rastro de los delincuentes, de quienes no se sabe si continuaron huyendo por esta calle o estaban siendo esperados en alg\u00fan veh\u00edculo estacionado en el sector.<\/p>\n<p><strong>Patricio Gallardo M.<\/strong><\/p>\n<p>&nbsp;<\/p>\n","protected":false},"excerpt":{"rendered":"<p>PUTAENDO.- Dos sujetos con sus rostros totalmente cubiertos con gorros pasamonta\u00f1as y armados de un \u2018machete\u2019, asaltaron el Servicentro Petrobras de la comuna de Putaendo la noche de este domingo. El hecho&#8230;<\/p>\n","protected":false},"author":482,"featured_media":20510,"comment_status":"open","ping_status":"closed","sticky":false,"template":"","format":"standard","meta":{"advanced_seo_description":"","jetpack_seo_html_title":"","jetpack_seo_noindex":false,"_jetpack_memberships_contains_paid_content":false,"footnotes":""},"categories":[21],"tags":[],"class_list":["post-20509","post","type-post","status-publish","format-standard","has-post-thumbnail","hentry","category-policial"],"jetpack_featured_media_url":"https:\/\/i0.wp.com\/eltrabajo.cl\/portal\/wp-content\/uploads\/2012\/07\/asalto-a-servicentro-6.jpg?fit=600%2C450&ssl=1","jetpack_sharing_enabled":true,"jetpack_likes_enabled":true,"jetpack-related-posts":[],"_links":{"self":[{"href":"https:\/\/eltrabajo.cl\/portal\/wp-json\/wp\/v2\/posts\/20509","targetHints":{"allow":["GET"]}}],"collection":[{"href":"https:\/\/eltrabajo.cl\/portal\/wp-json\/wp\/v2\/posts"}],"about":[{"href":"https:\/\/eltrabajo.cl\/portal\/wp-json\/wp\/v2\/types\/post"}],"author":[{"embeddable":true,"href":"https:\/\/eltrabajo.cl\/portal\/wp-json\/wp\/v2\/users\/482"}],"replies":[{"embeddable":true,"href":"https:\/\/eltrabajo.cl\/portal\/wp-json\/wp\/v2\/comments?post=20509"}],"version-history":[{"count":0,"href":"https:\/\/eltrabajo.cl\/portal\/wp-json\/wp\/v2\/posts\/20509\/revisions"}],"wp:featuredmedia":[{"embeddable":true,"href":"https:\/\/eltrabajo.cl\/portal\/wp-json\/wp\/v2\/media\/20510"}],"wp:attachment":[{"href":"https:\/\/eltrabajo.cl\/portal\/wp-json\/wp\/v2\/media?parent=20509"}],"wp:term":[{"taxonomy":"category","embeddable":true,"href":"https:\/\/eltrabajo.cl\/portal\/wp-json\/wp\/v2\/categories?post=20509"},{"taxonomy":"post_tag","embeddable":true,"href":"https:\/\/eltrabajo.cl\/portal\/wp-json\/wp\/v2\/tags?post=20509"}],"curies":[{"name":"wp","href":"https:\/\/api.w.org\/{rel}","templated":true}]}}