{"id":20514,"date":"2012-07-10T09:12:41","date_gmt":"2012-07-10T13:12:41","guid":{"rendered":"http:\/\/www.eltrabajo.cl\/portal\/?p=20514"},"modified":"2012-07-10T09:12:41","modified_gmt":"2012-07-10T13:12:41","slug":"diputado-rivas-propone-expropiar-derechos-de-agua-entregados-a-colbun","status":"publish","type":"post","link":"https:\/\/eltrabajo.cl\/portal\/diputado-rivas-propone-expropiar-derechos-de-agua-entregados-a-colbun\/","title":{"rendered":"Diputado Rivas propone expropiar derechos de agua entregados a Colb\u00fan"},"content":{"rendered":"<figure id=\"attachment_20515\" aria-describedby=\"caption-attachment-20515\" style=\"width: 300px\" class=\"wp-caption alignleft\"><a href=\"http:\/\/www.eltrabajo.cl\/portal\/2012\/07\/diputado-rivas-propone-expropiar-derechos-de-agua-entregados-a-colbun\/gedsc-digital-camera\/\" rel=\"attachment wp-att-20515\"><img data-recalc-dims=\"1\" loading=\"lazy\" decoding=\"async\" class=\"size-medium wp-image-20515\" title=\"GEDSC DIGITAL CAMERA\" src=\"https:\/\/i0.wp.com\/www.eltrabajo.cl\/portal\/wp-content\/uploads\/2012\/07\/gaspar-rivas-300x225.jpg?resize=300%2C225\" alt=\"\" width=\"300\" height=\"225\" srcset=\"https:\/\/i0.wp.com\/eltrabajo.cl\/portal\/wp-content\/uploads\/2012\/07\/gaspar-rivas.jpg?resize=300%2C225&amp;ssl=1 300w, https:\/\/i0.wp.com\/eltrabajo.cl\/portal\/wp-content\/uploads\/2012\/07\/gaspar-rivas.jpg?resize=200%2C150&amp;ssl=1 200w, https:\/\/i0.wp.com\/eltrabajo.cl\/portal\/wp-content\/uploads\/2012\/07\/gaspar-rivas.jpg?resize=150%2C112&amp;ssl=1 150w, https:\/\/i0.wp.com\/eltrabajo.cl\/portal\/wp-content\/uploads\/2012\/07\/gaspar-rivas.jpg?resize=400%2C300&amp;ssl=1 400w, https:\/\/i0.wp.com\/eltrabajo.cl\/portal\/wp-content\/uploads\/2012\/07\/gaspar-rivas.jpg?w=600&amp;ssl=1 600w\" sizes=\"auto, (max-width: 300px) 100vw, 300px\" \/><\/a><figcaption id=\"caption-attachment-20515\" class=\"wp-caption-text\">El Diputado Gaspar Rivas propuso la expropiaci\u00f3n como herramienta efectiva para solucionar la supuesta \u2018chambonada\u2019 de la Direcci\u00f3n General de Aguas.<\/figcaption><\/figure>\n<p>El Diputado Gaspar Rivas, tras reunirse con dirigentes de la Junta de Vigilancia del R\u00edo Putaendo y autoridades locales para analizar las reuni\u00f3n de la Mesa de Trabajo con Subsecretaria de Obras P\u00fablicas por derechos de agua entregados a Colb\u00fan, afirm\u00f3 que el Gobierno debe jug\u00e1rsela por una \u201cexpropiaci\u00f3n\u201d.<\/p>\n<p>Consiente que las medidas que estar\u00eda siguiendo el Ministerio de Obras P\u00fablicas para solucionar el conflicto y que fueron anunciadas por la Subsecretaria Loreto Silva, no dejaron conforme a los regantes y comunidad de Putaendo, como son ver una v\u00eda administrativa, judicializaci\u00f3n del caso con intervenci\u00f3n del Consejo de Defensa del Estado y la negociaci\u00f3n con Colb\u00fan, el Diputado Gaspar Rivas, que ha sido un duro cr\u00edtico de la \u2018chambonada\u2019 de la Direcci\u00f3n General de Aguas, abiertamente manifest\u00f3 que el Gobierno debe \u201cexpropiar\u201d los pol\u00e9micos derechos de agua entregados a la hidroel\u00e9ctrica Guardia Vieja en el R\u00edo Roc\u00edn.<\/p>\n<p>\u201cLas medidas que se est\u00e1n evaluando tienen un camino largo y no sabemos cu\u00e1l ser\u00e1 su desenlace, podr\u00edamos al final encontrarnos con algo m\u00e1s desagradable. Por lo tanto, estoy haciendo un llamado derechamente a que el Estado de Chile, por causa de utilidad p\u00fablica, utilidad nacional, haga uso de la normativa y expropie estos derechos que est\u00e1n otorgados actualmente a hidroel\u00e9ctrica Guardia Vieja, y que de esa manera este conflicto se resuelva de una vez por todas\u201d, afirm\u00f3 Rivas.<\/p>\n<p>El parlamentario se\u00f1al\u00f3 que espera que el Gobierno reaccione y tome esta propuesta, \u201cporque me parece que puede ser mucho m\u00e1s r\u00e1pida y definitiva que la v\u00eda judicial que se propuso en la Mesa de Trabajo, que paralelamente tiene que seguirse, pero algo m\u00e1s definitivo ser\u00eda expropiar, ser\u00eda una inyecci\u00f3n a la vena, aqu\u00ed no necesitamos m\u00e1s antibi\u00f3ticos v\u00eda oral para atacar la enfermedad, la expropiaci\u00f3n es un antibi\u00f3tico a la vena\u201d.<\/p>\n<p>&nbsp;<\/p>\n","protected":false},"excerpt":{"rendered":"<p>El Diputado Gaspar Rivas, tras reunirse con dirigentes de la Junta de Vigilancia del R\u00edo Putaendo y autoridades locales para analizar las reuni\u00f3n de la Mesa de Trabajo con Subsecretaria de Obras&#8230;<\/p>\n","protected":false},"author":482,"featured_media":20515,"comment_status":"open","ping_status":"closed","sticky":false,"template":"","format":"standard","meta":{"advanced_seo_description":"","jetpack_seo_html_title":"","jetpack_seo_noindex":false,"_jetpack_memberships_contains_paid_content":false,"footnotes":""},"categories":[1],"tags":[],"class_list":["post-20514","post","type-post","status-publish","format-standard","has-post-thumbnail","hentry","category-cronica"],"jetpack_featured_media_url":"https:\/\/i0.wp.com\/eltrabajo.cl\/portal\/wp-content\/uploads\/2012\/07\/gaspar-rivas.jpg?fit=600%2C451&ssl=1","jetpack_sharing_enabled":true,"jetpack_likes_enabled":true,"jetpack-related-posts":[],"_links":{"self":[{"href":"https:\/\/eltrabajo.cl\/portal\/wp-json\/wp\/v2\/posts\/20514","targetHints":{"allow":["GET"]}}],"collection":[{"href":"https:\/\/eltrabajo.cl\/portal\/wp-json\/wp\/v2\/posts"}],"about":[{"href":"https:\/\/eltrabajo.cl\/portal\/wp-json\/wp\/v2\/types\/post"}],"author":[{"embeddable":true,"href":"https:\/\/eltrabajo.cl\/portal\/wp-json\/wp\/v2\/users\/482"}],"replies":[{"embeddable":true,"href":"https:\/\/eltrabajo.cl\/portal\/wp-json\/wp\/v2\/comments?post=20514"}],"version-history":[{"count":0,"href":"https:\/\/eltrabajo.cl\/portal\/wp-json\/wp\/v2\/posts\/20514\/revisions"}],"wp:featuredmedia":[{"embeddable":true,"href":"https:\/\/eltrabajo.cl\/portal\/wp-json\/wp\/v2\/media\/20515"}],"wp:attachment":[{"href":"https:\/\/eltrabajo.cl\/portal\/wp-json\/wp\/v2\/media?parent=20514"}],"wp:term":[{"taxonomy":"category","embeddable":true,"href":"https:\/\/eltrabajo.cl\/portal\/wp-json\/wp\/v2\/categories?post=20514"},{"taxonomy":"post_tag","embeddable":true,"href":"https:\/\/eltrabajo.cl\/portal\/wp-json\/wp\/v2\/tags?post=20514"}],"curies":[{"name":"wp","href":"https:\/\/api.w.org\/{rel}","templated":true}]}}