{"id":20518,"date":"2012-07-10T09:15:20","date_gmt":"2012-07-10T13:15:20","guid":{"rendered":"http:\/\/www.eltrabajo.cl\/portal\/?p=20518"},"modified":"2012-07-10T09:15:20","modified_gmt":"2012-07-10T13:15:20","slug":"roban-por-tercera-vez-en-una-semana-a-menores-del-jardin-%e2%80%98el-peneca%e2%80%99","status":"publish","type":"post","link":"https:\/\/eltrabajo.cl\/portal\/roban-por-tercera-vez-en-una-semana-a-menores-del-jardin-%e2%80%98el-peneca%e2%80%99\/","title":{"rendered":"Roban por tercera vez en una semana a menores del Jard\u00edn \u2018El Peneca\u2019"},"content":{"rendered":"<figure id=\"attachment_20519\" aria-describedby=\"caption-attachment-20519\" style=\"width: 600px\" class=\"wp-caption alignnone\"><a href=\"http:\/\/www.eltrabajo.cl\/portal\/2012\/07\/roban-por-tercera-vez-en-una-semana-a-menores-del-jardin-%e2%80%98el-peneca%e2%80%99\/ventana-rota\/\" rel=\"attachment wp-att-20519\"><img data-recalc-dims=\"1\" loading=\"lazy\" decoding=\"async\" class=\"size-full wp-image-20519\" title=\"ventana rota\" src=\"https:\/\/i0.wp.com\/www.eltrabajo.cl\/portal\/wp-content\/uploads\/2012\/07\/ventana-rota.jpg?resize=600%2C450\" alt=\"\" width=\"600\" height=\"450\" srcset=\"https:\/\/i0.wp.com\/eltrabajo.cl\/portal\/wp-content\/uploads\/2012\/07\/ventana-rota.jpg?w=600&amp;ssl=1 600w, https:\/\/i0.wp.com\/eltrabajo.cl\/portal\/wp-content\/uploads\/2012\/07\/ventana-rota.jpg?resize=200%2C150&amp;ssl=1 200w, https:\/\/i0.wp.com\/eltrabajo.cl\/portal\/wp-content\/uploads\/2012\/07\/ventana-rota.jpg?resize=300%2C225&amp;ssl=1 300w, https:\/\/i0.wp.com\/eltrabajo.cl\/portal\/wp-content\/uploads\/2012\/07\/ventana-rota.jpg?resize=150%2C112&amp;ssl=1 150w, https:\/\/i0.wp.com\/eltrabajo.cl\/portal\/wp-content\/uploads\/2012\/07\/ventana-rota.jpg?resize=400%2C300&amp;ssl=1 400w\" sizes=\"auto, (max-width: 600px) 100vw, 600px\" \/><\/a><figcaption id=\"caption-attachment-20519\" class=\"wp-caption-text\">Por esta ventana ingresaron los antisociales, luego de quebrar el vidrio, desde donde se llevaron material educativo.<\/figcaption><\/figure>\n<p>Por tercera vez, en el lapso de una semana, los peque\u00f1os que asisten al Jard\u00edn Infantil \u2018El Peneca\u2019 se vieron gravemente afectados luego que desconocidos ingresaran a robar a dichas dependencias.<\/p>\n<p>Durante el fin de semana, delincuentes ingresaron hasta una de las salas de clase que desde el terremoto funciona como bodega y desde all\u00ed sustrajeron diversos materiales de trabajo que utilizan los peque\u00f1os en sus labores habituales durante el d\u00eda.<\/p>\n<p><strong>SEGUIDILLA DE ROBOS<\/strong><\/p>\n<p>El primer robo se registr\u00f3 la semana pasada, y qued\u00f3 al descubierto cuando las educadoras llegaron en horas de la ma\u00f1ana a cumplir su jornada laboral.<\/p>\n<figure id=\"attachment_20520\" aria-describedby=\"caption-attachment-20520\" style=\"width: 300px\" class=\"wp-caption alignright\"><a href=\"http:\/\/www.eltrabajo.cl\/portal\/2012\/07\/roban-por-tercera-vez-en-una-semana-a-menores-del-jardin-%e2%80%98el-peneca%e2%80%99\/desorden-1\/\" rel=\"attachment wp-att-20520\"><img data-recalc-dims=\"1\" loading=\"lazy\" decoding=\"async\" class=\"size-medium wp-image-20520 \" title=\"desorden (1)\" src=\"https:\/\/i0.wp.com\/www.eltrabajo.cl\/portal\/wp-content\/uploads\/2012\/07\/desorden-1-300x225.jpg?resize=300%2C225\" alt=\"\" width=\"300\" height=\"225\" srcset=\"https:\/\/i0.wp.com\/eltrabajo.cl\/portal\/wp-content\/uploads\/2012\/07\/desorden-1.jpg?resize=300%2C225&amp;ssl=1 300w, https:\/\/i0.wp.com\/eltrabajo.cl\/portal\/wp-content\/uploads\/2012\/07\/desorden-1.jpg?resize=200%2C150&amp;ssl=1 200w, https:\/\/i0.wp.com\/eltrabajo.cl\/portal\/wp-content\/uploads\/2012\/07\/desorden-1.jpg?resize=150%2C112&amp;ssl=1 150w, https:\/\/i0.wp.com\/eltrabajo.cl\/portal\/wp-content\/uploads\/2012\/07\/desorden-1.jpg?resize=400%2C300&amp;ssl=1 400w, https:\/\/i0.wp.com\/eltrabajo.cl\/portal\/wp-content\/uploads\/2012\/07\/desorden-1.jpg?w=600&amp;ssl=1 600w\" sizes=\"auto, (max-width: 300px) 100vw, 300px\" \/><\/a><figcaption id=\"caption-attachment-20520\" class=\"wp-caption-text\">Los antisociales, en todas las oportunidades que han ingresado, dejan las dependencias desordenadas y esta \u00faltima vez se dedicaron a buscar cosas de valor en este estante.<\/figcaption><\/figure>\n<p>En esa oportunidad encontraron una de las salas con un vidrio quebrado y todo desordenado.<\/p>\n<p>\u201cEn esa oportunidad se robaron material did\u00e1ctico y materiales de aseo, y hoy d\u00eda cuando llegamos a las 8:30, esta sala que la tenemos ahora como bodega, que no se usa por el terremoto, la Junji no autoriza a usarla, la tenemos como bodega y tambi\u00e9n llegamos y tambi\u00e9n rompieron un vidrio y se robaron el material did\u00e1ctico que ten\u00edamos guardado para el trabajo con los ni\u00f1os\u201d, se\u00f1al\u00f3 Marianela Silva, educadora que se encuentra subrogando a la directora del establecimiento.<\/p>\n<p>En los tres robos, los sujetos se han llevado masas para modelar y todo tipo de l\u00e1pices, adem\u00e1s de bastante material did\u00e1ctico.<\/p>\n<p>\u201cNosotros trabajamos ac\u00e1 un sistema que se llama \u00e1reas permanentes, entonces se robaron mucho material del \u00e1rea de las ciencias, de las matem\u00e1ticas, del lenguaje, m\u00e1s o menos avaluado en 200 mil pesos\u201d, indic\u00f3 Silva.<\/p>\n<p><strong>COSAS DE VALOR EST\u00c1N RESGUARDADAS<\/strong><\/p>\n<p>Los sujetos dejaron sumamente desordenado, en busca seguramente de m\u00e1s cosas de valor, las que est\u00e1n resguardadas en otro sector de mayor seguridad.<\/p>\n<p>\u201cLas cosas de m\u00e1s valor, nosotros tenemos en la oficina como blindado ah\u00ed, porque tenemos puertas de fierro, con mucha protecci\u00f3n, porque como este jard\u00edn hemos sido siempre foco de delincuencia, esas cosas de valor lo tenemos muy guardado y no pueden entrar\u201d, dijo la educadora.<\/p>\n<figure id=\"attachment_20521\" aria-describedby=\"caption-attachment-20521\" style=\"width: 210px\" class=\"wp-caption alignleft\"><a href=\"http:\/\/www.eltrabajo.cl\/portal\/2012\/07\/roban-por-tercera-vez-en-una-semana-a-menores-del-jardin-%e2%80%98el-peneca%e2%80%99\/marianela\/\" rel=\"attachment wp-att-20521\"><img data-recalc-dims=\"1\" loading=\"lazy\" decoding=\"async\" class=\"size-medium wp-image-20521 \" title=\"marianela\" src=\"https:\/\/i0.wp.com\/www.eltrabajo.cl\/portal\/wp-content\/uploads\/2012\/07\/marianela-300x227.jpg?resize=210%2C159\" alt=\"\" width=\"210\" height=\"159\" srcset=\"https:\/\/i0.wp.com\/eltrabajo.cl\/portal\/wp-content\/uploads\/2012\/07\/marianela.jpg?resize=300%2C227&amp;ssl=1 300w, https:\/\/i0.wp.com\/eltrabajo.cl\/portal\/wp-content\/uploads\/2012\/07\/marianela.jpg?resize=198%2C150&amp;ssl=1 198w, https:\/\/i0.wp.com\/eltrabajo.cl\/portal\/wp-content\/uploads\/2012\/07\/marianela.jpg?resize=150%2C113&amp;ssl=1 150w, https:\/\/i0.wp.com\/eltrabajo.cl\/portal\/wp-content\/uploads\/2012\/07\/marianela.jpg?resize=400%2C302&amp;ssl=1 400w, https:\/\/i0.wp.com\/eltrabajo.cl\/portal\/wp-content\/uploads\/2012\/07\/marianela.jpg?w=600&amp;ssl=1 600w\" sizes=\"auto, (max-width: 210px) 100vw, 210px\" \/><\/a><figcaption id=\"caption-attachment-20521\" class=\"wp-caption-text\">Marianela Silva, quien se encuentra subrogando a la directora, se\u00f1al\u00f3 que este es el tercer robo que sufren en una semana.<\/figcaption><\/figure>\n<p>La p\u00e9rdida de estos elementos significan dejar a los ni\u00f1os sin su material de trabajo, situaci\u00f3n que toma bastante tiempo en solucionarse.<\/p>\n<p>El jard\u00edn cuenta con alarma de seguridad, aunque s\u00f3lo en el sector de oficinas, ya que las salas no cuentan con ning\u00fan tipo de protecci\u00f3n, eso sumado al hecho que el establecimiento en general es bastante abierto y no cuentan con ninguna persona que cuide durante las noches, le da las facilidades a los antisociales para ingresar.<\/p>\n<p>&nbsp;<\/p>\n","protected":false},"excerpt":{"rendered":"<p>Por tercera vez, en el lapso de una semana, los peque\u00f1os que asisten al Jard\u00edn Infantil \u2018El Peneca\u2019 se vieron gravemente afectados luego que desconocidos ingresaran a robar a dichas dependencias. Durante&#8230;<\/p>\n","protected":false},"author":482,"featured_media":20519,"comment_status":"open","ping_status":"closed","sticky":false,"template":"","format":"standard","meta":{"advanced_seo_description":"","jetpack_seo_html_title":"","jetpack_seo_noindex":false,"_jetpack_memberships_contains_paid_content":false,"footnotes":""},"categories":[21],"tags":[],"class_list":["post-20518","post","type-post","status-publish","format-standard","has-post-thumbnail","hentry","category-policial"],"jetpack_featured_media_url":"https:\/\/i0.wp.com\/eltrabajo.cl\/portal\/wp-content\/uploads\/2012\/07\/ventana-rota.jpg?fit=600%2C450&ssl=1","jetpack_sharing_enabled":true,"jetpack_likes_enabled":true,"jetpack-related-posts":[],"_links":{"self":[{"href":"https:\/\/eltrabajo.cl\/portal\/wp-json\/wp\/v2\/posts\/20518","targetHints":{"allow":["GET"]}}],"collection":[{"href":"https:\/\/eltrabajo.cl\/portal\/wp-json\/wp\/v2\/posts"}],"about":[{"href":"https:\/\/eltrabajo.cl\/portal\/wp-json\/wp\/v2\/types\/post"}],"author":[{"embeddable":true,"href":"https:\/\/eltrabajo.cl\/portal\/wp-json\/wp\/v2\/users\/482"}],"replies":[{"embeddable":true,"href":"https:\/\/eltrabajo.cl\/portal\/wp-json\/wp\/v2\/comments?post=20518"}],"version-history":[{"count":0,"href":"https:\/\/eltrabajo.cl\/portal\/wp-json\/wp\/v2\/posts\/20518\/revisions"}],"wp:featuredmedia":[{"embeddable":true,"href":"https:\/\/eltrabajo.cl\/portal\/wp-json\/wp\/v2\/media\/20519"}],"wp:attachment":[{"href":"https:\/\/eltrabajo.cl\/portal\/wp-json\/wp\/v2\/media?parent=20518"}],"wp:term":[{"taxonomy":"category","embeddable":true,"href":"https:\/\/eltrabajo.cl\/portal\/wp-json\/wp\/v2\/categories?post=20518"},{"taxonomy":"post_tag","embeddable":true,"href":"https:\/\/eltrabajo.cl\/portal\/wp-json\/wp\/v2\/tags?post=20518"}],"curies":[{"name":"wp","href":"https:\/\/api.w.org\/{rel}","templated":true}]}}