{"id":20524,"date":"2012-07-11T09:14:51","date_gmt":"2012-07-11T13:14:51","guid":{"rendered":"http:\/\/www.eltrabajo.cl\/portal\/?p=20524"},"modified":"2012-07-11T09:14:51","modified_gmt":"2012-07-11T13:14:51","slug":"oficina-de-la-mujer-busca-evitar-%e2%80%98victimizacion-secundaria%e2%80%99-a-victimas-de-vif","status":"publish","type":"post","link":"https:\/\/eltrabajo.cl\/portal\/oficina-de-la-mujer-busca-evitar-%e2%80%98victimizacion-secundaria%e2%80%99-a-victimas-de-vif\/","title":{"rendered":"Oficina de la Mujer busca evitar \u2018Victimizaci\u00f3n Secundaria\u2019 a v\u00edctimas de VIF"},"content":{"rendered":"<figure id=\"attachment_20525\" aria-describedby=\"caption-attachment-20525\" style=\"width: 600px\" class=\"wp-caption alignnone\"><a href=\"http:\/\/www.eltrabajo.cl\/portal\/2012\/07\/oficina-de-la-mujer-busca-evitar-%e2%80%98victimizacion-secundaria%e2%80%99-a-victimas-de-vif\/mujeres1-2\/\" rel=\"attachment wp-att-20525\"><img data-recalc-dims=\"1\" loading=\"lazy\" decoding=\"async\" class=\"size-full wp-image-20525\" title=\"Mujeres1\" src=\"https:\/\/i0.wp.com\/www.eltrabajo.cl\/portal\/wp-content\/uploads\/2012\/07\/Mujeres1.jpg?resize=600%2C405\" alt=\"\" width=\"600\" height=\"405\" srcset=\"https:\/\/i0.wp.com\/eltrabajo.cl\/portal\/wp-content\/uploads\/2012\/07\/Mujeres1.jpg?w=600&amp;ssl=1 600w, https:\/\/i0.wp.com\/eltrabajo.cl\/portal\/wp-content\/uploads\/2012\/07\/Mujeres1.jpg?resize=200%2C135&amp;ssl=1 200w, https:\/\/i0.wp.com\/eltrabajo.cl\/portal\/wp-content\/uploads\/2012\/07\/Mujeres1.jpg?resize=300%2C202&amp;ssl=1 300w, https:\/\/i0.wp.com\/eltrabajo.cl\/portal\/wp-content\/uploads\/2012\/07\/Mujeres1.jpg?resize=150%2C101&amp;ssl=1 150w, https:\/\/i0.wp.com\/eltrabajo.cl\/portal\/wp-content\/uploads\/2012\/07\/Mujeres1.jpg?resize=400%2C270&amp;ssl=1 400w\" sizes=\"auto, (max-width: 600px) 100vw, 600px\" \/><\/a><figcaption id=\"caption-attachment-20525\" class=\"wp-caption-text\">De izquierda a derecha: Maritza Z\u00fa\u00f1iga Fuentes, Natalia Herrera Consterla, Carla Montenegro Salinas, B\u00e1rbara Err\u00e1zuriz Palominos, Karla Izquierdo Escudero y Gloria Hern\u00e1ndez Cofr\u00e9.<\/figcaption><\/figure>\n<p>Roberto Gonz\u00e1lez Short &#8211; rgonzalez@eltrabajo.cl<\/p>\n<p>Con miras a brindar a todas las mujeres que viven en las seis comunas de la provincia de San Felipe, una informaci\u00f3n actualizada sobre el accionar en su favor, Diario El Trabajo ofrece hoy una rese\u00f1a informativa sobre el accionar del Centro de la Mujer Sernam San Felipe, que opera en Coimas 254 y que est\u00e1 a disposici\u00f3n de las vecinas mayores de 18 a\u00f1os que vivan en Llay Llay, Putaendo, San Felipe, Santa Mar\u00eda, Panquehue y Catemu. Al respecto, nuestro medio habl\u00f3 con Carla Montealegre Salinas, Coordinadora del Centro de la Mujer Sernam San Felipe.<\/p>\n<figure id=\"attachment_20526\" aria-describedby=\"caption-attachment-20526\" style=\"width: 300px\" class=\"wp-caption alignright\"><a href=\"http:\/\/www.eltrabajo.cl\/portal\/2012\/07\/oficina-de-la-mujer-busca-evitar-%e2%80%98victimizacion-secundaria%e2%80%99-a-victimas-de-vif\/charlas1-2\/\" rel=\"attachment wp-att-20526\"><img data-recalc-dims=\"1\" loading=\"lazy\" decoding=\"async\" class=\"size-medium wp-image-20526\" title=\"Charlas1\" src=\"https:\/\/i0.wp.com\/www.eltrabajo.cl\/portal\/wp-content\/uploads\/2012\/07\/Charlas1-300x205.jpg?resize=300%2C205\" alt=\"\" width=\"300\" height=\"205\" srcset=\"https:\/\/i0.wp.com\/eltrabajo.cl\/portal\/wp-content\/uploads\/2012\/07\/Charlas1.jpg?resize=300%2C205&amp;ssl=1 300w, https:\/\/i0.wp.com\/eltrabajo.cl\/portal\/wp-content\/uploads\/2012\/07\/Charlas1.jpg?resize=200%2C136&amp;ssl=1 200w, https:\/\/i0.wp.com\/eltrabajo.cl\/portal\/wp-content\/uploads\/2012\/07\/Charlas1.jpg?resize=150%2C102&amp;ssl=1 150w, https:\/\/i0.wp.com\/eltrabajo.cl\/portal\/wp-content\/uploads\/2012\/07\/Charlas1.jpg?resize=400%2C273&amp;ssl=1 400w, https:\/\/i0.wp.com\/eltrabajo.cl\/portal\/wp-content\/uploads\/2012\/07\/Charlas1.jpg?w=600&amp;ssl=1 600w\" sizes=\"auto, (max-width: 300px) 100vw, 300px\" \/><\/a><figcaption id=\"caption-attachment-20526\" class=\"wp-caption-text\">Regularmente la Oficina de la Mujer realiza charlas en centros educativos, estas jornadas con miras a brindar informaci\u00f3n sobre la dignidad de la mujer y el c\u00f3mo hacer valer sus derechos.<\/figcaption><\/figure>\n<p><strong>&#8211; \u00bfA qu\u00e9 personas atienden en esta oficina?<\/strong><\/p>\n<p>&#8211; \u201cEn nuestra oficina atendemos a mujeres v\u00edctimas de violencia intrafamiliar que sean mayores de 18 a\u00f1os y que est\u00e9n sufriendo alguna clase de violencia, brindamos apoyo independientemente de su situaci\u00f3n socio-econ\u00f3mica\u201d.<\/p>\n<p><strong>&#8211; \u00bfCon qu\u00e9 cuentan para atender debidamente a estas usuarias?<\/strong><\/p>\n<p>&#8211; \u201cContamos con un equipo integral, compuesto por Asistentes Sociales, Psic\u00f3logos, Abogados y Monitoras Sociales, que hacen su trabajo en terreno\u201d.<\/p>\n<p><strong>&#8211; \u00bfC\u00f3mo se gesta la violencia intrafamiliar?<\/strong><\/p>\n<p>&#8211; \u201cHay que entender que la violencia intrafamiliar es un fen\u00f3meno muy complejo, los estudios dicen que el mismo inicia con la violencia psicol\u00f3gica, silenciosa y escondida, para llegar casi siempre a establecerse una escalada de violencia f\u00edsica y en algunos casos, hasta violencia sexual\u201d.<\/p>\n<p><strong>&#8211; \u00bfSe pueden evitar estos casos tan extremos?<\/strong><\/p>\n<p>&#8211; \u201cNuestro trabajo es evitar que estos niveles lleguen a extremos como los que lamentablemente ocurren ocasionalmente, hacemos trabajo de Prevenci\u00f3n en la comunidad y en escuelas, tambi\u00e9n brindamos charlas de prevenci\u00f3n con funcionarios del \u00c1rea de Salud, PDI y Carabineros\u201d.<\/p>\n<p><strong>&#8211; \u00bfQu\u00e9 es la Victimizaci\u00f3n Secundaria\u2019?<\/strong><\/p>\n<p>&#8211; \u201cNosotros buscamos ahora, orientar a quienes atienden a las usuarias, para que no se desarrolle la \u2018Victimizaci\u00f3n Secundaria\u2019, eso ocurre cuando la mujer agredida, es obligada a relatar una y otra vez el episodio de violencia del que est\u00e1 siendo v\u00edctima, en distintas oficinas le piden volver a contar la historia repetidas veces, teniendo ya el funcionario el expediente con el relato por escrito; a\u00fan as\u00ed, la v\u00edctima sigue sufriendo repetidas veces ese maltrato psicol\u00f3gico, nosotros buscamos que eso no siga ocurriendo y para ello, estamos brindando charlas al respecto\u201d.<\/p>\n<p><strong>&#8211; \u00bfC\u00f3mo afecta este actuar a las v\u00edctimas?<\/strong><\/p>\n<p>&#8211; \u201cBueno, que le est\u00e9n preguntando una y otra vez la mismas preguntas, provoca que las v\u00edctimas a veces, decidan retirar los cargos contra el agresor, esto porque llega el momento en que siente que no le est\u00e1n creyendo su versi\u00f3n de los hechos, por eso seguiremos trabajando en capacitaciones para que los funcionarios asuman una actitud m\u00e1s comprensiva con las victimas\u201d.<\/p>\n<p><strong>N\u00daMEROS QUE HABLAN<\/strong><\/p>\n<p>Seg\u00fan lo explicado por Montealegre a Diario El Trabajo, los casos ingresados al Centro de la Mujer en lo que va del a\u00f1o, registran un 10% de usuarias de 18 a 25 a\u00f1os; 26% de 26 a 35 a\u00f1os; 26% de 36 a 45 a\u00f1os; 21% de 46 a 59 a\u00f1os y un 17 % en mayores de 60 a\u00f1os.<\/p>\n<p>Tambi\u00e9n es importante tomar en cuenta, que el 48% de los casos que atiende esta oficina, corresponde a mujeres casadas; 43% solteras; 2% divorciadas; 4% viudas y un 3% sin registro. (En casos de viudas, el maltrato est\u00e1 casi siempre relacionado a hijos y nietos que abusan de ellas).<\/p>\n<p>\u201cEn los casos que son de connotaci\u00f3n p\u00fablica, nosotros ofrecemos apoyo a las v\u00edctimas para que sepan c\u00f3mo presentar una Querella, en este momento manejamos dos casos con esas caracter\u00edsticas que son, el caso de la se\u00f1ora Carol Gonz\u00e1lez y Alicia Silva, hace dos semanas finalizamos una etapa del caso de Tamara Lepe, en donde al agresor se le formaliz\u00f3 por Aborto Violento y Homicidio\u201d, detall\u00f3 a nuestro medio, B\u00e1rbara Err\u00e1zuriz Palominos, Abogada del Centro de la Mujer Sernam San Felipe, esta funcionaria inform\u00f3 que el 61% de los casos que han ingresado en 2012, ya est\u00e1n siendo atendidos por la V\u00eda Judicial.<\/p>\n<p>La Oficina de La Mujer naci\u00f3 gracias a un convenio entre Sernam y el Servicio de Salud Aconcagua, todo el accionar de este equipo de profesionales se sostiene en la Ley N\u00ba 20.066. Las mujeres que opten por solicitar atenci\u00f3n en esta oficina, pueden hacerlo llamando al Fono: 493027.<\/p>\n<p>&nbsp;<\/p>\n","protected":false},"excerpt":{"rendered":"<p>Roberto Gonz\u00e1lez Short &#8211; rgonzalez@eltrabajo.cl Con miras a brindar a todas las mujeres que viven en las seis comunas de la provincia de San Felipe, una informaci\u00f3n actualizada sobre el accionar en&#8230;<\/p>\n","protected":false},"author":482,"featured_media":20525,"comment_status":"open","ping_status":"closed","sticky":false,"template":"","format":"standard","meta":{"advanced_seo_description":"","jetpack_seo_html_title":"","jetpack_seo_noindex":false,"_jetpack_memberships_contains_paid_content":false,"footnotes":""},"categories":[15],"tags":[],"class_list":["post-20524","post","type-post","status-publish","format-standard","has-post-thumbnail","hentry","category-comunidad"],"jetpack_featured_media_url":"https:\/\/i0.wp.com\/eltrabajo.cl\/portal\/wp-content\/uploads\/2012\/07\/Mujeres1.jpg?fit=600%2C405&ssl=1","jetpack_sharing_enabled":true,"jetpack_likes_enabled":true,"jetpack-related-posts":[],"_links":{"self":[{"href":"https:\/\/eltrabajo.cl\/portal\/wp-json\/wp\/v2\/posts\/20524","targetHints":{"allow":["GET"]}}],"collection":[{"href":"https:\/\/eltrabajo.cl\/portal\/wp-json\/wp\/v2\/posts"}],"about":[{"href":"https:\/\/eltrabajo.cl\/portal\/wp-json\/wp\/v2\/types\/post"}],"author":[{"embeddable":true,"href":"https:\/\/eltrabajo.cl\/portal\/wp-json\/wp\/v2\/users\/482"}],"replies":[{"embeddable":true,"href":"https:\/\/eltrabajo.cl\/portal\/wp-json\/wp\/v2\/comments?post=20524"}],"version-history":[{"count":0,"href":"https:\/\/eltrabajo.cl\/portal\/wp-json\/wp\/v2\/posts\/20524\/revisions"}],"wp:featuredmedia":[{"embeddable":true,"href":"https:\/\/eltrabajo.cl\/portal\/wp-json\/wp\/v2\/media\/20525"}],"wp:attachment":[{"href":"https:\/\/eltrabajo.cl\/portal\/wp-json\/wp\/v2\/media?parent=20524"}],"wp:term":[{"taxonomy":"category","embeddable":true,"href":"https:\/\/eltrabajo.cl\/portal\/wp-json\/wp\/v2\/categories?post=20524"},{"taxonomy":"post_tag","embeddable":true,"href":"https:\/\/eltrabajo.cl\/portal\/wp-json\/wp\/v2\/tags?post=20524"}],"curies":[{"name":"wp","href":"https:\/\/api.w.org\/{rel}","templated":true}]}}