{"id":20530,"date":"2012-07-11T09:17:30","date_gmt":"2012-07-11T13:17:30","guid":{"rendered":"http:\/\/www.eltrabajo.cl\/portal\/?p=20530"},"modified":"2012-07-11T09:17:30","modified_gmt":"2012-07-11T13:17:30","slug":"meo-visitara-el-valle-y-proclamara-a-mas-de-30-candidatos-a-municipales","status":"publish","type":"post","link":"https:\/\/eltrabajo.cl\/portal\/meo-visitara-el-valle-y-proclamara-a-mas-de-30-candidatos-a-municipales\/","title":{"rendered":"MEO visitar\u00e1 el Valle y proclamar\u00e1 a m\u00e1s de 30 candidatos a municipales"},"content":{"rendered":"<p><a href=\"Este jueves el ex candidato presidencial Marco Enr\u00edquez Ominami, desarrollar\u00e1 una apretada agenda en San Felipe. \"><img data-recalc-dims=\"1\" loading=\"lazy\" decoding=\"async\" class=\"alignleft size-medium wp-image-20531\" title=\"Marco Henriquez Ominami\" src=\"https:\/\/i0.wp.com\/www.eltrabajo.cl\/portal\/wp-content\/uploads\/2012\/07\/meo-300x289.jpg?resize=300%2C289\" alt=\"\" width=\"300\" height=\"289\" srcset=\"https:\/\/i0.wp.com\/eltrabajo.cl\/portal\/wp-content\/uploads\/2012\/07\/meo.jpg?resize=300%2C289&amp;ssl=1 300w, https:\/\/i0.wp.com\/eltrabajo.cl\/portal\/wp-content\/uploads\/2012\/07\/meo.jpg?resize=155%2C150&amp;ssl=1 155w, https:\/\/i0.wp.com\/eltrabajo.cl\/portal\/wp-content\/uploads\/2012\/07\/meo.jpg?resize=150%2C144&amp;ssl=1 150w, https:\/\/i0.wp.com\/eltrabajo.cl\/portal\/wp-content\/uploads\/2012\/07\/meo.jpg?resize=400%2C386&amp;ssl=1 400w, https:\/\/i0.wp.com\/eltrabajo.cl\/portal\/wp-content\/uploads\/2012\/07\/meo.jpg?w=600&amp;ssl=1 600w\" sizes=\"auto, (max-width: 300px) 100vw, 300px\" \/><\/a>Una intensa agenda de actividades realizar\u00e1 ma\u00f1ana jueves 12 de julio en la ciudad de San Felipe, el l\u00edder progresista y ex candidato presidencial, Marco Enr\u00edquez-Ominami.<\/p>\n<p>A las 12 de la ma\u00f1ana en la Notar\u00eda Polloni (Merced 192) de San Felipe, Marco Enr\u00edquez firmar\u00e1 junto a m\u00e1s de 30 candidatos de diversas comunas de Aconcagua, sus compromisos de gobierno local. De este modo, los candidatos progresistas se comprometer\u00e1n ante Notario y de frente a sus ciudadanos con sus promesas de campa\u00f1a.<\/p>\n<p>Adem\u00e1s, Enr\u00edquez participar\u00e1 en la culminaci\u00f3n de un proceso de encuestas ciudadanas que se ha llevado a efecto en los \u00faltimos meses por el PRO de Aconcagua, en donde se ha recopilado la opini\u00f3n de la gente sobre qu\u00e9 proyecto de comuna quieren desarrollar.<\/p>\n<p>Finalmente sostendr\u00e1 una reuni\u00f3n almuerzo con destacados representantes del progresismo en el Valle del Aconcagua en el Restaurante Manuel Rodr\u00edguez de San Felipe.<\/p>\n<p>&nbsp;<\/p>\n","protected":false},"excerpt":{"rendered":"<p>Una intensa agenda de actividades realizar\u00e1 ma\u00f1ana jueves 12 de julio en la ciudad de San Felipe, el l\u00edder progresista y ex candidato presidencial, Marco Enr\u00edquez-Ominami. A las 12 de la ma\u00f1ana&#8230;<\/p>\n","protected":false},"author":482,"featured_media":20531,"comment_status":"open","ping_status":"closed","sticky":false,"template":"","format":"standard","meta":{"advanced_seo_description":"","jetpack_seo_html_title":"","jetpack_seo_noindex":false,"_jetpack_memberships_contains_paid_content":false,"footnotes":""},"categories":[1],"tags":[],"class_list":["post-20530","post","type-post","status-publish","format-standard","has-post-thumbnail","hentry","category-cronica"],"jetpack_featured_media_url":"https:\/\/i0.wp.com\/eltrabajo.cl\/portal\/wp-content\/uploads\/2012\/07\/meo.jpg?fit=600%2C579&ssl=1","jetpack_sharing_enabled":true,"jetpack_likes_enabled":true,"jetpack-related-posts":[],"_links":{"self":[{"href":"https:\/\/eltrabajo.cl\/portal\/wp-json\/wp\/v2\/posts\/20530","targetHints":{"allow":["GET"]}}],"collection":[{"href":"https:\/\/eltrabajo.cl\/portal\/wp-json\/wp\/v2\/posts"}],"about":[{"href":"https:\/\/eltrabajo.cl\/portal\/wp-json\/wp\/v2\/types\/post"}],"author":[{"embeddable":true,"href":"https:\/\/eltrabajo.cl\/portal\/wp-json\/wp\/v2\/users\/482"}],"replies":[{"embeddable":true,"href":"https:\/\/eltrabajo.cl\/portal\/wp-json\/wp\/v2\/comments?post=20530"}],"version-history":[{"count":0,"href":"https:\/\/eltrabajo.cl\/portal\/wp-json\/wp\/v2\/posts\/20530\/revisions"}],"wp:featuredmedia":[{"embeddable":true,"href":"https:\/\/eltrabajo.cl\/portal\/wp-json\/wp\/v2\/media\/20531"}],"wp:attachment":[{"href":"https:\/\/eltrabajo.cl\/portal\/wp-json\/wp\/v2\/media?parent=20530"}],"wp:term":[{"taxonomy":"category","embeddable":true,"href":"https:\/\/eltrabajo.cl\/portal\/wp-json\/wp\/v2\/categories?post=20530"},{"taxonomy":"post_tag","embeddable":true,"href":"https:\/\/eltrabajo.cl\/portal\/wp-json\/wp\/v2\/tags?post=20530"}],"curies":[{"name":"wp","href":"https:\/\/api.w.org\/{rel}","templated":true}]}}