{"id":20538,"date":"2012-07-11T09:21:13","date_gmt":"2012-07-11T13:21:13","guid":{"rendered":"http:\/\/www.eltrabajo.cl\/portal\/?p=20538"},"modified":"2012-07-11T09:21:13","modified_gmt":"2012-07-11T13:21:13","slug":"por-mantenimiento-cerraran-durante-tres-dias-el-tunel-chacabuco","status":"publish","type":"post","link":"https:\/\/eltrabajo.cl\/portal\/por-mantenimiento-cerraran-durante-tres-dias-el-tunel-chacabuco\/","title":{"rendered":"Por mantenimiento, cerrar\u00e1n durante tres d\u00edas el T\u00fanel Chacabuco"},"content":{"rendered":"<figure id=\"attachment_20539\" aria-describedby=\"caption-attachment-20539\" style=\"width: 600px\" class=\"wp-caption alignnone\"><a href=\"http:\/\/www.eltrabajo.cl\/portal\/2012\/07\/por-mantenimiento-cerraran-durante-tres-dias-el-tunel-chacabuco\/tunel-chacabuco1\/\" rel=\"attachment wp-att-20539\"><img data-recalc-dims=\"1\" loading=\"lazy\" decoding=\"async\" class=\"size-full wp-image-20539\" title=\"tunel chacabuco1\" src=\"https:\/\/i0.wp.com\/www.eltrabajo.cl\/portal\/wp-content\/uploads\/2012\/07\/tunel-chacabuco1.jpg?resize=600%2C400\" alt=\"\" width=\"600\" height=\"400\" srcset=\"https:\/\/i0.wp.com\/eltrabajo.cl\/portal\/wp-content\/uploads\/2012\/07\/tunel-chacabuco1.jpg?w=600&amp;ssl=1 600w, https:\/\/i0.wp.com\/eltrabajo.cl\/portal\/wp-content\/uploads\/2012\/07\/tunel-chacabuco1.jpg?resize=200%2C133&amp;ssl=1 200w, https:\/\/i0.wp.com\/eltrabajo.cl\/portal\/wp-content\/uploads\/2012\/07\/tunel-chacabuco1.jpg?resize=300%2C200&amp;ssl=1 300w, https:\/\/i0.wp.com\/eltrabajo.cl\/portal\/wp-content\/uploads\/2012\/07\/tunel-chacabuco1.jpg?resize=150%2C100&amp;ssl=1 150w, https:\/\/i0.wp.com\/eltrabajo.cl\/portal\/wp-content\/uploads\/2012\/07\/tunel-chacabuco1.jpg?resize=400%2C266&amp;ssl=1 400w\" sizes=\"auto, (max-width: 600px) 100vw, 600px\" \/><\/a><figcaption id=\"caption-attachment-20539\" class=\"wp-caption-text\">Durante 72 horas deber\u00e1 permanecer cerrado el t\u00fanel Chacabuco. (Foto Patricio Cabezas).<\/figcaption><\/figure>\n<p>Debido a trabajos de Conservaci\u00f3n Mayor, ser\u00e1 cerrado por espacio de tres d\u00edas, el T\u00fanel Chacabuco. As\u00ed lo inform\u00f3 el Inspector Fiscal del Ministerio de Obras P\u00fablicas, Ra\u00fal Serrano, quien se\u00f1al\u00f3 que por la naturaleza y condici\u00f3n del t\u00fanel, se requiere como medida de seguridad, el cierre total del mismo.<\/p>\n<p>Los trabajos que se van a realizar consisten espec\u00edficamente en la conservaci\u00f3n de los pavimentos; reemplazo de losas que presentan mayor deterioro, como asimismo y aprovechando la contingencia, se realizar\u00e1n trabajos de mantenci\u00f3n de equipos de iluminaci\u00f3n; equipos de ventilaci\u00f3n; control de filtraciones y labores de limpieza y reposici\u00f3n de elementos de seguridad vial.<\/p>\n<p>La reuni\u00f3n, que tuvo car\u00e1cter informativo, se realiz\u00f3 en el Gabinete de la Gobernaci\u00f3n Provincial de San Felipe y cont\u00f3 con la asistencia del Asesor Jur\u00eddico Adolfo Pizarro; Comisario de Carabineros Mayor Marcelo Fuentes; Capit\u00e1n SIAT Juan Escobar; Director de Tr\u00e1nsito de la Municipalidad de San Felipe, Guillermo Orellana y la Jefa de Gabinete de la Gobernaci\u00f3n, Romina Fuentes.<\/p>\n<p>Ra\u00fal Serrano explic\u00f3 el cierre del t\u00fanel, los problemas de seguridad y la prevenci\u00f3n de riesgos, tanto para los usuarios como para los trabajadores al modificarse significativamente las condiciones f\u00edsicas y de operaci\u00f3n del t\u00fanel, aumento con ello la probabilidad de accidentes al interior de este.<\/p>\n<p>\u00abEl t\u00fanel estar\u00e1 cerrado por 55 horas, desde las 23:00 horas del d\u00eda lunes 30 de julio hasta las 06:00 horas del jueves 02 de agosto.<\/p>\n<p>Hemos considerado esta fecha, porque corresponden a los d\u00edas de menor flujo y vacaciones de los estudiantes universitarios residentes en Los Andes y San Felipe, condici\u00f3n que disminuye a\u00fan m\u00e1s el flujo vehicular entre Los Andes y Santiago\u00bb, explic\u00f3 Serrano.<\/p>\n<p>Las personas que se trasladen desde Santiago a Los Andes o San Felipe, deber\u00e1n conectar con la Ruta 5 Norte por enlaces Quilapilun y Chacabuco y a la altura del enlace en Llay Llay conectar por la CH 60 comuna de Panquehue y quienes viajen desde San Felipe-Los Andes hacia Santiago, deber\u00e1n hacerlo a trav\u00e9s de la Ruta CH 60 comuna de Panquehue, para conectar en el enlace de Llay LLay a la Ruta 5 Norte, para luego tomar enlaces Quilapilun y Chacabuco. El tr\u00e1nsito por la llamada cuesta de Chacabuco, estar\u00e1 habilitado, solo para uso de emergencia.<\/p>\n<p>&nbsp;<\/p>\n","protected":false},"excerpt":{"rendered":"<p>Debido a trabajos de Conservaci\u00f3n Mayor, ser\u00e1 cerrado por espacio de tres d\u00edas, el T\u00fanel Chacabuco. As\u00ed lo inform\u00f3 el Inspector Fiscal del Ministerio de Obras P\u00fablicas, Ra\u00fal Serrano, quien se\u00f1al\u00f3 que&#8230;<\/p>\n","protected":false},"author":482,"featured_media":20539,"comment_status":"open","ping_status":"closed","sticky":false,"template":"","format":"standard","meta":{"advanced_seo_description":"","jetpack_seo_html_title":"","jetpack_seo_noindex":false,"_jetpack_memberships_contains_paid_content":false,"footnotes":""},"categories":[1],"tags":[],"class_list":["post-20538","post","type-post","status-publish","format-standard","has-post-thumbnail","hentry","category-cronica"],"jetpack_featured_media_url":"https:\/\/i0.wp.com\/eltrabajo.cl\/portal\/wp-content\/uploads\/2012\/07\/tunel-chacabuco1.jpg?fit=600%2C400&ssl=1","jetpack_sharing_enabled":true,"jetpack_likes_enabled":true,"jetpack-related-posts":[],"_links":{"self":[{"href":"https:\/\/eltrabajo.cl\/portal\/wp-json\/wp\/v2\/posts\/20538","targetHints":{"allow":["GET"]}}],"collection":[{"href":"https:\/\/eltrabajo.cl\/portal\/wp-json\/wp\/v2\/posts"}],"about":[{"href":"https:\/\/eltrabajo.cl\/portal\/wp-json\/wp\/v2\/types\/post"}],"author":[{"embeddable":true,"href":"https:\/\/eltrabajo.cl\/portal\/wp-json\/wp\/v2\/users\/482"}],"replies":[{"embeddable":true,"href":"https:\/\/eltrabajo.cl\/portal\/wp-json\/wp\/v2\/comments?post=20538"}],"version-history":[{"count":0,"href":"https:\/\/eltrabajo.cl\/portal\/wp-json\/wp\/v2\/posts\/20538\/revisions"}],"wp:featuredmedia":[{"embeddable":true,"href":"https:\/\/eltrabajo.cl\/portal\/wp-json\/wp\/v2\/media\/20539"}],"wp:attachment":[{"href":"https:\/\/eltrabajo.cl\/portal\/wp-json\/wp\/v2\/media?parent=20538"}],"wp:term":[{"taxonomy":"category","embeddable":true,"href":"https:\/\/eltrabajo.cl\/portal\/wp-json\/wp\/v2\/categories?post=20538"},{"taxonomy":"post_tag","embeddable":true,"href":"https:\/\/eltrabajo.cl\/portal\/wp-json\/wp\/v2\/tags?post=20538"}],"curies":[{"name":"wp","href":"https:\/\/api.w.org\/{rel}","templated":true}]}}