{"id":20543,"date":"2012-07-11T09:27:59","date_gmt":"2012-07-11T13:27:59","guid":{"rendered":"http:\/\/www.eltrabajo.cl\/portal\/?p=20543"},"modified":"2012-07-11T09:28:00","modified_gmt":"2012-07-11T13:28:00","slug":"quedan-pocos-cupos-para-instalar-puestos-en-feria-de-artesania-en-la-plaza-de-armas","status":"publish","type":"post","link":"https:\/\/eltrabajo.cl\/portal\/quedan-pocos-cupos-para-instalar-puestos-en-feria-de-artesania-en-la-plaza-de-armas\/","title":{"rendered":"Quedan pocos cupos para instalar puestos en Feria de Artesan\u00eda en la Plaza de Armas"},"content":{"rendered":"<p><a href=\"http:\/\/www.eltrabajo.cl\/portal\/2012\/07\/quedan-pocos-cupos-para-instalar-puestos-en-feria-de-artesania-en-la-plaza-de-armas\/margarita-guerra-3\/\" rel=\"attachment wp-att-20544\"><img data-recalc-dims=\"1\" loading=\"lazy\" decoding=\"async\" class=\"alignleft size-medium wp-image-20544\" title=\"Margarita Guerra\" src=\"https:\/\/i0.wp.com\/www.eltrabajo.cl\/portal\/wp-content\/uploads\/2012\/07\/Margarita-Guerra-300x211.jpg?resize=300%2C211\" alt=\"\" width=\"300\" height=\"211\" srcset=\"https:\/\/i0.wp.com\/eltrabajo.cl\/portal\/wp-content\/uploads\/2012\/07\/Margarita-Guerra.jpg?resize=300%2C211&amp;ssl=1 300w, https:\/\/i0.wp.com\/eltrabajo.cl\/portal\/wp-content\/uploads\/2012\/07\/Margarita-Guerra.jpg?resize=200%2C140&amp;ssl=1 200w, https:\/\/i0.wp.com\/eltrabajo.cl\/portal\/wp-content\/uploads\/2012\/07\/Margarita-Guerra.jpg?resize=150%2C105&amp;ssl=1 150w, https:\/\/i0.wp.com\/eltrabajo.cl\/portal\/wp-content\/uploads\/2012\/07\/Margarita-Guerra.jpg?resize=400%2C281&amp;ssl=1 400w, https:\/\/i0.wp.com\/eltrabajo.cl\/portal\/wp-content\/uploads\/2012\/07\/Margarita-Guerra.jpg?w=600&amp;ssl=1 600w\" sizes=\"auto, (max-width: 300px) 100vw, 300px\" \/><\/a>Un promedio de 200 solicitudes, de 54 puestos que se autorizan, son las que recibe el municipio de parte de emprendedores que desean instalarse en el principal paseo p\u00fablico sanfelipe\u00f1o.<\/p>\n<p>En la Plaza de Armas, por las calles Arturo Prat y parte de Combate de las Coimas, estar\u00e1n funcionando los puestos de artesan\u00eda que pr\u00f3ximamente autorizar\u00e1 la municipalidad de San Felipe, en el marco del mes aniversario de la ciudad.<\/p>\n<p>As\u00ed lo dio a conocer la jefa del Departamento de Rentas de la corporaci\u00f3n edilicia, Margarita Guerra, quien se\u00f1al\u00f3 que entre el 27 de julio y el 19 de agosto, funcionar\u00e1n estos m\u00f3dulos de venta en la Plaza de Armas.<\/p>\n<p>Seg\u00fan dijo, cada emprendedor, artesano o microempresario que desee instalarse con un stand de venta en el principal paseo p\u00fablico sanfelipe\u00f1o, deber\u00e1 cancelar la suma de 165.464 pesos.<\/p>\n<p>\u201cEl municipio, a trav\u00e9s de la Asociaci\u00f3n de Funcionarios Municipales, instala 54 stands, m\u00e1s la feria que se instala en el centro de la Plaza de Armas, donde est\u00e1 el ode\u00f3n. Estos artesanos pagar\u00e1n 85 mil 464 pesos, por cada puesto, recordando que ellos traen todo el aparataje de carpas e instalaciones para operar en este lugar\u201d, dijo Margarita Guerra.<\/p>\n<p>Agreg\u00f3 que \u201cen total, las ferias y puestos ocupan las calles Merced, Coimas y Prat, adem\u00e1s de la zona central de la plaza de armas\u201d.<\/p>\n<p>Los emprendedores que se dedican a la venta de alimentos deben contar con su resoluci\u00f3n sanitaria correspondiente, tema que es requisito en el municipio, al momento de conceder el permiso.<\/p>\n<p>Respecto de los plazos para solicitar permisos de funcionamiento de stands en la Plaza de Armas, Margarita Guerra dijo que \u201cnosotros ya hemos dicho que no a algunas personas, porque las solicitudes comenzaron a llegar hace un par de meses atr\u00e1s, y si bien no hemos vendido los puestos que se instalan por Prat y Coimas, pero tenemos solicitudes\u201d.<\/p>\n<p>Consultada por el n\u00famero de peticiones que se formulan normalmente en esta \u00e9poca al municipio, la profesional manifest\u00f3 que alcanzan a las 200, de las cuales 54 son las que se autorizan, junto con espacios que se autorizan para agrupaciones artesanales, as\u00ed como zonas reservados para juegos.<\/p>\n<p>&nbsp;<\/p>\n","protected":false},"excerpt":{"rendered":"<p>Un promedio de 200 solicitudes, de 54 puestos que se autorizan, son las que recibe el municipio de parte de emprendedores que desean instalarse en el principal paseo p\u00fablico sanfelipe\u00f1o. En la&#8230;<\/p>\n","protected":false},"author":482,"featured_media":20544,"comment_status":"open","ping_status":"closed","sticky":false,"template":"","format":"standard","meta":{"advanced_seo_description":"","jetpack_seo_html_title":"","jetpack_seo_noindex":false,"_jetpack_memberships_contains_paid_content":false,"footnotes":""},"categories":[1],"tags":[],"class_list":["post-20543","post","type-post","status-publish","format-standard","has-post-thumbnail","hentry","category-cronica"],"jetpack_featured_media_url":"https:\/\/i0.wp.com\/eltrabajo.cl\/portal\/wp-content\/uploads\/2012\/07\/Margarita-Guerra.jpg?fit=600%2C422&ssl=1","jetpack_sharing_enabled":true,"jetpack_likes_enabled":true,"jetpack-related-posts":[],"_links":{"self":[{"href":"https:\/\/eltrabajo.cl\/portal\/wp-json\/wp\/v2\/posts\/20543","targetHints":{"allow":["GET"]}}],"collection":[{"href":"https:\/\/eltrabajo.cl\/portal\/wp-json\/wp\/v2\/posts"}],"about":[{"href":"https:\/\/eltrabajo.cl\/portal\/wp-json\/wp\/v2\/types\/post"}],"author":[{"embeddable":true,"href":"https:\/\/eltrabajo.cl\/portal\/wp-json\/wp\/v2\/users\/482"}],"replies":[{"embeddable":true,"href":"https:\/\/eltrabajo.cl\/portal\/wp-json\/wp\/v2\/comments?post=20543"}],"version-history":[{"count":0,"href":"https:\/\/eltrabajo.cl\/portal\/wp-json\/wp\/v2\/posts\/20543\/revisions"}],"wp:featuredmedia":[{"embeddable":true,"href":"https:\/\/eltrabajo.cl\/portal\/wp-json\/wp\/v2\/media\/20544"}],"wp:attachment":[{"href":"https:\/\/eltrabajo.cl\/portal\/wp-json\/wp\/v2\/media?parent=20543"}],"wp:term":[{"taxonomy":"category","embeddable":true,"href":"https:\/\/eltrabajo.cl\/portal\/wp-json\/wp\/v2\/categories?post=20543"},{"taxonomy":"post_tag","embeddable":true,"href":"https:\/\/eltrabajo.cl\/portal\/wp-json\/wp\/v2\/tags?post=20543"}],"curies":[{"name":"wp","href":"https:\/\/api.w.org\/{rel}","templated":true}]}}