{"id":20547,"date":"2012-07-11T09:29:24","date_gmt":"2012-07-11T13:29:24","guid":{"rendered":"http:\/\/www.eltrabajo.cl\/portal\/?p=20547"},"modified":"2012-07-11T09:29:24","modified_gmt":"2012-07-11T13:29:24","slug":"torre-de-8-pisos-en-el-sector-oriente-confirma-boom-inmobiliario-en-san-felipe","status":"publish","type":"post","link":"https:\/\/eltrabajo.cl\/portal\/torre-de-8-pisos-en-el-sector-oriente-confirma-boom-inmobiliario-en-san-felipe\/","title":{"rendered":"Torre de 8 pisos en el sector oriente confirma boom inmobiliario en San Felipe"},"content":{"rendered":"<figure id=\"attachment_20548\" aria-describedby=\"caption-attachment-20548\" style=\"width: 300px\" class=\"wp-caption alignleft\"><a href=\"http:\/\/www.eltrabajo.cl\/portal\/2012\/07\/torre-de-8-pisos-en-el-sector-oriente-confirma-boom-inmobiliario-en-san-felipe\/claudio-diaz-1-4\/\" rel=\"attachment wp-att-20548\"><img data-recalc-dims=\"1\" loading=\"lazy\" decoding=\"async\" class=\"size-medium wp-image-20548\" title=\"claudio diaz (1)\" src=\"https:\/\/i0.wp.com\/www.eltrabajo.cl\/portal\/wp-content\/uploads\/2012\/07\/claudio-diaz-1-300x225.jpg?resize=300%2C225\" alt=\"\" width=\"300\" height=\"225\" srcset=\"https:\/\/i0.wp.com\/eltrabajo.cl\/portal\/wp-content\/uploads\/2012\/07\/claudio-diaz-1.jpg?resize=300%2C225&amp;ssl=1 300w, https:\/\/i0.wp.com\/eltrabajo.cl\/portal\/wp-content\/uploads\/2012\/07\/claudio-diaz-1.jpg?resize=200%2C150&amp;ssl=1 200w, https:\/\/i0.wp.com\/eltrabajo.cl\/portal\/wp-content\/uploads\/2012\/07\/claudio-diaz-1.jpg?resize=150%2C112&amp;ssl=1 150w, https:\/\/i0.wp.com\/eltrabajo.cl\/portal\/wp-content\/uploads\/2012\/07\/claudio-diaz-1.jpg?resize=400%2C300&amp;ssl=1 400w, https:\/\/i0.wp.com\/eltrabajo.cl\/portal\/wp-content\/uploads\/2012\/07\/claudio-diaz-1.jpg?w=600&amp;ssl=1 600w\" sizes=\"auto, (max-width: 300px) 100vw, 300px\" \/><\/a><figcaption id=\"caption-attachment-20548\" class=\"wp-caption-text\">El director de Obras se\u00f1al\u00f3 que el proyecto inmobiliario ingres\u00f3 al municipio como ante proyecto, el que contemplar\u00eda la construcci\u00f3n de una torre de departamentos enfocados en la clase media.<\/figcaption><\/figure>\n<p>Sylvia Vergara G. &#8211; svergara@eltrabajo.cl<\/p>\n<p>Una nueva iniciativa ingres\u00f3 para revisi\u00f3n de anteproyecto al municipio de San Felipe hace algunas semanas, la que consiste en la construcci\u00f3n de una torre de departamentos de 8 pisos en el sector oriente, lo que viene a reafirmar el boom inmobiliario que se est\u00e1 produciendo en la comuna.<\/p>\n<p>El proyecto consiste en un edificio de ocho pisos que se planea construir en el sector oriente de la comuna, espec\u00edficamente entre el Lider Express y la nueva sede de la Universidad de Aconcagua, en un terreno que vendi\u00f3 este supermercado a un tercero, cediendo adem\u00e1s una faja de tierra que significar\u00e1 la apertura de la calle Bernardo Cruz, m\u00e1s conocida como Los Paltos, y que adem\u00e1s permitir\u00e1 la continuidad de Santo Domingo hasta la avenida Circunvalaci\u00f3n.<\/p>\n<p>El proyecto, considerado como una propuesta novedosa por el director de Obras del municipio, Claudio D\u00edaz, est\u00e1 enfocado en la clase media y consiste en la construcci\u00f3n de una torre de departamentos de ocho pisos, con ascensor, con departamentos de 80 metros cuadrados, estructura a la que se le adosar\u00e1 a un costado un edificio de 40 metros cuadrados, que podr\u00edan estar orientados a personas solteras y profesionales.<\/p>\n<p>\u00abEs un oficio que viene a abarcar un rango de demanda de mayor est\u00e1ndar, tiene considerados 50 estacionamientos, o sea cada unidad de vivienda viene con su estacionamiento asociado, m\u00e1s un par de estacionamientos de visita, y lo m\u00e1s interesante es que viene a mostrar una tendencia en desarrollo que es la edificaci\u00f3n en altura, y adem\u00e1s nos permite normalizar la trama vial de esa \u00e1rea, porque este proyecto tendr\u00eda que urbanizar el tramo de calle correspondiente a la avenida Los Paltos y la calle lateral que va por el costado del Lider\u00bb, se\u00f1al\u00f3 D\u00edaz.<\/p>\n<p>Eso significar\u00eda que el proyecto adem\u00e1s estar\u00eda generando circuitos que van a alivianar la presi\u00f3n de tr\u00e1nsito que se produce en el sector.<\/p>\n<p>En este tema, y seg\u00fan explic\u00f3 el director, lo bueno del proyecto es que resuelve la necesidad de estacionamientos para todos sus usuarios, aporta urbanizaci\u00f3n desde el \u00e1mbito privado para consolidar calles que en este momento est\u00e1n las fajas cedidas, pero que est\u00e1n a la espera de que los inversionistas generaran estas urbanizaciones, lo que permite avanzar en la red de pavimentos del sector, para ir normalizando principalmente lo que es la calle Bernardo Cruz.<\/p>\n<p>\u00abEste eje si uno lo piensa tambi\u00e9n con los proyectos de departamentos que se est\u00e1n haciendo detr\u00e1s del estadio municipal, que tambi\u00e9n deben ir consolidando la urbanizaci\u00f3n de la calle Santo Domingo, nos va a permitir contar con una de las pocas v\u00edas que va a tener continuidad directa desde Diego de Almagro hasta lo que es avenida Circunvalaci\u00f3n Oriente o Cherc\u00e1n Tapia, que llama uno normalmente. Este ser\u00eda un eje estructural para la ciudad, para mover el transporte vehicular, tanto p\u00fablico como privado, desde el sector poniente hasta el sector oriente de la ciudad y el nuevo acceso\u00bb, indic\u00f3 D\u00edaz.<\/p>\n<p>Desde esa perspectiva, seg\u00fan coment\u00f3 el director de Obras, este proyecto viene a aportar mucho m\u00e1s que la soluci\u00f3n habitacional que est\u00e1 dando, ya que agregar\u00e1 a la trama vial un punto de conectividad que es muy estructural para las pretensiones del municipio, de dar mejores condiciones de habitabilidad a la ciudad de San Felipe.<\/p>\n<p>El proyecto llama la atenci\u00f3n por tratarse de un edificio de altura, algo poco com\u00fan en la comuna, una situaci\u00f3n que podr\u00eda explicarse, seg\u00fan D\u00edaz, por un mejoramiento del poder adquisitivo de la poblaci\u00f3n de San Felipe y la llegada de personas con un nivel de ingreso mayor.<\/p>\n<p>\u00abHay mucha gente del resto del valle que est\u00e1 tomando a San Felipe como punto de localizaci\u00f3n de vivienda, hay que pensar que est\u00e1 el proyecto del Enjoy, quien est\u00e1 trayendo una cantidad importante de ejecutivos y de profesionales que han preferido San Felipe como un lugar de habitaci\u00f3n; el mismo efecto que est\u00e1 teniendo Andina, que hay mucho profesional asociado al proceso de expansi\u00f3n de Andina que est\u00e1 teniendo a San Felipe como ciudad de residencia y eso est\u00e1 generando otros efectos, que es la localizaci\u00f3n de comercio asociado a ese poder adquisitivo\u00bb.<\/p>\n<p>&nbsp;<\/p>\n","protected":false},"excerpt":{"rendered":"<p>Sylvia Vergara G. &#8211; svergara@eltrabajo.cl Una nueva iniciativa ingres\u00f3 para revisi\u00f3n de anteproyecto al municipio de San Felipe hace algunas semanas, la que consiste en la construcci\u00f3n de una torre de departamentos&#8230;<\/p>\n","protected":false},"author":482,"featured_media":20548,"comment_status":"open","ping_status":"closed","sticky":false,"template":"","format":"standard","meta":{"advanced_seo_description":"","jetpack_seo_html_title":"","jetpack_seo_noindex":false,"_jetpack_memberships_contains_paid_content":false,"footnotes":""},"categories":[1],"tags":[],"class_list":["post-20547","post","type-post","status-publish","format-standard","has-post-thumbnail","hentry","category-cronica"],"jetpack_featured_media_url":"https:\/\/i0.wp.com\/eltrabajo.cl\/portal\/wp-content\/uploads\/2012\/07\/claudio-diaz-1.jpg?fit=600%2C451&ssl=1","jetpack_sharing_enabled":true,"jetpack_likes_enabled":true,"jetpack-related-posts":[],"_links":{"self":[{"href":"https:\/\/eltrabajo.cl\/portal\/wp-json\/wp\/v2\/posts\/20547","targetHints":{"allow":["GET"]}}],"collection":[{"href":"https:\/\/eltrabajo.cl\/portal\/wp-json\/wp\/v2\/posts"}],"about":[{"href":"https:\/\/eltrabajo.cl\/portal\/wp-json\/wp\/v2\/types\/post"}],"author":[{"embeddable":true,"href":"https:\/\/eltrabajo.cl\/portal\/wp-json\/wp\/v2\/users\/482"}],"replies":[{"embeddable":true,"href":"https:\/\/eltrabajo.cl\/portal\/wp-json\/wp\/v2\/comments?post=20547"}],"version-history":[{"count":0,"href":"https:\/\/eltrabajo.cl\/portal\/wp-json\/wp\/v2\/posts\/20547\/revisions"}],"wp:featuredmedia":[{"embeddable":true,"href":"https:\/\/eltrabajo.cl\/portal\/wp-json\/wp\/v2\/media\/20548"}],"wp:attachment":[{"href":"https:\/\/eltrabajo.cl\/portal\/wp-json\/wp\/v2\/media?parent=20547"}],"wp:term":[{"taxonomy":"category","embeddable":true,"href":"https:\/\/eltrabajo.cl\/portal\/wp-json\/wp\/v2\/categories?post=20547"},{"taxonomy":"post_tag","embeddable":true,"href":"https:\/\/eltrabajo.cl\/portal\/wp-json\/wp\/v2\/tags?post=20547"}],"curies":[{"name":"wp","href":"https:\/\/api.w.org\/{rel}","templated":true}]}}