{"id":20551,"date":"2012-07-11T09:32:57","date_gmt":"2012-07-11T13:32:57","guid":{"rendered":"http:\/\/www.eltrabajo.cl\/portal\/?p=20551"},"modified":"2012-07-11T09:32:57","modified_gmt":"2012-07-11T13:32:57","slug":"mujer-que-espera-trillizos-reclama-ayuda-comprometida-por-la-municipalidad","status":"publish","type":"post","link":"https:\/\/eltrabajo.cl\/portal\/mujer-que-espera-trillizos-reclama-ayuda-comprometida-por-la-municipalidad\/","title":{"rendered":"Mujer que espera trillizos reclama ayuda comprometida por la Municipalidad"},"content":{"rendered":"<figure id=\"attachment_20554\" aria-describedby=\"caption-attachment-20554\" style=\"width: 300px\" class=\"wp-caption alignleft\"><a href=\"http:\/\/www.eltrabajo.cl\/portal\/2012\/07\/mujer-que-espera-trillizos-reclama-ayuda-comprometida-por-la-municipalidad\/yuvixa-2\/\" rel=\"attachment wp-att-20554\"><img data-recalc-dims=\"1\" loading=\"lazy\" decoding=\"async\" class=\"size-medium wp-image-20554\" title=\"yuvixa 2\" src=\"https:\/\/i0.wp.com\/www.eltrabajo.cl\/portal\/wp-content\/uploads\/2012\/07\/yuvixa-2-300x232.jpg?resize=300%2C232\" alt=\"\" width=\"300\" height=\"232\" srcset=\"https:\/\/i0.wp.com\/eltrabajo.cl\/portal\/wp-content\/uploads\/2012\/07\/yuvixa-2.jpg?resize=300%2C232&amp;ssl=1 300w, https:\/\/i0.wp.com\/eltrabajo.cl\/portal\/wp-content\/uploads\/2012\/07\/yuvixa-2.jpg?resize=193%2C150&amp;ssl=1 193w, https:\/\/i0.wp.com\/eltrabajo.cl\/portal\/wp-content\/uploads\/2012\/07\/yuvixa-2.jpg?resize=150%2C116&amp;ssl=1 150w, https:\/\/i0.wp.com\/eltrabajo.cl\/portal\/wp-content\/uploads\/2012\/07\/yuvixa-2.jpg?resize=400%2C310&amp;ssl=1 400w, https:\/\/i0.wp.com\/eltrabajo.cl\/portal\/wp-content\/uploads\/2012\/07\/yuvixa-2.jpg?w=600&amp;ssl=1 600w\" sizes=\"auto, (max-width: 300px) 100vw, 300px\" \/><\/a><figcaption id=\"caption-attachment-20554\" class=\"wp-caption-text\">Yuvixa Espinoza contaba con la ayuda del municipio y aunque ha ido a buscar la ayuda en alimentos, no se la han entregado, a lo que se suma que ella alega mal trato de funcionaria municipal.<\/figcaption><\/figure>\n<p>Sylvia Vergara G. &#8211; svergara@eltrabajo.cl<\/p>\n<p>Yuvixa Espinoza Campos tiene alrededor de 7 meses de embarazo y al conocer la noticia de que son trillizos y tomando en cuenta su situaci\u00f3n econ\u00f3mica, pidi\u00f3 el apoyo del municipio y el alcalde Jaime Amar determin\u00f3 una ayuda en alimentos, seg\u00fan lo establece la normativa.<\/p>\n<p>La mujer fue derivada a la asistente social, sin embargo dice que desde que pidi\u00f3 el beneficio solamente ha sido ayudada en una oportunidad. A lo que se suma una marquesa para utilizarla en su hogar, debiendo por sus propios medios habilitarla con ropa de cama para usarla.<\/p>\n<p><strong>DENUNCIA MAL TRATO<\/strong><\/p>\n<p>El d\u00eda viernes reci\u00e9n pasado, esta mujer se trat\u00f3 de contactar nuevamente con la asistente social que ve estos casos, y al no encontrarse se dirigi\u00f3 hasta el municipio, donde fue atendida por la secretaria del Alcalde, quien, seg\u00fan Yuvixa, le habr\u00eda dado un muy mal trato en frente de varias personas que se encontraban ah\u00ed, al insinuar delante de ellas que consum\u00eda drogas.<\/p>\n<p>\u201cYo estoy esperando trillizos, me controlan todos los meses con examen de sangre de Santiago, imposible con tres beb\u00e9s y \u00e9l (el alcalde) me dijo que me iba a ayudar y cada vez que vengo a hablar con el Alcalde, la secretaria me dice que no se encuentra o que est\u00e1 en una reuni\u00f3n, que no me puede atender y que yo tengo que ver por mis medios\u201d.<\/p>\n<p>Yuvixa est\u00e1 pidiendo que la acusaci\u00f3n sea verificada, ya que, a su juicio, fue avergonzada delante de m\u00e1s personas.<\/p>\n<p>La ayuda comprometida por el jefe comunal era de manera mensual, pero esta mujer dice que en la pr\u00e1ctica no ha sido as\u00ed.<\/p>\n<figure id=\"attachment_20552\" aria-describedby=\"caption-attachment-20552\" style=\"width: 300px\" class=\"wp-caption alignright\"><a href=\"http:\/\/www.eltrabajo.cl\/portal\/2012\/07\/mujer-que-espera-trillizos-reclama-ayuda-comprometida-por-la-municipalidad\/jaime-amar-17\/\" rel=\"attachment wp-att-20552\"><img data-recalc-dims=\"1\" loading=\"lazy\" decoding=\"async\" class=\"size-medium wp-image-20552\" title=\"jaime amar\" src=\"https:\/\/i0.wp.com\/www.eltrabajo.cl\/portal\/wp-content\/uploads\/2012\/07\/jaime-amar-300x225.jpg?resize=300%2C225\" alt=\"\" width=\"300\" height=\"225\" srcset=\"https:\/\/i0.wp.com\/eltrabajo.cl\/portal\/wp-content\/uploads\/2012\/07\/jaime-amar.jpg?resize=300%2C225&amp;ssl=1 300w, https:\/\/i0.wp.com\/eltrabajo.cl\/portal\/wp-content\/uploads\/2012\/07\/jaime-amar.jpg?resize=200%2C150&amp;ssl=1 200w, https:\/\/i0.wp.com\/eltrabajo.cl\/portal\/wp-content\/uploads\/2012\/07\/jaime-amar.jpg?resize=150%2C112&amp;ssl=1 150w, https:\/\/i0.wp.com\/eltrabajo.cl\/portal\/wp-content\/uploads\/2012\/07\/jaime-amar.jpg?resize=400%2C300&amp;ssl=1 400w, https:\/\/i0.wp.com\/eltrabajo.cl\/portal\/wp-content\/uploads\/2012\/07\/jaime-amar.jpg?w=600&amp;ssl=1 600w\" sizes=\"auto, (max-width: 300px) 100vw, 300px\" \/><\/a><figcaption id=\"caption-attachment-20552\" class=\"wp-caption-text\">El Alcalde Jaime Amar confirm\u00f3 que el municipio le ha entregado ayuda, de acuerdo a la normativa establecida y dijo que su situaci\u00f3n deber\u00e1 ser analizada luego del nacimiento de los ni\u00f1os.<\/figcaption><\/figure>\n<p>\u201cYo incluso fui a hablar hace dos meses con \u00e9l porque no tengo donde vivir, yo vivo en la casa de mi suegra, duermo en un colch\u00f3n en el suelo y la se\u00f1orita me dijo que iba mandar a una se\u00f1orita a verme y ha pasado como dos meses y no pasa nada\u201d, dijo Yuvixa.<\/p>\n<p><strong>ALCALDE CONFIRMA ENTREGA DE AYUDA<\/strong><\/p>\n<p>Consultado el Alcalde Jaime Amar por esta situaci\u00f3n, se\u00f1al\u00f3 que el municipio le ha entregado a esta mujer dos veces alimentos, ayuda que se entrega cada dos o tres meses, de acuerdo a las posibilidades.<\/p>\n<p>Adem\u00e1s Amar destac\u00f3 que esta familia fue intervenida por parte del municipio y del Tribunal de la Familia, lo que signific\u00f3 que los cinco hijos que Yuvixa hayan sido ubicados en hogares protegidos, debido a la compleja situaci\u00f3n que esta familia atraviesa.<\/p>\n<p>El Alcalde dijo tambi\u00e9n que en una oportunidad se les entreg\u00f3 una marquesa con ropa de cama, ya que ella junto a su pareja no ten\u00edan donde dormir.<\/p>\n<p>\u201cNosotros tenemos normas porque la Contralor\u00eda es muy clara, nosotros no somos un ente de beneficencia, no nos corresponde y los casos deben ser de acuerdo a emergencias sociales. Esta persona ha sido en reiteradas ocasiones intervenida por la Municipalidad, y me extra\u00f1a mucho que la \u00fanica entidad que le ha prestado apoyo en todos sus procesos ha sido la Municipalidad y hoy est\u00e1 haciendo una cr\u00edtica en el sentido que no le dan alimentaci\u00f3n todos los d\u00edas o todas las semanas o todos los meses. Nosotros tenemos que entender que hay personas igual que ella que necesita los aportes y tambi\u00e9n se les va entregando de acuerdo a las posibilidades\u201d.<\/p>\n<p>PREOCUPA<\/p>\n<p>SITUACI\u00d3N FAMILIAR<\/p>\n<p>&nbsp;<\/p>\n<p>El jefe comunal dijo que esta familia posiblemente tendr\u00e1 que ser intervenida por el programa Chile Crece Contigo y manifest\u00f3 su preocupaci\u00f3n por la vulnerabilidad del grupo familiar.<\/p>\n<p>\u201cElla ya tiene programada una ces\u00e1rea, y nosotros tambi\u00e9n vamos a apoyar en lo que nos corresponde de ese proceso, ser\u00e1n los pa\u00f1ales, otras cosas m\u00e1s y ah\u00ed tendr\u00e1 que tomarse una definici\u00f3n\u201d.<\/p>\n<p>&nbsp;<\/p>\n","protected":false},"excerpt":{"rendered":"<p>Sylvia Vergara G. &#8211; svergara@eltrabajo.cl Yuvixa Espinoza Campos tiene alrededor de 7 meses de embarazo y al conocer la noticia de que son trillizos y tomando en cuenta su situaci\u00f3n econ\u00f3mica, pidi\u00f3&#8230;<\/p>\n","protected":false},"author":482,"featured_media":20554,"comment_status":"open","ping_status":"closed","sticky":false,"template":"","format":"standard","meta":{"advanced_seo_description":"","jetpack_seo_html_title":"","jetpack_seo_noindex":false,"_jetpack_memberships_contains_paid_content":false,"footnotes":""},"categories":[15],"tags":[],"class_list":["post-20551","post","type-post","status-publish","format-standard","has-post-thumbnail","hentry","category-comunidad"],"jetpack_featured_media_url":"https:\/\/i0.wp.com\/eltrabajo.cl\/portal\/wp-content\/uploads\/2012\/07\/yuvixa-2.jpg?fit=600%2C465&ssl=1","jetpack_sharing_enabled":true,"jetpack_likes_enabled":true,"jetpack-related-posts":[],"_links":{"self":[{"href":"https:\/\/eltrabajo.cl\/portal\/wp-json\/wp\/v2\/posts\/20551","targetHints":{"allow":["GET"]}}],"collection":[{"href":"https:\/\/eltrabajo.cl\/portal\/wp-json\/wp\/v2\/posts"}],"about":[{"href":"https:\/\/eltrabajo.cl\/portal\/wp-json\/wp\/v2\/types\/post"}],"author":[{"embeddable":true,"href":"https:\/\/eltrabajo.cl\/portal\/wp-json\/wp\/v2\/users\/482"}],"replies":[{"embeddable":true,"href":"https:\/\/eltrabajo.cl\/portal\/wp-json\/wp\/v2\/comments?post=20551"}],"version-history":[{"count":0,"href":"https:\/\/eltrabajo.cl\/portal\/wp-json\/wp\/v2\/posts\/20551\/revisions"}],"wp:featuredmedia":[{"embeddable":true,"href":"https:\/\/eltrabajo.cl\/portal\/wp-json\/wp\/v2\/media\/20554"}],"wp:attachment":[{"href":"https:\/\/eltrabajo.cl\/portal\/wp-json\/wp\/v2\/media?parent=20551"}],"wp:term":[{"taxonomy":"category","embeddable":true,"href":"https:\/\/eltrabajo.cl\/portal\/wp-json\/wp\/v2\/categories?post=20551"},{"taxonomy":"post_tag","embeddable":true,"href":"https:\/\/eltrabajo.cl\/portal\/wp-json\/wp\/v2\/tags?post=20551"}],"curies":[{"name":"wp","href":"https:\/\/api.w.org\/{rel}","templated":true}]}}