{"id":20557,"date":"2012-07-11T09:19:55","date_gmt":"2012-07-11T13:19:55","guid":{"rendered":"http:\/\/www.eltrabajo.cl\/portal\/?p=20557"},"modified":"2012-07-11T09:37:43","modified_gmt":"2012-07-11T13:37:43","slug":"castillo-de-alegria-cumplio-tres-anos-de-funcionamiento-en-san-fernando","status":"publish","type":"post","link":"https:\/\/eltrabajo.cl\/portal\/castillo-de-alegria-cumplio-tres-anos-de-funcionamiento-en-san-fernando\/","title":{"rendered":"Castillo de Alegr\u00eda cumpli\u00f3 tres a\u00f1os de funcionamiento en San Fernando"},"content":{"rendered":"<figure id=\"attachment_20560\" aria-describedby=\"caption-attachment-20560\" style=\"width: 600px\" class=\"wp-caption alignnone\"><a href=\"http:\/\/www.eltrabajo.cl\/portal\/2012\/07\/castillo-de-alegria-cumplio-tres-anos-de-funcionamiento-en-san-fernando\/celebracion1-2\/\" rel=\"attachment wp-att-20560\"><img data-recalc-dims=\"1\" loading=\"lazy\" decoding=\"async\" class=\"size-full wp-image-20560\" title=\"Celebracion1\" src=\"https:\/\/i0.wp.com\/www.eltrabajo.cl\/portal\/wp-content\/uploads\/2012\/07\/Celebracion1.jpg?resize=600%2C407\" alt=\"\" width=\"600\" height=\"407\" srcset=\"https:\/\/i0.wp.com\/eltrabajo.cl\/portal\/wp-content\/uploads\/2012\/07\/Celebracion1.jpg?w=600&amp;ssl=1 600w, https:\/\/i0.wp.com\/eltrabajo.cl\/portal\/wp-content\/uploads\/2012\/07\/Celebracion1.jpg?resize=200%2C135&amp;ssl=1 200w, https:\/\/i0.wp.com\/eltrabajo.cl\/portal\/wp-content\/uploads\/2012\/07\/Celebracion1.jpg?resize=300%2C203&amp;ssl=1 300w, https:\/\/i0.wp.com\/eltrabajo.cl\/portal\/wp-content\/uploads\/2012\/07\/Celebracion1.jpg?resize=150%2C101&amp;ssl=1 150w, https:\/\/i0.wp.com\/eltrabajo.cl\/portal\/wp-content\/uploads\/2012\/07\/Celebracion1.jpg?resize=400%2C271&amp;ssl=1 400w\" sizes=\"auto, (max-width: 600px) 100vw, 600px\" \/><\/a><figcaption id=\"caption-attachment-20560\" class=\"wp-caption-text\">Castillo de Alegr\u00eda cumpli\u00f3 tres a\u00f1os de funcionamiento en San Fernando<\/figcaption><\/figure>\n<p>Roberto Gonz\u00e1lez Short &#8211; rgonzalez@eltrabajo.cl<\/p>\n<p><strong>\u00a0SANTA MAR\u00cdA.-<\/strong> La magia y carisma propio de los cuentos de hadas, se hizo presente una vez m\u00e1s en el Jard\u00edn Castillo de Alegr\u00eda con motivo de su tercer aniversario de estar en funcionamiento. Tanto las t\u00edas como los ni\u00f1os que lo inundan de juegos y risas, este castillo fue testigo de la coronaci\u00f3n de decenas de \u2018Reyes\u2019 y Reinas\u2019, pues cada uno de los apoderados recibieron su \u2018corona real\u2019, convirti\u00e9ndose as\u00ed en pr\u00edncipes y princesas cada uno de los 54 peque\u00f1os que reciben atenci\u00f3n durante todo el a\u00f1o en San Fernando.<\/p>\n<figure id=\"attachment_20561\" aria-describedby=\"caption-attachment-20561\" style=\"width: 300px\" class=\"wp-caption alignright\"><a href=\"http:\/\/www.eltrabajo.cl\/portal\/2012\/07\/castillo-de-alegria-cumplio-tres-anos-de-funcionamiento-en-san-fernando\/locura1\/\" rel=\"attachment wp-att-20561\"><img data-recalc-dims=\"1\" loading=\"lazy\" decoding=\"async\" class=\"size-medium wp-image-20561\" title=\"Locura1\" src=\"https:\/\/i0.wp.com\/www.eltrabajo.cl\/portal\/wp-content\/uploads\/2012\/07\/Locura1-300x168.jpg?resize=300%2C168\" alt=\"\" width=\"300\" height=\"168\" srcset=\"https:\/\/i0.wp.com\/eltrabajo.cl\/portal\/wp-content\/uploads\/2012\/07\/Locura1.jpg?resize=300%2C168&amp;ssl=1 300w, https:\/\/i0.wp.com\/eltrabajo.cl\/portal\/wp-content\/uploads\/2012\/07\/Locura1.jpg?resize=200%2C112&amp;ssl=1 200w, https:\/\/i0.wp.com\/eltrabajo.cl\/portal\/wp-content\/uploads\/2012\/07\/Locura1.jpg?resize=150%2C84&amp;ssl=1 150w, https:\/\/i0.wp.com\/eltrabajo.cl\/portal\/wp-content\/uploads\/2012\/07\/Locura1.jpg?resize=400%2C224&amp;ssl=1 400w, https:\/\/i0.wp.com\/eltrabajo.cl\/portal\/wp-content\/uploads\/2012\/07\/Locura1.jpg?w=600&amp;ssl=1 600w\" sizes=\"auto, (max-width: 300px) 100vw, 300px\" \/><\/a><figcaption id=\"caption-attachment-20561\" class=\"wp-caption-text\">Locura, cari\u00f1o y mucha camarader\u00eda profesional, se vivi\u00f3 entre las T\u00edas y su Directora, Mirta Soto, profesional que ha logrado inyectarle paz y entusiasmo a todos los s\u00fabditos de este \u2018Reino de la Alegr\u00eda\u2019.<\/figcaption><\/figure>\n<p>Se trata de una semana entera llena actividades folkl\u00f3ricas e infantiles, actividades en las que participaron todos los involucrados en el proceso educativo de estos peque\u00f1os. \u201cNuestro establecimiento se llama \u2018Castillo de Alegr\u00eda\u2019, porque su nombre refleja el orgullo que todos sentimos de recordar nuestro Castillo Miravalle, mismo que ya se encuentra bastante da\u00f1ado por el vandalismo\u201d, coment\u00f3 a Diario El Trabajo la Directora de Castillo de Alegr\u00eda, Mirta Soto.<\/p>\n<p>Brochetas de frutas, shows infantiles, teatro para ni\u00f1os y mucha alegr\u00eda para los peques. T\u00edas y apoderadas se encargaron de recrear muchos cuentos infantiles para celebrar en grande estos tres a\u00f1os de funcionamiento en calidad de centro parvulario.<\/p>\n<p>\u201cEstoy orgulloso de ver el crecimiento de este establecimiento, ahora cada Nivel cuenta con cuatro parvularias para la debida atenci\u00f3n a los peque\u00f1itos, hago hoy el anuncio de las nuevas mejoras y ampliaciones que el Municipio realizar\u00e1 en lo que falta del 2012 al local educativo, puedo agregar tambi\u00e9n que la alegr\u00eda de los ni\u00f1os y apoderados, tambi\u00e9n la compartimos en todo el sector Municipal\u201d, coment\u00f3 el Alcalde de Santa Mar\u00eda, Claudio Zurita.<\/p>\n<p>El Castillo de Alegr\u00eda fue fundado el martes 30 de junio de 2009.<\/p>\n<p>&nbsp;<\/p>\n","protected":false},"excerpt":{"rendered":"<p>Roberto Gonz\u00e1lez Short &#8211; rgonzalez@eltrabajo.cl \u00a0SANTA MAR\u00cdA.- La magia y carisma propio de los cuentos de hadas, se hizo presente una vez m\u00e1s en el Jard\u00edn Castillo de Alegr\u00eda con motivo de&#8230;<\/p>\n","protected":false},"author":482,"featured_media":20560,"comment_status":"open","ping_status":"closed","sticky":false,"template":"","format":"standard","meta":{"advanced_seo_description":"","jetpack_seo_html_title":"","jetpack_seo_noindex":false,"_jetpack_memberships_contains_paid_content":false,"footnotes":""},"categories":[15],"tags":[],"class_list":["post-20557","post","type-post","status-publish","format-standard","has-post-thumbnail","hentry","category-comunidad"],"jetpack_featured_media_url":"https:\/\/i0.wp.com\/eltrabajo.cl\/portal\/wp-content\/uploads\/2012\/07\/Celebracion1.jpg?fit=600%2C407&ssl=1","jetpack_sharing_enabled":true,"jetpack_likes_enabled":true,"jetpack-related-posts":[],"_links":{"self":[{"href":"https:\/\/eltrabajo.cl\/portal\/wp-json\/wp\/v2\/posts\/20557","targetHints":{"allow":["GET"]}}],"collection":[{"href":"https:\/\/eltrabajo.cl\/portal\/wp-json\/wp\/v2\/posts"}],"about":[{"href":"https:\/\/eltrabajo.cl\/portal\/wp-json\/wp\/v2\/types\/post"}],"author":[{"embeddable":true,"href":"https:\/\/eltrabajo.cl\/portal\/wp-json\/wp\/v2\/users\/482"}],"replies":[{"embeddable":true,"href":"https:\/\/eltrabajo.cl\/portal\/wp-json\/wp\/v2\/comments?post=20557"}],"version-history":[{"count":0,"href":"https:\/\/eltrabajo.cl\/portal\/wp-json\/wp\/v2\/posts\/20557\/revisions"}],"wp:featuredmedia":[{"embeddable":true,"href":"https:\/\/eltrabajo.cl\/portal\/wp-json\/wp\/v2\/media\/20560"}],"wp:attachment":[{"href":"https:\/\/eltrabajo.cl\/portal\/wp-json\/wp\/v2\/media?parent=20557"}],"wp:term":[{"taxonomy":"category","embeddable":true,"href":"https:\/\/eltrabajo.cl\/portal\/wp-json\/wp\/v2\/categories?post=20557"},{"taxonomy":"post_tag","embeddable":true,"href":"https:\/\/eltrabajo.cl\/portal\/wp-json\/wp\/v2\/tags?post=20557"}],"curies":[{"name":"wp","href":"https:\/\/api.w.org\/{rel}","templated":true}]}}