{"id":20567,"date":"2012-07-11T09:40:57","date_gmt":"2012-07-11T13:40:57","guid":{"rendered":"http:\/\/www.eltrabajo.cl\/portal\/?p=20567"},"modified":"2012-07-11T09:40:57","modified_gmt":"2012-07-11T13:40:57","slug":"ingreso-por-el-techo-de-casa-para-robar-notebook-y-darse-a-la-fuga","status":"publish","type":"post","link":"https:\/\/eltrabajo.cl\/portal\/ingreso-por-el-techo-de-casa-para-robar-notebook-y-darse-a-la-fuga\/","title":{"rendered":"Ingres\u00f3 por el techo de casa para robar notebook y darse a la fuga"},"content":{"rendered":"<figure id=\"attachment_20568\" aria-describedby=\"caption-attachment-20568\" style=\"width: 600px\" class=\"wp-caption alignnone\"><a href=\"http:\/\/www.eltrabajo.cl\/portal\/2012\/07\/ingreso-por-el-techo-de-casa-para-robar-notebook-y-darse-a-la-fuga\/forado\/\" rel=\"attachment wp-att-20568\"><img data-recalc-dims=\"1\" loading=\"lazy\" decoding=\"async\" class=\"size-full wp-image-20568\" title=\"forado\" src=\"https:\/\/i0.wp.com\/www.eltrabajo.cl\/portal\/wp-content\/uploads\/2012\/07\/forado.jpg?resize=600%2C450\" alt=\"\" width=\"600\" height=\"450\" srcset=\"https:\/\/i0.wp.com\/eltrabajo.cl\/portal\/wp-content\/uploads\/2012\/07\/forado.jpg?w=600&amp;ssl=1 600w, https:\/\/i0.wp.com\/eltrabajo.cl\/portal\/wp-content\/uploads\/2012\/07\/forado.jpg?resize=200%2C150&amp;ssl=1 200w, https:\/\/i0.wp.com\/eltrabajo.cl\/portal\/wp-content\/uploads\/2012\/07\/forado.jpg?resize=300%2C225&amp;ssl=1 300w, https:\/\/i0.wp.com\/eltrabajo.cl\/portal\/wp-content\/uploads\/2012\/07\/forado.jpg?resize=150%2C112&amp;ssl=1 150w, https:\/\/i0.wp.com\/eltrabajo.cl\/portal\/wp-content\/uploads\/2012\/07\/forado.jpg?resize=400%2C300&amp;ssl=1 400w\" sizes=\"auto, (max-width: 600px) 100vw, 600px\" \/><\/a><figcaption id=\"caption-attachment-20568\" class=\"wp-caption-text\">As\u00ed qued\u00f3 el cielo de la vivienda de la v\u00edctima luego que el sujeto accediera por ese forado para sustraer el notebook.<\/figcaption><\/figure>\n<p>Pablo Salinas Sald\u00edas &#8211; psalinas@eltrabajo.cl<\/p>\n<p>Un sujeto de 18 a\u00f1os fue detenido por Carabineros alrededor de las 15:00 horas del pasado lunes, tras ser sindicado como el autor del robo de un notebook luego que fuera sorprendido realizando un forado por el techo de una vivienda ubicada en la Poblaci\u00f3n San Felipe para posteriormente darse a la fuga.<\/p>\n<figure id=\"attachment_20569\" aria-describedby=\"caption-attachment-20569\" style=\"width: 300px\" class=\"wp-caption alignright\"><a href=\"http:\/\/www.eltrabajo.cl\/portal\/2012\/07\/ingreso-por-el-techo-de-casa-para-robar-notebook-y-darse-a-la-fuga\/imputado-robo-copia\/\" rel=\"attachment wp-att-20569\"><img data-recalc-dims=\"1\" loading=\"lazy\" decoding=\"async\" class=\"size-medium wp-image-20569\" title=\"imputado robo copia\" src=\"https:\/\/i0.wp.com\/www.eltrabajo.cl\/portal\/wp-content\/uploads\/2012\/07\/imputado-robo-copia-300x225.jpg?resize=300%2C225\" alt=\"\" width=\"300\" height=\"225\" srcset=\"https:\/\/i0.wp.com\/eltrabajo.cl\/portal\/wp-content\/uploads\/2012\/07\/imputado-robo-copia.jpg?resize=300%2C225&amp;ssl=1 300w, https:\/\/i0.wp.com\/eltrabajo.cl\/portal\/wp-content\/uploads\/2012\/07\/imputado-robo-copia.jpg?resize=200%2C150&amp;ssl=1 200w, https:\/\/i0.wp.com\/eltrabajo.cl\/portal\/wp-content\/uploads\/2012\/07\/imputado-robo-copia.jpg?resize=150%2C112&amp;ssl=1 150w, https:\/\/i0.wp.com\/eltrabajo.cl\/portal\/wp-content\/uploads\/2012\/07\/imputado-robo-copia.jpg?resize=400%2C300&amp;ssl=1 400w, https:\/\/i0.wp.com\/eltrabajo.cl\/portal\/wp-content\/uploads\/2012\/07\/imputado-robo-copia.jpg?w=600&amp;ssl=1 600w\" sizes=\"auto, (max-width: 300px) 100vw, 300px\" \/><\/a><figcaption id=\"caption-attachment-20569\" class=\"wp-caption-text\">El imputado qued\u00f3 en custodia de Gendarmer\u00eda en espera de la resoluci\u00f3n de la Corte de Apelaciones si acoge la Prisi\u00f3n Preventiva.<\/figcaption><\/figure>\n<p>De acuerdo a los antecedentes reportados por Carabineros, la v\u00edctima identificada con las iniciales P.C.G.A., de 74 a\u00f1os, sorprendi\u00f3 al sujeto robando la especie avaluada en $400.000, observando que en el techo de material vulcanita y zinc el delincuente hab\u00eda realizado un forado para ingresar, momentos en que tambi\u00e9n fue observado por un yerno de la v\u00edctima, quienes salieron en su captura solicitando la presencia de Carabineros.<\/p>\n<p>En esos instantes, tras la llegada de los efectivos policiales, se logr\u00f3 dar con el imputado que se encontraba bajo un \u00e1rbol cercano al lugar de los hechos, siendo sindicado por las v\u00edctimas como el autor del hecho, el que fue identificado como Daniel Ignacio M.C., de 18 a\u00f1os de edad y domiciliado en calle Traslavi\u00f1a de San Felipe.<\/p>\n<p>El imputado fue sometido a control de detenci\u00f3n ante el Juzgado de Garant\u00eda de San Felipe por el delito de robo en lugar habitado, instancia en que el Fiscal Osvaldo Basso requiri\u00f3 la cautelar de prisi\u00f3n preventiva, la que fue denegada por el Magistrado de dicho Tribunal.<\/p>\n<p>\u201cPas\u00f3 a control por robo en lugar habitado, el Ministerio P\u00fablico formaliz\u00f3 por este delito pidiendo la cautelar de Prisi\u00f3n Preventiva, pero el Tribunal la deneg\u00f3 porque a su juicio no hab\u00eda participaci\u00f3n o no estaba suficientemente acreditada la participaci\u00f3n del imputado en los hechos formalizados, raz\u00f3n por lo cual el Ministerio P\u00fablico apel\u00f3 verbalmente y ser\u00e1 en definitiva la Corte de Apelaciones de Valpara\u00edso quien se encargar\u00e1 de resolver si se da a lugar o no a la Prisi\u00f3n Preventiva solicitada\u201d, puntualiz\u00f3 Basso.<\/p>\n<p>&nbsp;<\/p>\n","protected":false},"excerpt":{"rendered":"<p>Pablo Salinas Sald\u00edas &#8211; psalinas@eltrabajo.cl Un sujeto de 18 a\u00f1os fue detenido por Carabineros alrededor de las 15:00 horas del pasado lunes, tras ser sindicado como el autor del robo de un&#8230;<\/p>\n","protected":false},"author":482,"featured_media":20568,"comment_status":"open","ping_status":"closed","sticky":false,"template":"","format":"standard","meta":{"advanced_seo_description":"","jetpack_seo_html_title":"","jetpack_seo_noindex":false,"_jetpack_memberships_contains_paid_content":false,"footnotes":""},"categories":[21],"tags":[],"class_list":["post-20567","post","type-post","status-publish","format-standard","has-post-thumbnail","hentry","category-policial"],"jetpack_featured_media_url":"https:\/\/i0.wp.com\/eltrabajo.cl\/portal\/wp-content\/uploads\/2012\/07\/forado.jpg?fit=600%2C450&ssl=1","jetpack_sharing_enabled":true,"jetpack_likes_enabled":true,"jetpack-related-posts":[],"_links":{"self":[{"href":"https:\/\/eltrabajo.cl\/portal\/wp-json\/wp\/v2\/posts\/20567","targetHints":{"allow":["GET"]}}],"collection":[{"href":"https:\/\/eltrabajo.cl\/portal\/wp-json\/wp\/v2\/posts"}],"about":[{"href":"https:\/\/eltrabajo.cl\/portal\/wp-json\/wp\/v2\/types\/post"}],"author":[{"embeddable":true,"href":"https:\/\/eltrabajo.cl\/portal\/wp-json\/wp\/v2\/users\/482"}],"replies":[{"embeddable":true,"href":"https:\/\/eltrabajo.cl\/portal\/wp-json\/wp\/v2\/comments?post=20567"}],"version-history":[{"count":0,"href":"https:\/\/eltrabajo.cl\/portal\/wp-json\/wp\/v2\/posts\/20567\/revisions"}],"wp:featuredmedia":[{"embeddable":true,"href":"https:\/\/eltrabajo.cl\/portal\/wp-json\/wp\/v2\/media\/20568"}],"wp:attachment":[{"href":"https:\/\/eltrabajo.cl\/portal\/wp-json\/wp\/v2\/media?parent=20567"}],"wp:term":[{"taxonomy":"category","embeddable":true,"href":"https:\/\/eltrabajo.cl\/portal\/wp-json\/wp\/v2\/categories?post=20567"},{"taxonomy":"post_tag","embeddable":true,"href":"https:\/\/eltrabajo.cl\/portal\/wp-json\/wp\/v2\/tags?post=20567"}],"curies":[{"name":"wp","href":"https:\/\/api.w.org\/{rel}","templated":true}]}}