{"id":20578,"date":"2012-07-11T09:47:24","date_gmt":"2012-07-11T13:47:24","guid":{"rendered":"http:\/\/www.eltrabajo.cl\/portal\/?p=20578"},"modified":"2012-07-11T09:47:24","modified_gmt":"2012-07-11T13:47:24","slug":"daniel-chazarreta-renuncio-a-la-direccion-tecnica-de-union-san-felipe","status":"publish","type":"post","link":"https:\/\/eltrabajo.cl\/portal\/daniel-chazarreta-renuncio-a-la-direccion-tecnica-de-union-san-felipe\/","title":{"rendered":"Daniel Chazarreta renunci\u00f3 a la Direcci\u00f3n T\u00e9cnica de Uni\u00f3n San Felipe"},"content":{"rendered":"<figure id=\"attachment_20582\" aria-describedby=\"caption-attachment-20582\" style=\"width: 300px\" class=\"wp-caption alignleft\"><a href=\"http:\/\/www.eltrabajo.cl\/portal\/2012\/07\/daniel-chazarreta-renuncio-a-la-direccion-tecnica-de-union-san-felipe\/chazarrerta-2\/\" rel=\"attachment wp-att-20582\"><img data-recalc-dims=\"1\" loading=\"lazy\" decoding=\"async\" class=\"size-medium wp-image-20582\" title=\"chazarrerta\" src=\"https:\/\/i0.wp.com\/www.eltrabajo.cl\/portal\/wp-content\/uploads\/2012\/07\/chazarrerta1-300x234.jpg?resize=300%2C234\" alt=\"\" width=\"300\" height=\"234\" srcset=\"https:\/\/i0.wp.com\/eltrabajo.cl\/portal\/wp-content\/uploads\/2012\/07\/chazarrerta1.jpg?resize=300%2C234&amp;ssl=1 300w, https:\/\/i0.wp.com\/eltrabajo.cl\/portal\/wp-content\/uploads\/2012\/07\/chazarrerta1.jpg?resize=192%2C150&amp;ssl=1 192w, https:\/\/i0.wp.com\/eltrabajo.cl\/portal\/wp-content\/uploads\/2012\/07\/chazarrerta1.jpg?resize=150%2C117&amp;ssl=1 150w, https:\/\/i0.wp.com\/eltrabajo.cl\/portal\/wp-content\/uploads\/2012\/07\/chazarrerta1.jpg?resize=400%2C312&amp;ssl=1 400w, https:\/\/i0.wp.com\/eltrabajo.cl\/portal\/wp-content\/uploads\/2012\/07\/chazarrerta1.jpg?w=600&amp;ssl=1 600w\" sizes=\"auto, (max-width: 300px) 100vw, 300px\" \/><\/a><figcaption id=\"caption-attachment-20582\" class=\"wp-caption-text\">Diferencias insalvables con la Plana Directiva, habr\u00edan motivado el alejamiento voluntario de Daniel Chazarreta, del Un\u00ed Un\u00ed.<\/figcaption><\/figure>\n<p>Cuando nadie lo esperaba y de manera totalmente sorpresiva, Daniel Chazarreta present\u00f3 su Renuncia Indeclinable al Banco T\u00e9cnico de Uni\u00f3n San Felipe, en una determinaci\u00f3n que viene a agravar la delicada situaci\u00f3n deportiva del club albirrojo, que es uno de los principales candidatos para perder la categor\u00eda a fin de a\u00f1o.<\/p>\n<p>El alejamiento del Director T\u00e9cnico, se deber\u00eda a que este tendr\u00eda profundas diferencias con algunos miembros de la Directiva unionista.<\/p>\n<p>Por m\u00e1s que los dirigentes del club quieran dar la sensaci\u00f3n publica de que las cosas est\u00e1n en orden al interior de la instituci\u00f3n, los hechos dicen otra cosa, porque el equipo est\u00e1 \u00faltimo, lo que se agrav\u00f3 aun m\u00e1s despu\u00e9s del pobre debut del s\u00e1bado \u00faltimo, donde los sanfelipe\u00f1os fueron incapaces de vencer a Cobresal.<\/p>\n<p>Sebasti\u00e1n Delgado, Presidente del Un\u00ed, lleg\u00f3 al Estadio Municipal cerca del mediod\u00eda de ayer para comunicar al plantel el alejamiento de Chazarreta, al que podr\u00eda sumarse el Preparador F\u00edsico Gast\u00f3n Lloveras, que ayer sin previo aviso no concurri\u00f3 a la practica a ejercer sus labores. \u201cEs totalmente efectivo que Daniel Chazarreta decidi\u00f3 dar un paso al costado y ya no es m\u00e1s el T\u00e9cnico de Uni\u00f3n San Felipe\u201d. Parti\u00f3 se\u00f1alando el m\u00e1ximo directivo del club, que evit\u00f3 referirse a los motivos de la renuncia del Couch\u201d.<\/p>\n<p>\u201cLos motivos prefiero que se los pregunten a \u00e9l, yo s\u00f3lo puedo informar que adujo no sentirse c\u00f3modo en su trabajo diario, lo que pasa tambi\u00e9n por un desgaste por los a\u00f1os que lleva trabajando en el club, lamentablemente tom\u00f3 esta decisi\u00f3n que la verdad nos cayo por sorpresa\u201d, agreg\u00f3 Sebasti\u00e1n Delgado.<\/p>\n<figure id=\"attachment_20581\" aria-describedby=\"caption-attachment-20581\" style=\"width: 300px\" class=\"wp-caption alignright\"><a href=\"http:\/\/www.eltrabajo.cl\/portal\/2012\/07\/daniel-chazarreta-renuncio-a-la-direccion-tecnica-de-union-san-felipe\/sebastian-delgado-2\/\" rel=\"attachment wp-att-20581\"><img data-recalc-dims=\"1\" loading=\"lazy\" decoding=\"async\" class=\"size-medium wp-image-20581\" title=\"sebastian delgado\" src=\"https:\/\/i0.wp.com\/www.eltrabajo.cl\/portal\/wp-content\/uploads\/2012\/07\/sebastian-delgado1-300x255.jpg?resize=300%2C255\" alt=\"\" width=\"300\" height=\"255\" srcset=\"https:\/\/i0.wp.com\/eltrabajo.cl\/portal\/wp-content\/uploads\/2012\/07\/sebastian-delgado1.jpg?resize=300%2C255&amp;ssl=1 300w, https:\/\/i0.wp.com\/eltrabajo.cl\/portal\/wp-content\/uploads\/2012\/07\/sebastian-delgado1.jpg?resize=176%2C150&amp;ssl=1 176w, https:\/\/i0.wp.com\/eltrabajo.cl\/portal\/wp-content\/uploads\/2012\/07\/sebastian-delgado1.jpg?resize=150%2C127&amp;ssl=1 150w, https:\/\/i0.wp.com\/eltrabajo.cl\/portal\/wp-content\/uploads\/2012\/07\/sebastian-delgado1.jpg?resize=400%2C340&amp;ssl=1 400w, https:\/\/i0.wp.com\/eltrabajo.cl\/portal\/wp-content\/uploads\/2012\/07\/sebastian-delgado1.jpg?w=600&amp;ssl=1 600w\" sizes=\"auto, (max-width: 300px) 100vw, 300px\" \/><\/a><figcaption id=\"caption-attachment-20581\" class=\"wp-caption-text\">El Presidente de Uni\u00f3n San Felipe, Sebasti\u00e1n Delgado, confirm\u00f3 la renuncia del T\u00e9cnico, aunque no dio a conocer los motivos que llevaron a Chazarreta a tomar tan dr\u00e1stica determinaci\u00f3n.<\/figcaption><\/figure>\n<p><strong>\u00bfHubo alguna conversaci\u00f3n tras el partido del s\u00e1bado?<\/strong><\/p>\n<p>\u201cNo, eso no tiene nada que ver con el resultado del s\u00e1bado, todo lo contrario, nosotros est\u00e1bamos satisfechos con el trabajo de temporada, mas el que hab\u00eda desarrollado a lo largo de los a\u00f1os en el club, por eso es que contaba con nuestra confianza y se le hab\u00eda ratificado como T\u00e9cnico del primer equipo, porque cre\u00edamos que estaba a la altura de las circunstancias para sacar el equipo adelante\u201d.<\/p>\n<p><strong>\u00bfSe especula que en la decisi\u00f3n de Chazarreta, habr\u00edan influido temas anexos al futbol\u00edstico, como por ejemplo, que no se le habr\u00eda cumplido con algunas exigencias?<\/strong><\/p>\n<p>\u201cEso es parte de los motivos de su incomodidad, \u00e9l no estaba de acuerdo con algunas decisiones que hab\u00eda tomado el club en el \u00faltimo tiempo y prefiri\u00f3 dar un paso al costado antes que la situaci\u00f3n se tornar\u00e1 insostenible para \u00e9l, por eso prefiri\u00f3 irse ahora que reci\u00e9n el torneo arranc\u00f3\u201d.<\/p>\n<p><strong>\u00bfCu\u00e1les son los motivos que incomodaron a Chazarreta?<\/strong><\/p>\n<p>\u201cInsisto, eso deben pregunt\u00e1rselo a \u00e9l, que no nos dio mayores detalles de los motivos de su decisi\u00f3n, \u00e9l no recibi\u00f3 ning\u00fan tipo de presi\u00f3n, esto se debe a una determinaci\u00f3n personal\u201d.<\/p>\n<p><strong>\u00bfQu\u00e9 sucede con Gast\u00f3n Lloveras?<\/strong><\/p>\n<p>\u201cAun no hemos hablado con Gast\u00f3n, \u00e9l hoy no se present\u00f3 al entrenamiento como lo deber\u00eda haber hecho, no estamos al tanto si \u00e9l habr\u00eda presentado su renuncia, a Gast\u00f3n lo apreciamos mucho y lo trajimos por su capacidad, s\u00ed nos sorprender\u00eda que de un momento a otro decidiera alejarse de Uni\u00f3n San Felipe\u201d.<\/p>\n<p><strong>\u00bfDaniel Chazarreta, seguir\u00e1 ligado al Club?<\/strong><\/p>\n<p>\u201cNo, esto marca el fin de su ciclo en Uni\u00f3n San Felipe\u201d.<\/p>\n<p><strong>\u00bfQui\u00e9n se har\u00e1 cargo del primer equipo, mientras llega un nuevo DT?<\/strong><\/p>\n<p>\u201cJorge Miranda, con la supervisi\u00f3n de Nelson Soto. Esperamos definir entre hoy (ayer), y ma\u00f1ana (hoy), el nombre del nuevo entrenador\u201d.<\/p>\n<p><strong>\u00bfNelson Soto es una opci\u00f3n?<\/strong><\/p>\n<p>\u201cNo, nuestra idea no era que Nelson Soto se hiciera cargo del equipo, \u00e9l lleg\u00f3 para cumplir un rol distinto al de entrenador, con Nelson tenemos una relaci\u00f3n de varios a\u00f1os y nos encanta su visi\u00f3n del f\u00fatbol, creo que como empresa, \u00e9l nos puede ayudar mucho en la b\u00fasqueda de talentos y la supervisi\u00f3n del primer equipo, adem\u00e1s que tampoco \u00e9l quiere asumir en el primer equipo\u201d.<\/p>\n<p>Nota de la Redacci\u00f3n: Daniel Chazarreta dirigi\u00f3 en tres oportunidades a Uni\u00f3n San Felipe, estas fueron el 2007; luego estuvo de manera Interina el a\u00f1o pasado y en esta temporada asumi\u00f3 tras la renuncia de Nelson Cossio.<\/p>\n<p>El trasandino tambi\u00e9n cumpli\u00f3 labores como Director Deportivo de Uni\u00f3n San Felipe.<\/p>\n<p>&nbsp;<\/p>\n","protected":false},"excerpt":{"rendered":"<p>Cuando nadie lo esperaba y de manera totalmente sorpresiva, Daniel Chazarreta present\u00f3 su Renuncia Indeclinable al Banco T\u00e9cnico de Uni\u00f3n San Felipe, en una determinaci\u00f3n que viene a agravar la delicada situaci\u00f3n&#8230;<\/p>\n","protected":false},"author":482,"featured_media":20582,"comment_status":"open","ping_status":"closed","sticky":false,"template":"","format":"standard","meta":{"advanced_seo_description":"","jetpack_seo_html_title":"","jetpack_seo_noindex":false,"_jetpack_memberships_contains_paid_content":false,"footnotes":""},"categories":[19],"tags":[],"class_list":["post-20578","post","type-post","status-publish","format-standard","has-post-thumbnail","hentry","category-deportes"],"jetpack_featured_media_url":"https:\/\/i0.wp.com\/eltrabajo.cl\/portal\/wp-content\/uploads\/2012\/07\/chazarrerta1.jpg?fit=600%2C468&ssl=1","jetpack_sharing_enabled":true,"jetpack_likes_enabled":true,"jetpack-related-posts":[],"_links":{"self":[{"href":"https:\/\/eltrabajo.cl\/portal\/wp-json\/wp\/v2\/posts\/20578","targetHints":{"allow":["GET"]}}],"collection":[{"href":"https:\/\/eltrabajo.cl\/portal\/wp-json\/wp\/v2\/posts"}],"about":[{"href":"https:\/\/eltrabajo.cl\/portal\/wp-json\/wp\/v2\/types\/post"}],"author":[{"embeddable":true,"href":"https:\/\/eltrabajo.cl\/portal\/wp-json\/wp\/v2\/users\/482"}],"replies":[{"embeddable":true,"href":"https:\/\/eltrabajo.cl\/portal\/wp-json\/wp\/v2\/comments?post=20578"}],"version-history":[{"count":0,"href":"https:\/\/eltrabajo.cl\/portal\/wp-json\/wp\/v2\/posts\/20578\/revisions"}],"wp:featuredmedia":[{"embeddable":true,"href":"https:\/\/eltrabajo.cl\/portal\/wp-json\/wp\/v2\/media\/20582"}],"wp:attachment":[{"href":"https:\/\/eltrabajo.cl\/portal\/wp-json\/wp\/v2\/media?parent=20578"}],"wp:term":[{"taxonomy":"category","embeddable":true,"href":"https:\/\/eltrabajo.cl\/portal\/wp-json\/wp\/v2\/categories?post=20578"},{"taxonomy":"post_tag","embeddable":true,"href":"https:\/\/eltrabajo.cl\/portal\/wp-json\/wp\/v2\/tags?post=20578"}],"curies":[{"name":"wp","href":"https:\/\/api.w.org\/{rel}","templated":true}]}}