{"id":20585,"date":"2012-07-11T09:48:42","date_gmt":"2012-07-11T13:48:42","guid":{"rendered":"http:\/\/www.eltrabajo.cl\/portal\/?p=20585"},"modified":"2012-07-11T09:48:42","modified_gmt":"2012-07-11T13:48:42","slug":"insolito-mujer-debe-caminar-con-muletas-y-el-compin-le-rechaza-su-licencia","status":"publish","type":"post","link":"https:\/\/eltrabajo.cl\/portal\/insolito-mujer-debe-caminar-con-muletas-y-el-compin-le-rechaza-su-licencia\/","title":{"rendered":"Ins\u00f3lito: Mujer debe caminar con muletas y el Compin le rechaza su licencia"},"content":{"rendered":"<figure id=\"attachment_20586\" aria-describedby=\"caption-attachment-20586\" style=\"width: 300px\" class=\"wp-caption alignleft\"><a href=\"http:\/\/www.eltrabajo.cl\/portal\/2012\/07\/insolito-mujer-debe-caminar-con-muletas-y-el-compin-le-rechaza-su-licencia\/maria-ulloa-1-2\/\" rel=\"attachment wp-att-20586\"><img data-recalc-dims=\"1\" loading=\"lazy\" decoding=\"async\" class=\"size-medium wp-image-20586\" title=\"maria ulloa (1)\" src=\"https:\/\/i0.wp.com\/www.eltrabajo.cl\/portal\/wp-content\/uploads\/2012\/07\/maria-ulloa-11-300x225.jpg?resize=300%2C225\" alt=\"\" width=\"300\" height=\"225\" srcset=\"https:\/\/i0.wp.com\/eltrabajo.cl\/portal\/wp-content\/uploads\/2012\/07\/maria-ulloa-11.jpg?resize=300%2C225&amp;ssl=1 300w, https:\/\/i0.wp.com\/eltrabajo.cl\/portal\/wp-content\/uploads\/2012\/07\/maria-ulloa-11.jpg?resize=200%2C150&amp;ssl=1 200w, https:\/\/i0.wp.com\/eltrabajo.cl\/portal\/wp-content\/uploads\/2012\/07\/maria-ulloa-11.jpg?resize=150%2C112&amp;ssl=1 150w, https:\/\/i0.wp.com\/eltrabajo.cl\/portal\/wp-content\/uploads\/2012\/07\/maria-ulloa-11.jpg?resize=400%2C300&amp;ssl=1 400w, https:\/\/i0.wp.com\/eltrabajo.cl\/portal\/wp-content\/uploads\/2012\/07\/maria-ulloa-11.jpg?w=600&amp;ssl=1 600w\" sizes=\"auto, (max-width: 300px) 100vw, 300px\" \/><\/a><figcaption id=\"caption-attachment-20586\" class=\"wp-caption-text\">Mar\u00eda Ulloa todav\u00eda se encuentra utilizando muletas, ya que tiene mucho dolor en el sector operado, y est\u00e1 a la espera de un scanner que mostrar\u00e1 si debe ser operada nuevamente o no.<\/figcaption><\/figure>\n<ul>\n<li><strong>Fue operada de un tumor en la cadera en enero y al presentar la \u00faltima licencia m\u00e9dica le avisaron que no le aceptar\u00edan m\u00e1s.<\/strong><\/li>\n<\/ul>\n<p>En el mes de enero de este a\u00f1o, Mar\u00eda Ulloa Rubilar fue operada de un tumor que ten\u00eda en la cadera izquierda. Seg\u00fan la doctora que trat\u00f3 el caso, el reposo que esta mujer deb\u00eda tener era de 4 meses, pero los resultados de la intervenci\u00f3n al parecer no fueron los esperados y la especialista le ha entregado licencia m\u00e9dica, por encontrarse todav\u00eda imposibilitada para trabajar. Sin embargo el Compin le habr\u00eda rechazado la \u00faltima licencia, vi\u00e9ndose en la obligaci\u00f3n de volver a trabajar el pr\u00f3ximo 16 de julio, en circunstancias que todav\u00eda debe usar muletas para desplazarse y tiene bastante dolor.<\/p>\n<p>La operaci\u00f3n de cadera que le hicieron a Mar\u00eda en el mes de enero pasado, signific\u00f3 colocar injertos y una extirpaci\u00f3n, lo que le ha generado todo este tiempo mucho dolor en el sector operado, por lo que se ve en la obligaci\u00f3n de usar muletas, las que deber\u00e1 utilizar por lo menos hasta el mes de diciembre.<\/p>\n<p>Aunque han pasado varios meses de la operaci\u00f3n, todav\u00eda no recibe el alta, a pesar que la especialista que la trat\u00f3 le habr\u00eda dicho que en el mes de mayo debi\u00f3 haber estado bastante recuperada.<\/p>\n<p>Sin embargo y debido a la reiterada presentaci\u00f3n de licencias m\u00e9dicas, en el momento de presentar el \u00faltimo de estos documentos, en el Compin le se\u00f1alaron que la licencia ser\u00eda rechazada y que deber\u00eda volver a trabajar el pr\u00f3ximo 16 de julio.<\/p>\n<p>\u201cTengo que salir el 16 de este mes, con bast\u00f3n y todo, salir a trabajar al casino Enjoy. Yo hago aseo y tengo que subir escalas hasta la punta del cerro porque hay escaleras inmensas, c\u00f3mo voy a salir a trabajar con bast\u00f3n si la pierna me duele mucho\u201d.<\/p>\n<p>La mujer se\u00f1al\u00f3 haber sido examinada por el doctor Cornejo, quien la habr\u00eda encontrado en buenas condiciones, eso a pesar que la doctora tratante la mand\u00f3 a realizar un scanner para determinar la situaci\u00f3n m\u00e9dica en que se encuentra.<\/p>\n<p>\u201cEl 18 de este mes tengo hora en el hospital de Los Andes, para ver si hay operaci\u00f3n o no de nuevo, porque me qued\u00f3 un cachito a m\u00ed, ese cachito me est\u00e1 molestando, y \u00e9l (doctor Cornejo) me dice que estoy bien, c\u00f3mo voy a estar bien\u201d, dijo Mar\u00eda.<\/p>\n<p>La situaci\u00f3n mantiene sumamente preocupada a esta mujer, quien tiene a su cargo dos hijos peque\u00f1os y su madre, dependiendo todos de un sueldo m\u00ednimo a lo que se suman todos los gastos propios de una casa.<\/p>\n<p>Diario El Trabajo trat\u00f3 de comunicarse con el director del Compin en San Felipe, sin embargo su secretaria nos pidi\u00f3 varios datos, incluso el n\u00famero de carn\u00e9 de identidad de la afectada para poder entregar una versi\u00f3n al respecto.<\/p>\n","protected":false},"excerpt":{"rendered":"<p>Fue operada de un tumor en la cadera en enero y al presentar la \u00faltima licencia m\u00e9dica le avisaron que no le aceptar\u00edan m\u00e1s. En el mes de enero de este a\u00f1o,&#8230;<\/p>\n","protected":false},"author":482,"featured_media":20586,"comment_status":"open","ping_status":"closed","sticky":false,"template":"","format":"standard","meta":{"advanced_seo_description":"","jetpack_seo_html_title":"","jetpack_seo_noindex":false,"_jetpack_memberships_contains_paid_content":false,"footnotes":""},"categories":[15],"tags":[],"class_list":["post-20585","post","type-post","status-publish","format-standard","has-post-thumbnail","hentry","category-comunidad"],"jetpack_featured_media_url":"https:\/\/i0.wp.com\/eltrabajo.cl\/portal\/wp-content\/uploads\/2012\/07\/maria-ulloa-11.jpg?fit=600%2C451&ssl=1","jetpack_sharing_enabled":true,"jetpack_likes_enabled":true,"jetpack-related-posts":[],"_links":{"self":[{"href":"https:\/\/eltrabajo.cl\/portal\/wp-json\/wp\/v2\/posts\/20585","targetHints":{"allow":["GET"]}}],"collection":[{"href":"https:\/\/eltrabajo.cl\/portal\/wp-json\/wp\/v2\/posts"}],"about":[{"href":"https:\/\/eltrabajo.cl\/portal\/wp-json\/wp\/v2\/types\/post"}],"author":[{"embeddable":true,"href":"https:\/\/eltrabajo.cl\/portal\/wp-json\/wp\/v2\/users\/482"}],"replies":[{"embeddable":true,"href":"https:\/\/eltrabajo.cl\/portal\/wp-json\/wp\/v2\/comments?post=20585"}],"version-history":[{"count":0,"href":"https:\/\/eltrabajo.cl\/portal\/wp-json\/wp\/v2\/posts\/20585\/revisions"}],"wp:featuredmedia":[{"embeddable":true,"href":"https:\/\/eltrabajo.cl\/portal\/wp-json\/wp\/v2\/media\/20586"}],"wp:attachment":[{"href":"https:\/\/eltrabajo.cl\/portal\/wp-json\/wp\/v2\/media?parent=20585"}],"wp:term":[{"taxonomy":"category","embeddable":true,"href":"https:\/\/eltrabajo.cl\/portal\/wp-json\/wp\/v2\/categories?post=20585"},{"taxonomy":"post_tag","embeddable":true,"href":"https:\/\/eltrabajo.cl\/portal\/wp-json\/wp\/v2\/tags?post=20585"}],"curies":[{"name":"wp","href":"https:\/\/api.w.org\/{rel}","templated":true}]}}