{"id":20596,"date":"2012-07-12T09:47:36","date_gmt":"2012-07-12T13:47:36","guid":{"rendered":"http:\/\/www.eltrabajo.cl\/portal\/?p=20596"},"modified":"2012-07-12T09:47:36","modified_gmt":"2012-07-12T13:47:36","slug":"movimiento-social-de-los-andes-abogo-por-la-renacionalizacion-del-cobre","status":"publish","type":"post","link":"https:\/\/eltrabajo.cl\/portal\/movimiento-social-de-los-andes-abogo-por-la-renacionalizacion-del-cobre\/","title":{"rendered":"Movimiento social de Los Andes abog\u00f3 por la renacionalizaci\u00f3n del Cobre"},"content":{"rendered":"<figure id=\"attachment_20598\" aria-describedby=\"caption-attachment-20598\" style=\"width: 600px\" class=\"wp-caption alignnone\"><a href=\"http:\/\/www.eltrabajo.cl\/portal\/2012\/07\/movimiento-social-de-los-andes-abogo-por-la-renacionalizacion-del-cobre\/dignidad-nacional5\/\" rel=\"attachment wp-att-20598\"><img data-recalc-dims=\"1\" loading=\"lazy\" decoding=\"async\" class=\"size-full wp-image-20598\" title=\"dignidad-nacional5\" src=\"https:\/\/i0.wp.com\/www.eltrabajo.cl\/portal\/wp-content\/uploads\/2012\/07\/dignidad-nacional5.jpg?resize=600%2C418\" alt=\"\" width=\"600\" height=\"418\" srcset=\"https:\/\/i0.wp.com\/eltrabajo.cl\/portal\/wp-content\/uploads\/2012\/07\/dignidad-nacional5.jpg?w=600&amp;ssl=1 600w, https:\/\/i0.wp.com\/eltrabajo.cl\/portal\/wp-content\/uploads\/2012\/07\/dignidad-nacional5.jpg?resize=200%2C139&amp;ssl=1 200w, https:\/\/i0.wp.com\/eltrabajo.cl\/portal\/wp-content\/uploads\/2012\/07\/dignidad-nacional5.jpg?resize=300%2C209&amp;ssl=1 300w, https:\/\/i0.wp.com\/eltrabajo.cl\/portal\/wp-content\/uploads\/2012\/07\/dignidad-nacional5.jpg?resize=150%2C104&amp;ssl=1 150w, https:\/\/i0.wp.com\/eltrabajo.cl\/portal\/wp-content\/uploads\/2012\/07\/dignidad-nacional5.jpg?resize=400%2C278&amp;ssl=1 400w\" sizes=\"auto, (max-width: 600px) 100vw, 600px\" \/><\/a><figcaption id=\"caption-attachment-20598\" class=\"wp-caption-text\">Con una marcha por la plaza de Los Andes, dirigentes sindicales y autoridades locales exigieron la renacionalizaci\u00f3n del cobre.<\/figcaption><\/figure>\n<p><strong>LOS ANDES.<\/strong>&#8211; Cerca de un centenar de personas, en su mayor\u00eda dirigentes sindicales y autoridades locales, participaron del acto efectuado en la plaza de armas para exigir una renacionalizaci\u00f3n del cobre.<\/p>\n<p>El acto se efectu\u00f3 el mismo d\u00edas en que hace 41 a\u00f1os el congreso nacional, a instancias de una propuesta del presidente Salvador Allende, decret\u00f3 la nacionalizaci\u00f3n del cobre que desde ese entonces pas\u00f3 a ser llamado \u2018El Sueldo de Chile\u2019.<\/p>\n<p>El Presidente Provincial del Colegio de Profesores, Alexis Cuevas, record\u00f3 que con la nacionalizaci\u00f3n del cobre, el total de la Gran Miner\u00eda pas\u00f3 a ser controlada por el Estado de Chile, agregando que \u201cbajo la dictadura comienza el proceso de desnacionalizaci\u00f3n, pero es en los gobiernos de la Concertaci\u00f3n que el cobre pasa a manos privadas llegando actualmente a que el 70% del metal es producido por las gran<\/p>\n<figure id=\"attachment_20597\" aria-describedby=\"caption-attachment-20597\" style=\"width: 300px\" class=\"wp-caption alignright\"><a href=\"http:\/\/www.eltrabajo.cl\/portal\/2012\/07\/movimiento-social-de-los-andes-abogo-por-la-renacionalizacion-del-cobre\/dignidad-nacional1\/\" rel=\"attachment wp-att-20597\"><img data-recalc-dims=\"1\" loading=\"lazy\" decoding=\"async\" class=\"size-medium wp-image-20597 \" title=\"dignidad-nacional1\" src=\"https:\/\/i0.wp.com\/www.eltrabajo.cl\/portal\/wp-content\/uploads\/2012\/07\/dignidad-nacional1-300x225.jpg?resize=300%2C225\" alt=\"\" width=\"300\" height=\"225\" srcset=\"https:\/\/i0.wp.com\/eltrabajo.cl\/portal\/wp-content\/uploads\/2012\/07\/dignidad-nacional1.jpg?resize=300%2C225&amp;ssl=1 300w, https:\/\/i0.wp.com\/eltrabajo.cl\/portal\/wp-content\/uploads\/2012\/07\/dignidad-nacional1.jpg?resize=200%2C150&amp;ssl=1 200w, https:\/\/i0.wp.com\/eltrabajo.cl\/portal\/wp-content\/uploads\/2012\/07\/dignidad-nacional1.jpg?resize=150%2C112&amp;ssl=1 150w, https:\/\/i0.wp.com\/eltrabajo.cl\/portal\/wp-content\/uploads\/2012\/07\/dignidad-nacional1.jpg?resize=400%2C300&amp;ssl=1 400w, https:\/\/i0.wp.com\/eltrabajo.cl\/portal\/wp-content\/uploads\/2012\/07\/dignidad-nacional1.jpg?w=600&amp;ssl=1 600w\" sizes=\"auto, (max-width: 300px) 100vw, 300px\" \/><\/a><figcaption id=\"caption-attachment-20597\" class=\"wp-caption-text\">En la ocasi\u00f3n adem\u00e1s se recolectaron firmas para exigir m\u00e1s recursos del cobre para Los Andes.<\/figcaption><\/figure>\n<p>des mineras privadas, principalmente extranjeras\u201d.<\/p>\n<p>Record\u00f3 que este proceso permiti\u00f3 a los chilenos tener una mejor calidad de vida, \u201cy es por eso que hoy d\u00eda las organizaciones, sindicales, gremiales y pol\u00edticas, adem\u00e1s del municipio, estamos exigiendo que los recursos del cobre sean para los chilenos\u201d.<\/p>\n<p>&nbsp;<\/p>\n<p>Precis\u00f3 que la idea es socializar este tema para que la comunidad andina comprenda que con m\u00e1s recursos del cobre se puede tener una mejor ciudad, mucho m\u00e1s desarrollada en todo \u00e1mbito de cosas.<\/p>\n<p>A su vez, el alcalde Mauricio Navarro sostuvo que aprovechando el acto se convoc\u00f3 tambi\u00e9n a la ciudadan\u00eda para que participe activamente en la campa\u00f1a de recolecci\u00f3n de firmas para exigir al gobierno m\u00e1s recursos del cobre para Los Andes.<\/p>\n<p>\u201cQueremos al menos reunir quince mil firmas para entreg\u00e1rselas al Presidente de la rep\u00fablica, al Presidente del Senado y de la C\u00e1mara de Diputados para mostrarles que es la ciudadan\u00eda y no solamente las autoridades, quienes exigen que el cobre que sale de nuestra ciudad quede tambi\u00e9n ac\u00e1 para mitigar los perjuicios que implica su explotaci\u00f3n que es tan necesaria para el pa\u00eds\u201d, expres\u00f3 Navarro.<\/p>\n<p>El edil sostuvo que han instalado un stand en la plaza de armas y en el edificio consistorial para que puedan acercarse a firmar, \u201cy estamos muy optimista para poder superar las veinte mil firmas para hacer escuchar la voz de la ciudadan\u00eda\u201d.<\/p>\n<p>Se\u00f1al\u00f3 que la campa\u00f1a de firmas esperan prolongarla hasta fines del mes de agosto.<\/p>\n<p>&nbsp;<\/p>\n","protected":false},"excerpt":{"rendered":"<p>LOS ANDES.&#8211; Cerca de un centenar de personas, en su mayor\u00eda dirigentes sindicales y autoridades locales, participaron del acto efectuado en la plaza de armas para exigir una renacionalizaci\u00f3n del cobre. El&#8230;<\/p>\n","protected":false},"author":482,"featured_media":20598,"comment_status":"open","ping_status":"closed","sticky":false,"template":"","format":"standard","meta":{"advanced_seo_description":"","jetpack_seo_html_title":"","jetpack_seo_noindex":false,"_jetpack_memberships_contains_paid_content":false,"footnotes":""},"categories":[1],"tags":[],"class_list":["post-20596","post","type-post","status-publish","format-standard","has-post-thumbnail","hentry","category-cronica"],"jetpack_featured_media_url":"https:\/\/i0.wp.com\/eltrabajo.cl\/portal\/wp-content\/uploads\/2012\/07\/dignidad-nacional5.jpg?fit=600%2C418&ssl=1","jetpack_sharing_enabled":true,"jetpack_likes_enabled":true,"jetpack-related-posts":[],"_links":{"self":[{"href":"https:\/\/eltrabajo.cl\/portal\/wp-json\/wp\/v2\/posts\/20596","targetHints":{"allow":["GET"]}}],"collection":[{"href":"https:\/\/eltrabajo.cl\/portal\/wp-json\/wp\/v2\/posts"}],"about":[{"href":"https:\/\/eltrabajo.cl\/portal\/wp-json\/wp\/v2\/types\/post"}],"author":[{"embeddable":true,"href":"https:\/\/eltrabajo.cl\/portal\/wp-json\/wp\/v2\/users\/482"}],"replies":[{"embeddable":true,"href":"https:\/\/eltrabajo.cl\/portal\/wp-json\/wp\/v2\/comments?post=20596"}],"version-history":[{"count":0,"href":"https:\/\/eltrabajo.cl\/portal\/wp-json\/wp\/v2\/posts\/20596\/revisions"}],"wp:featuredmedia":[{"embeddable":true,"href":"https:\/\/eltrabajo.cl\/portal\/wp-json\/wp\/v2\/media\/20598"}],"wp:attachment":[{"href":"https:\/\/eltrabajo.cl\/portal\/wp-json\/wp\/v2\/media?parent=20596"}],"wp:term":[{"taxonomy":"category","embeddable":true,"href":"https:\/\/eltrabajo.cl\/portal\/wp-json\/wp\/v2\/categories?post=20596"},{"taxonomy":"post_tag","embeddable":true,"href":"https:\/\/eltrabajo.cl\/portal\/wp-json\/wp\/v2\/tags?post=20596"}],"curies":[{"name":"wp","href":"https:\/\/api.w.org\/{rel}","templated":true}]}}