{"id":20601,"date":"2012-07-12T09:55:57","date_gmt":"2012-07-12T13:55:57","guid":{"rendered":"http:\/\/www.eltrabajo.cl\/portal\/?p=20601"},"modified":"2012-07-12T09:56:18","modified_gmt":"2012-07-12T13:56:18","slug":"stevenson-pide-al-concejo-cumplir-reconocimiento-a-luis-santibanez","status":"publish","type":"post","link":"https:\/\/eltrabajo.cl\/portal\/stevenson-pide-al-concejo-cumplir-reconocimiento-a-luis-santibanez\/","title":{"rendered":"Stevenson pide al Concejo cumplir reconocimiento a Luis Santib\u00e1\u00f1ez"},"content":{"rendered":"<figure id=\"attachment_20602\" aria-describedby=\"caption-attachment-20602\" style=\"width: 300px\" class=\"wp-caption alignleft\"><a href=\"http:\/\/www.eltrabajo.cl\/portal\/2012\/07\/stevenson-pide-al-concejo-cumplir-reconocimiento-a-luis-santibanez\/reproduccion-de-fotos-luis-santibanez05-09-08\/\" rel=\"attachment wp-att-20602\"><img data-recalc-dims=\"1\" loading=\"lazy\" decoding=\"async\" class=\"size-medium wp-image-20602\" title=\"Reproducci\u00f3n de fotos Luis Santiba\u00f1ez05.09.08\" src=\"https:\/\/i0.wp.com\/www.eltrabajo.cl\/portal\/wp-content\/uploads\/2012\/07\/luis-santibanez-1-300x286.jpg?resize=300%2C286\" alt=\"\" width=\"300\" height=\"286\" srcset=\"https:\/\/i0.wp.com\/eltrabajo.cl\/portal\/wp-content\/uploads\/2012\/07\/luis-santibanez-1.jpg?resize=300%2C286&amp;ssl=1 300w, https:\/\/i0.wp.com\/eltrabajo.cl\/portal\/wp-content\/uploads\/2012\/07\/luis-santibanez-1.jpg?resize=157%2C150&amp;ssl=1 157w, https:\/\/i0.wp.com\/eltrabajo.cl\/portal\/wp-content\/uploads\/2012\/07\/luis-santibanez-1.jpg?resize=150%2C143&amp;ssl=1 150w, https:\/\/i0.wp.com\/eltrabajo.cl\/portal\/wp-content\/uploads\/2012\/07\/luis-santibanez-1.jpg?resize=400%2C381&amp;ssl=1 400w, https:\/\/i0.wp.com\/eltrabajo.cl\/portal\/wp-content\/uploads\/2012\/07\/luis-santibanez-1.jpg?w=600&amp;ssl=1 600w\" sizes=\"auto, (max-width: 300px) 100vw, 300px\" \/><\/a><figcaption id=\"caption-attachment-20602\" class=\"wp-caption-text\">El que fuera t\u00e9cnico del Glorioso Uni\u00f3n San Felipe del 70\/71, Luis \u2018Locut\u00edn\u2019 Santib\u00e1\u00f1ez, falleci\u00f3 precisamente el a\u00f1o 2008, ocasi\u00f3n en la que se decidi\u00f3 rendirle homenaje.<\/figcaption><\/figure>\n<p>En el a\u00f1o 2008, d\u00edas despu\u00e9s del fallecimiento del destacado Director T\u00e9cnico del Un\u00ed Un\u00ed, Luis Santib\u00e1\u00f1ez, el entonces Concejal Rolando Stevenson propuso al Concejo Municipal que la tribuna de Prensa del estadio Municipal de San Felipe, fuera denominada con el nombre de este entrenador y cronista deportivo.<\/p>\n<p>En la propuesta se indic\u00f3 que el descubrimiento de la placa recordatoria deb\u00eda realizarse como parte de un partido oficial, con especial invitaci\u00f3n a sus familiares y al equipo Campe\u00f3n de 1970 y 1971.<\/p>\n<p>Esta propuesta fue aprobada por la unanimidad de, Concejo por medio del acuerdo N\u00ba 1371 de fecha 24 de septiembre de 2008, sin embargo, a poco menos de 4 a\u00f1os despu\u00e9s, este acuerdo a\u00fan no ha sido cumplido.<\/p>\n<p>Hace pocos d\u00edas la autoridad comunal ha informado la terminaci\u00f3n de trabajos de mejoramiento del principal campo deportivo comunal, entre los que se encuentra la tribuna de prensa y la habilitaci\u00f3n de casetas para radios y TV, raz\u00f3n por la cual el presidente del Centro Pro Transparencia, Rolando Stevenson, est\u00e1 solicitando el cumplimiento del acuerdo antes se\u00f1alado que se ha dilatado en el tiempo sin ninguna raz\u00f3n.<\/p>\n<figure id=\"attachment_20603\" aria-describedby=\"caption-attachment-20603\" style=\"width: 300px\" class=\"wp-caption alignright\"><a href=\"http:\/\/www.eltrabajo.cl\/portal\/2012\/07\/stevenson-pide-al-concejo-cumplir-reconocimiento-a-luis-santibanez\/rolando-stevenson-2-2\/\" rel=\"attachment wp-att-20603\"><img data-recalc-dims=\"1\" loading=\"lazy\" decoding=\"async\" class=\"size-medium wp-image-20603\" title=\"rolando stevenson (2)\" src=\"https:\/\/i0.wp.com\/www.eltrabajo.cl\/portal\/wp-content\/uploads\/2012\/07\/rolando-stevenson-2-300x223.jpg?resize=300%2C223\" alt=\"\" width=\"300\" height=\"223\" srcset=\"https:\/\/i0.wp.com\/eltrabajo.cl\/portal\/wp-content\/uploads\/2012\/07\/rolando-stevenson-2.jpg?resize=300%2C223&amp;ssl=1 300w, https:\/\/i0.wp.com\/eltrabajo.cl\/portal\/wp-content\/uploads\/2012\/07\/rolando-stevenson-2.jpg?resize=200%2C150&amp;ssl=1 200w, https:\/\/i0.wp.com\/eltrabajo.cl\/portal\/wp-content\/uploads\/2012\/07\/rolando-stevenson-2.jpg?resize=150%2C111&amp;ssl=1 150w, https:\/\/i0.wp.com\/eltrabajo.cl\/portal\/wp-content\/uploads\/2012\/07\/rolando-stevenson-2.jpg?resize=400%2C298&amp;ssl=1 400w, https:\/\/i0.wp.com\/eltrabajo.cl\/portal\/wp-content\/uploads\/2012\/07\/rolando-stevenson-2.jpg?w=600&amp;ssl=1 600w\" sizes=\"auto, (max-width: 300px) 100vw, 300px\" \/><\/a><figcaption id=\"caption-attachment-20603\" class=\"wp-caption-text\">El ex concejal Rolando Stevenson realiz\u00f3 la presentaci\u00f3n en septiembre de 2008, pese a lo cual a\u00fan no se ha materializado el homenaje.<\/figcaption><\/figure>\n<p>Dijo Stevenson que en su opini\u00f3n, \u201cSantib\u00e1\u00f1ez merece este recuerdo pues su gesti\u00f3n t\u00e9cnica y la pasi\u00f3n de sus jugadores permiti\u00f3 que el Un\u00ed Un\u00ed ganara dos campeonatos seguidos, no s\u00e9 por qu\u00e9 a\u00fan este homenaje est\u00e1 pendiente sin cumplir las condiciones con que lo present\u00e9 al Concejo\u201d.<\/p>\n<p>Agrego el ex concejal que espera que este acuerdo sea puesto en vigencia a la brevedad para satisfacci\u00f3n del todos los sanfelipe\u00f1os que no olvidar\u00e1n jam\u00e1s la figura y personalidad de \u2018Locut\u00edn Santib\u00e1\u00f1ez\u2019.<\/p>\n<p>&nbsp;<\/p>\n","protected":false},"excerpt":{"rendered":"<p>En el a\u00f1o 2008, d\u00edas despu\u00e9s del fallecimiento del destacado Director T\u00e9cnico del Un\u00ed Un\u00ed, Luis Santib\u00e1\u00f1ez, el entonces Concejal Rolando Stevenson propuso al Concejo Municipal que la tribuna de Prensa del&#8230;<\/p>\n","protected":false},"author":482,"featured_media":20602,"comment_status":"open","ping_status":"closed","sticky":false,"template":"","format":"standard","meta":{"advanced_seo_description":"","jetpack_seo_html_title":"","jetpack_seo_noindex":false,"_jetpack_memberships_contains_paid_content":false,"footnotes":""},"categories":[15],"tags":[],"class_list":["post-20601","post","type-post","status-publish","format-standard","has-post-thumbnail","hentry","category-comunidad"],"jetpack_featured_media_url":"https:\/\/i0.wp.com\/eltrabajo.cl\/portal\/wp-content\/uploads\/2012\/07\/luis-santibanez-1.jpg?fit=600%2C572&ssl=1","jetpack_sharing_enabled":true,"jetpack_likes_enabled":true,"jetpack-related-posts":[],"_links":{"self":[{"href":"https:\/\/eltrabajo.cl\/portal\/wp-json\/wp\/v2\/posts\/20601","targetHints":{"allow":["GET"]}}],"collection":[{"href":"https:\/\/eltrabajo.cl\/portal\/wp-json\/wp\/v2\/posts"}],"about":[{"href":"https:\/\/eltrabajo.cl\/portal\/wp-json\/wp\/v2\/types\/post"}],"author":[{"embeddable":true,"href":"https:\/\/eltrabajo.cl\/portal\/wp-json\/wp\/v2\/users\/482"}],"replies":[{"embeddable":true,"href":"https:\/\/eltrabajo.cl\/portal\/wp-json\/wp\/v2\/comments?post=20601"}],"version-history":[{"count":0,"href":"https:\/\/eltrabajo.cl\/portal\/wp-json\/wp\/v2\/posts\/20601\/revisions"}],"wp:featuredmedia":[{"embeddable":true,"href":"https:\/\/eltrabajo.cl\/portal\/wp-json\/wp\/v2\/media\/20602"}],"wp:attachment":[{"href":"https:\/\/eltrabajo.cl\/portal\/wp-json\/wp\/v2\/media?parent=20601"}],"wp:term":[{"taxonomy":"category","embeddable":true,"href":"https:\/\/eltrabajo.cl\/portal\/wp-json\/wp\/v2\/categories?post=20601"},{"taxonomy":"post_tag","embeddable":true,"href":"https:\/\/eltrabajo.cl\/portal\/wp-json\/wp\/v2\/tags?post=20601"}],"curies":[{"name":"wp","href":"https:\/\/api.w.org\/{rel}","templated":true}]}}