{"id":20613,"date":"2012-07-12T09:59:17","date_gmt":"2012-07-12T13:59:17","guid":{"rendered":"http:\/\/www.eltrabajo.cl\/portal\/?p=20613"},"modified":"2012-07-12T09:59:17","modified_gmt":"2012-07-12T13:59:17","slug":"salida-de-chazarreta-no-afecta-el-animo-del-plantel-aseguro-arquero-del-uni","status":"publish","type":"post","link":"https:\/\/eltrabajo.cl\/portal\/salida-de-chazarreta-no-afecta-el-animo-del-plantel-aseguro-arquero-del-uni\/","title":{"rendered":"Salida de Chazarreta no afecta el \u00e1nimo del plantel asegur\u00f3 arquero del Un\u00ed"},"content":{"rendered":"<figure id=\"attachment_20614\" aria-describedby=\"caption-attachment-20614\" style=\"width: 300px\" class=\"wp-caption alignleft\"><a href=\"http:\/\/www.eltrabajo.cl\/portal\/2012\/07\/salida-de-chazarreta-no-afecta-el-animo-del-plantel-aseguro-arquero-del-uni\/diego-sanchez-4\/\" rel=\"attachment wp-att-20614\"><img data-recalc-dims=\"1\" loading=\"lazy\" decoding=\"async\" class=\"size-medium wp-image-20614\" title=\"diego  sanchez\" src=\"https:\/\/i0.wp.com\/www.eltrabajo.cl\/portal\/wp-content\/uploads\/2012\/07\/diego-sanchez-300x225.jpg?resize=300%2C225\" alt=\"\" width=\"300\" height=\"225\" srcset=\"https:\/\/i0.wp.com\/eltrabajo.cl\/portal\/wp-content\/uploads\/2012\/07\/diego-sanchez.jpg?resize=300%2C225&amp;ssl=1 300w, https:\/\/i0.wp.com\/eltrabajo.cl\/portal\/wp-content\/uploads\/2012\/07\/diego-sanchez.jpg?resize=200%2C150&amp;ssl=1 200w, https:\/\/i0.wp.com\/eltrabajo.cl\/portal\/wp-content\/uploads\/2012\/07\/diego-sanchez.jpg?resize=150%2C112&amp;ssl=1 150w, https:\/\/i0.wp.com\/eltrabajo.cl\/portal\/wp-content\/uploads\/2012\/07\/diego-sanchez.jpg?resize=400%2C300&amp;ssl=1 400w, https:\/\/i0.wp.com\/eltrabajo.cl\/portal\/wp-content\/uploads\/2012\/07\/diego-sanchez.jpg?w=600&amp;ssl=1 600w\" sizes=\"auto, (max-width: 300px) 100vw, 300px\" \/><\/a><figcaption id=\"caption-attachment-20614\" class=\"wp-caption-text\">El portero sanfelipe\u00f1o indic\u00f3 que las relaciones entre el DT y los jugadores era buena.<\/figcaption><\/figure>\n<p>Con la salida de Daniel Chazarreta del banco t\u00e9cnico de Uni\u00f3n San Felipe, era importante conocer la visi\u00f3n de alg\u00fan referente del primer equipo para despejar dudas si la renuncia del t\u00e9cnico podr\u00eda deberse tambi\u00e9n a roces de \u00e9ste con algunos jugadores, algo que queda totalmente descartado luego de hablar con el portero Diego S\u00e1nchez, quien es muy claro en se\u00f1alar que la ida de Chazarreta, solo se debe a desavenencias entre el estratego y la directiva del Un\u00ed Un\u00ed.<\/p>\n<p><strong>&#8211; \u00bfC\u00f3mo toma el plantel un nuevo cambio de t\u00e9cnico?<\/strong><\/p>\n<p>&#8211; \u201cEs un golpe inesperado, pero como grupo esto no nos tiene que afectar porque debemos seguir trabajando de la misma manera. La ida del profe no pasa por los resultados o alguna queja de los jugadores, este fue un tema entre el profesor y la parte dirigencial. Ya no se puede hacer nada, solo seguir mirando hacia adelante porque se viene un partido muy dif\u00edcil\u201d.<\/p>\n<p><strong>&#8211; \u00bfNo hubo roces entre en cuerpo t\u00e9cnico y los jugadores?<\/strong><\/p>\n<p>&#8211; \u201cEste es un grupo que est\u00e1 muy unido y que siempre respald\u00f3 a Daniel (Chazarreta), te repito la situaci\u00f3n actual no pasa por nosotros\u201d.<\/p>\n<p><strong>&#8211; Luego de la presentaci\u00f3n del s\u00e1bado, m\u00e1s lo que est\u00e1 sucediendo actualmente, \u00bfhay convicci\u00f3n de que esto puede sacarse adelante?<\/strong><\/p>\n<p>&#8211; \u201cS\u00ed, de eso no hay dudas, lo que pas\u00f3 el s\u00e1bado con Cobresal, hay que verlo de la perspectiva en que se dio el partido, m\u00e1s all\u00e1 de que hayamos tenido tres jugadores m\u00e1s, creo incluso que eso nos perjudic\u00f3 un poco porque ellos se metieron con todo atr\u00e1s\u201d.<\/p>\n<p><strong>&#8211; \u00bfLa hinchada puede estar tranquila, el grupo har\u00e1 todo lo posible por salir adelante?<\/strong><\/p>\n<p>&#8211; \u201cNuestros seguidores deben estar tranquilos y seguir apoy\u00e1ndonos, es obvio que el s\u00e1bado se hayan ido molestos, al igual que nosotros , pero no es f\u00e1cil jugar contra 8 jugadores metidos en su arco\u201d.<\/p>\n<p>&nbsp;<\/p>\n","protected":false},"excerpt":{"rendered":"<p>Con la salida de Daniel Chazarreta del banco t\u00e9cnico de Uni\u00f3n San Felipe, era importante conocer la visi\u00f3n de alg\u00fan referente del primer equipo para despejar dudas si la renuncia del t\u00e9cnico&#8230;<\/p>\n","protected":false},"author":482,"featured_media":20614,"comment_status":"open","ping_status":"closed","sticky":false,"template":"","format":"standard","meta":{"advanced_seo_description":"","jetpack_seo_html_title":"","jetpack_seo_noindex":false,"_jetpack_memberships_contains_paid_content":false,"footnotes":""},"categories":[19],"tags":[],"class_list":["post-20613","post","type-post","status-publish","format-standard","has-post-thumbnail","hentry","category-deportes"],"jetpack_featured_media_url":"https:\/\/i0.wp.com\/eltrabajo.cl\/portal\/wp-content\/uploads\/2012\/07\/diego-sanchez.jpg?fit=600%2C450&ssl=1","jetpack_sharing_enabled":true,"jetpack_likes_enabled":true,"jetpack-related-posts":[],"_links":{"self":[{"href":"https:\/\/eltrabajo.cl\/portal\/wp-json\/wp\/v2\/posts\/20613","targetHints":{"allow":["GET"]}}],"collection":[{"href":"https:\/\/eltrabajo.cl\/portal\/wp-json\/wp\/v2\/posts"}],"about":[{"href":"https:\/\/eltrabajo.cl\/portal\/wp-json\/wp\/v2\/types\/post"}],"author":[{"embeddable":true,"href":"https:\/\/eltrabajo.cl\/portal\/wp-json\/wp\/v2\/users\/482"}],"replies":[{"embeddable":true,"href":"https:\/\/eltrabajo.cl\/portal\/wp-json\/wp\/v2\/comments?post=20613"}],"version-history":[{"count":0,"href":"https:\/\/eltrabajo.cl\/portal\/wp-json\/wp\/v2\/posts\/20613\/revisions"}],"wp:featuredmedia":[{"embeddable":true,"href":"https:\/\/eltrabajo.cl\/portal\/wp-json\/wp\/v2\/media\/20614"}],"wp:attachment":[{"href":"https:\/\/eltrabajo.cl\/portal\/wp-json\/wp\/v2\/media?parent=20613"}],"wp:term":[{"taxonomy":"category","embeddable":true,"href":"https:\/\/eltrabajo.cl\/portal\/wp-json\/wp\/v2\/categories?post=20613"},{"taxonomy":"post_tag","embeddable":true,"href":"https:\/\/eltrabajo.cl\/portal\/wp-json\/wp\/v2\/tags?post=20613"}],"curies":[{"name":"wp","href":"https:\/\/api.w.org\/{rel}","templated":true}]}}