{"id":20617,"date":"2012-07-12T10:04:15","date_gmt":"2012-07-12T14:04:15","guid":{"rendered":"http:\/\/www.eltrabajo.cl\/portal\/?p=20617"},"modified":"2012-07-12T10:04:15","modified_gmt":"2012-07-12T14:04:15","slug":"mas-de-10-mil-visitas-a-feria-costumbrista-del-olivo-valle-de-jahuel","status":"publish","type":"post","link":"https:\/\/eltrabajo.cl\/portal\/mas-de-10-mil-visitas-a-feria-costumbrista-del-olivo-valle-de-jahuel\/","title":{"rendered":"M\u00e1s de 10 mil visitas a Feria Costumbrista del Olivo-Valle de Jahuel"},"content":{"rendered":"<figure id=\"attachment_20618\" aria-describedby=\"caption-attachment-20618\" style=\"width: 600px\" class=\"wp-caption alignnone\"><a href=\"http:\/\/www.eltrabajo.cl\/portal\/2012\/07\/mas-de-10-mil-visitas-a-feria-costumbrista-del-olivo-valle-de-jahuel\/publico-2\/\" rel=\"attachment wp-att-20618\"><img data-recalc-dims=\"1\" loading=\"lazy\" decoding=\"async\" class=\"size-full wp-image-20618\" title=\"publico\" src=\"https:\/\/i0.wp.com\/www.eltrabajo.cl\/portal\/wp-content\/uploads\/2012\/07\/publico1.jpg?resize=600%2C450\" alt=\"\" width=\"600\" height=\"450\" srcset=\"https:\/\/i0.wp.com\/eltrabajo.cl\/portal\/wp-content\/uploads\/2012\/07\/publico1.jpg?w=600&amp;ssl=1 600w, https:\/\/i0.wp.com\/eltrabajo.cl\/portal\/wp-content\/uploads\/2012\/07\/publico1.jpg?resize=200%2C150&amp;ssl=1 200w, https:\/\/i0.wp.com\/eltrabajo.cl\/portal\/wp-content\/uploads\/2012\/07\/publico1.jpg?resize=300%2C225&amp;ssl=1 300w, https:\/\/i0.wp.com\/eltrabajo.cl\/portal\/wp-content\/uploads\/2012\/07\/publico1.jpg?resize=150%2C112&amp;ssl=1 150w, https:\/\/i0.wp.com\/eltrabajo.cl\/portal\/wp-content\/uploads\/2012\/07\/publico1.jpg?resize=400%2C300&amp;ssl=1 400w\" sizes=\"auto, (max-width: 600px) 100vw, 600px\" \/><\/a><figcaption id=\"caption-attachment-20618\" class=\"wp-caption-text\">M\u00e1s de 10 mil personas visitaron la feria que se desarroll\u00f3 frente al templo de Santa Filomena.<\/figcaption><\/figure>\n<p><strong>SANTA MAR\u00cdA.-<\/strong> Con un gran marco de p\u00fablico que super\u00f3 los diez mil visitantes, se llev\u00f3 a cabo el pasado fin de semana la I Feria Costumbrista del Olivo-Valle de Jahuel Santa Mar\u00eda 2012, organizada por la Municipalidad y Sernatur regi\u00f3n de Valpara\u00edso y ejecutada con fondos del Gobierno Regional.<\/p>\n<p>A la explanada de la Iglesia de Santa Filomena, concurrieron turistas de las distintas comunas del Valle de Aconcagua, de Vi\u00f1a del Mar, Valpara\u00edso, Quillota, y gran cantidad de visitantes de la Regi\u00f3n Metropolitana, quienes se deleitaron con la belleza de los paisajes del Valle de Jahuel y con el trabajo de sus emprendedores y artesanos, que fue presentado en m\u00e1s de cuarenta stands con productos de especialidades campesinas gourmet, deliciosas aceitunas y productos derivados, como pastas y aceite de oliva, adem\u00e1s de miel, polen,\u00a0prop\u00f3leos,\u00a0mermeladas, licores artesanales, frutos secos, champ\u00fas, b\u00e1lsamos, cremas, servicios tur\u00edsticos, joyas y artesan\u00eda t\u00edpica de la zona.<\/p>\n<p>Para la entretenci\u00f3n familiar, se realizaron cabalgatas guiadas gratuitas en un peque\u00f1o sendero del sector y se dispuso una granja educativa para los m\u00e1s peque\u00f1os. Durante ambos d\u00edas se vivi\u00f3 una jornada en que ni\u00f1os, ni\u00f1as, j\u00f3venes, adultos, personas de la tercer edad llegaron hasta Santa Filomena, a disfrutar de una fiesta que mostr\u00f3 los atributos tur\u00edsticos, art\u00edsticos y gastron\u00f3micos de la comuna.<\/p>\n<figure id=\"attachment_20619\" aria-describedby=\"caption-attachment-20619\" style=\"width: 300px\" class=\"wp-caption alignright\"><a href=\"http:\/\/www.eltrabajo.cl\/portal\/2012\/07\/mas-de-10-mil-visitas-a-feria-costumbrista-del-olivo-valle-de-jahuel\/cabalgataelcopin\/\" rel=\"attachment wp-att-20619\"><img data-recalc-dims=\"1\" loading=\"lazy\" decoding=\"async\" class=\"size-medium wp-image-20619\" title=\"cabalgataelcopin\" src=\"https:\/\/i0.wp.com\/www.eltrabajo.cl\/portal\/wp-content\/uploads\/2012\/07\/cabalgataelcopin-300x225.jpg?resize=300%2C225\" alt=\"\" width=\"300\" height=\"225\" srcset=\"https:\/\/i0.wp.com\/eltrabajo.cl\/portal\/wp-content\/uploads\/2012\/07\/cabalgataelcopin.jpg?resize=300%2C225&amp;ssl=1 300w, https:\/\/i0.wp.com\/eltrabajo.cl\/portal\/wp-content\/uploads\/2012\/07\/cabalgataelcopin.jpg?resize=200%2C150&amp;ssl=1 200w, https:\/\/i0.wp.com\/eltrabajo.cl\/portal\/wp-content\/uploads\/2012\/07\/cabalgataelcopin.jpg?resize=150%2C112&amp;ssl=1 150w, https:\/\/i0.wp.com\/eltrabajo.cl\/portal\/wp-content\/uploads\/2012\/07\/cabalgataelcopin.jpg?resize=400%2C300&amp;ssl=1 400w, https:\/\/i0.wp.com\/eltrabajo.cl\/portal\/wp-content\/uploads\/2012\/07\/cabalgataelcopin.jpg?w=600&amp;ssl=1 600w\" sizes=\"auto, (max-width: 300px) 100vw, 300px\" \/><\/a><figcaption id=\"caption-attachment-20619\" class=\"wp-caption-text\">La empresa familiar Cabalgatas El Cop\u00edn, que tambi\u00e9n produce aceitunas y licores artesanales, destac\u00f3 los beneficios que les genera participar de la feria.<\/figcaption><\/figure>\n<p>Junto con los paisajes pre-cordilleranos rodeados de centenarios olivos, los participantes vibraron con una nutrida programaci\u00f3n art\u00edstica que destac\u00f3 nuestra m\u00fasica y danza folcl\u00f3rica, interpretadas por artistas locales, entre los que contaron el conjunto Teo Cal\u00e1n, Luz de las Llanuras, Ballet Folcl\u00f3rico Municipal, Ensamble Latinoamericano, Quinta Estaci\u00f3n y Caballito Blanco, quienes compartieron escenario con el destacado cantautor Eduardo Gatti y la reconocida banda nacional Los Tres.<\/p>\n<p>Durante ambos d\u00edas de esta fiesta, que pretende ser instaurada como una tradici\u00f3n de Santa Mar\u00eda, el jefe comunal, Claudio Zurita, recorri\u00f3 los distintos stands, convers\u00f3 con expositores y turistas, mostrando gran j\u00fabilo al ver materializarse con \u00e9xito el trabajo de varios meses. \u201cLa mayor\u00eda de nuestros expositores han vendido todos sus productos y \u00e9se era uno de los objetivos. Tambi\u00e9n logramos motivar gente de San Felipe, Los Andes, de distintos puntos de la regi\u00f3n y muchos visitantes de Santiago. Todo esto nos tiene muy orgullosos. Esperamos que esta sea la primera de muchas ferias costumbristas. Ha sido impresionante el marco de p\u00fablico y la parrilla de artistas ha sido de primer nivel\u201d.<\/p>\n<figure id=\"attachment_20620\" aria-describedby=\"caption-attachment-20620\" style=\"width: 300px\" class=\"wp-caption alignleft\"><a href=\"http:\/\/www.eltrabajo.cl\/portal\/2012\/07\/mas-de-10-mil-visitas-a-feria-costumbrista-del-olivo-valle-de-jahuel\/conciertolostres-publico\/\" rel=\"attachment wp-att-20620\"><img data-recalc-dims=\"1\" loading=\"lazy\" decoding=\"async\" class=\"size-medium wp-image-20620\" title=\"conciertolostres-publico\" src=\"https:\/\/i0.wp.com\/www.eltrabajo.cl\/portal\/wp-content\/uploads\/2012\/07\/conciertolostres-publico-300x225.jpg?resize=300%2C225\" alt=\"\" width=\"300\" height=\"225\" srcset=\"https:\/\/i0.wp.com\/eltrabajo.cl\/portal\/wp-content\/uploads\/2012\/07\/conciertolostres-publico.jpg?resize=300%2C225&amp;ssl=1 300w, https:\/\/i0.wp.com\/eltrabajo.cl\/portal\/wp-content\/uploads\/2012\/07\/conciertolostres-publico.jpg?resize=200%2C150&amp;ssl=1 200w, https:\/\/i0.wp.com\/eltrabajo.cl\/portal\/wp-content\/uploads\/2012\/07\/conciertolostres-publico.jpg?resize=150%2C112&amp;ssl=1 150w, https:\/\/i0.wp.com\/eltrabajo.cl\/portal\/wp-content\/uploads\/2012\/07\/conciertolostres-publico.jpg?resize=400%2C300&amp;ssl=1 400w, https:\/\/i0.wp.com\/eltrabajo.cl\/portal\/wp-content\/uploads\/2012\/07\/conciertolostres-publico.jpg?w=600&amp;ssl=1 600w\" sizes=\"auto, (max-width: 300px) 100vw, 300px\" \/><\/a><figcaption id=\"caption-attachment-20620\" class=\"wp-caption-text\">Los conciertos de Eduardo Gatti y Los Tres fueron el punto fuerte que deleit\u00f3 al numeroso p\u00fablico asistente.<\/figcaption><\/figure>\n<p>Otra de las caracter\u00edsticas que tuvo el desarrollo de esta feria costumbrista, fue la seguridad y tranquilidad con que se cont\u00f3, gracias al trabajo de Carabineros, Bomberos y param\u00e9dicos del Cesfam Santa Mar\u00eda.<\/p>\n<p><strong>\u00a0LOS ARTISTAS<\/strong><\/p>\n<p>Uno de los puntos fuertes de esta feria fue la participaci\u00f3n de los grandes artistas nacionales, Eduardo Gatti y Los Tres. Aqu\u00ed les dejamos sus impresiones:<\/p>\n<p>Rodolfo Henr\u00edquez \u2018El Primo\u2019, acordeonista de Los Tres, nos coment\u00f3 posterior al show, donde el p\u00fablico los ovacion\u00f3: \u201cNos sentimos muy pero muy bien en el escenario, hac\u00eda un poco de fr\u00edo, luego se fue calentando el cuerpo, subiendo la adrenalina. As\u00ed es que perfecto y el lugar es precioso\u2026 A m\u00ed me encantan estos lugares bien campestres\u201d.<\/p>\n<p>Manuel Basualto, baterista de Los Tres, quien se mostr\u00f3 muy ameno y emp\u00e1tico con el p\u00fablico, indic\u00f3 que le pareci\u00f3 \u201cmuy bonito el evento, donde hemos visto familias y gente de todas las edades, y que aguantaron el fr\u00edo para ver el show. Yo no conoc\u00eda este sector y lo encontr\u00e9 precioso. Ojala que esta feria se transforme en una tradici\u00f3n y que vengan a conocer todas las bondades y lo hermoso de la gente que vive ac\u00e1.<\/p>\n<p>El m\u00fasico, adem\u00e1s, mostrando preocupaci\u00f3n por el ecosistema del sector de El Zaino y Jahuel, declar\u00f3: \u201cYo creo que ya es tiempo de que todas la mineras y los grandes empresarios dejen de contaminar las bellezas que tienen y disfruten y protejan el territorio que tienen. Me adhiero a su lucha, ojala la ganen y no estropeen un lugar tan hermoso. Lugares como \u00e9ste son muy especiales y muy m\u00e1gicos por la energ\u00eda que transmiten. Me voy muy contento, me llevo aceitunas y aceite de oliva y muchas ganas de volver con mi familia.<\/p>\n<p>Muy relajado y sencillo vimos a Eduardo Gatti paseando por los distintos stands, acompa\u00f1ado de su mujer. Nos dijo que se sinti\u00f3: \u201cFeliz y contento de estar en este lugar tan bonito, el emplazamiento, el escenario frente a la iglesia. Es un honor y un placer que me hayan invitado y adem\u00e1s, me ha llamado la atenci\u00f3n que la gente es muy cari\u00f1osa, muy amable, por otra parte, una naturaleza con un entorno maravilloso, con las monta\u00f1as, el aire puro. Tengo una impresi\u00f3n bonita, de una comuna rural hermosa\u201d.<\/p>\n<p><strong>VISITANTES Y EXPOSITORES<\/strong><\/p>\n<p>Mar\u00eda Erka Sa\u00e1, vino a la feria costumbrista con su familia, todos de San Felipe: \u201cEsta feria me parece extraordinaria, uno ve estas cosas cuando va de vacaciones al sur o al norte, pero ac\u00e1 en la zona nunca hab\u00edamos tenido la oportunidad. As\u00ed que encuentro excelente, muy lindo. Felicito a los organizadores\u201d.<\/p>\n<p>Elisa Silva, de la empresa familiar Cabalgatas El Cop\u00edn, quienes tambi\u00e9n son olivicultores y producen licores artesanales. Muy emocionada, porque adem\u00e1s entreg\u00f3 un saludo en la ceremonia inaugural de la actividad, explic\u00f3 que: \u201cEsta feria ha sido muy importante para dar a conocer nuestros emprendimientos, porque hemos tenido un marco de p\u00fablico muy numeroso. Esto nos ayuda a crecer como emprendedores y a generar m\u00e1s recursos con la venta de nuestros productos y servicios. Estamos muy felices y satisfechos y mucha gente nos ha solicitado informaci\u00f3n\u201d.<\/p>\n<p>En tanto, la gobernadora provincial, Patricia Boffa, asisti\u00f3 ambos d\u00edas acompa\u00f1ada por su familia, a la actividad y se\u00f1al\u00f3 que: \u201cEsta iniciativa me ha parecido maravillosa, pienso que est\u00e1 muy bien organizada. Quiero por lo mismo, felicitar al alcalde Claudio Zurita, por esta actividad que va en beneficio directo de los emprendedores de Santa Mar\u00eda, porque hay gente a cargo del aseo. Lo que m\u00e1s me llam\u00f3 la atenci\u00f3n de la actividad, fue la coordinaci\u00f3n, a pesar de haber tanta gente, no hay papeles botados, lo ordenado de los stands, la amabilidad de los funcionarios municipales que apoyaron el evento. Los felicito y esta es la tarea para el pr\u00f3ximo a\u00f1o y les qued\u00f3 la vara muy alta\u201d.<\/p>\n<p>&nbsp;<\/p>\n","protected":false},"excerpt":{"rendered":"<p>SANTA MAR\u00cdA.- Con un gran marco de p\u00fablico que super\u00f3 los diez mil visitantes, se llev\u00f3 a cabo el pasado fin de semana la I Feria Costumbrista del Olivo-Valle de Jahuel Santa&#8230;<\/p>\n","protected":false},"author":482,"featured_media":20618,"comment_status":"open","ping_status":"closed","sticky":false,"template":"","format":"standard","meta":{"advanced_seo_description":"","jetpack_seo_html_title":"","jetpack_seo_noindex":false,"_jetpack_memberships_contains_paid_content":false,"footnotes":""},"categories":[15],"tags":[],"class_list":["post-20617","post","type-post","status-publish","format-standard","has-post-thumbnail","hentry","category-comunidad"],"jetpack_featured_media_url":"https:\/\/i0.wp.com\/eltrabajo.cl\/portal\/wp-content\/uploads\/2012\/07\/publico1.jpg?fit=600%2C450&ssl=1","jetpack_sharing_enabled":true,"jetpack_likes_enabled":true,"jetpack-related-posts":[],"_links":{"self":[{"href":"https:\/\/eltrabajo.cl\/portal\/wp-json\/wp\/v2\/posts\/20617","targetHints":{"allow":["GET"]}}],"collection":[{"href":"https:\/\/eltrabajo.cl\/portal\/wp-json\/wp\/v2\/posts"}],"about":[{"href":"https:\/\/eltrabajo.cl\/portal\/wp-json\/wp\/v2\/types\/post"}],"author":[{"embeddable":true,"href":"https:\/\/eltrabajo.cl\/portal\/wp-json\/wp\/v2\/users\/482"}],"replies":[{"embeddable":true,"href":"https:\/\/eltrabajo.cl\/portal\/wp-json\/wp\/v2\/comments?post=20617"}],"version-history":[{"count":0,"href":"https:\/\/eltrabajo.cl\/portal\/wp-json\/wp\/v2\/posts\/20617\/revisions"}],"wp:featuredmedia":[{"embeddable":true,"href":"https:\/\/eltrabajo.cl\/portal\/wp-json\/wp\/v2\/media\/20618"}],"wp:attachment":[{"href":"https:\/\/eltrabajo.cl\/portal\/wp-json\/wp\/v2\/media?parent=20617"}],"wp:term":[{"taxonomy":"category","embeddable":true,"href":"https:\/\/eltrabajo.cl\/portal\/wp-json\/wp\/v2\/categories?post=20617"},{"taxonomy":"post_tag","embeddable":true,"href":"https:\/\/eltrabajo.cl\/portal\/wp-json\/wp\/v2\/tags?post=20617"}],"curies":[{"name":"wp","href":"https:\/\/api.w.org\/{rel}","templated":true}]}}