{"id":20627,"date":"2012-07-12T10:07:16","date_gmt":"2012-07-12T14:07:16","guid":{"rendered":"http:\/\/www.eltrabajo.cl\/portal\/?p=20627"},"modified":"2012-07-12T11:25:43","modified_gmt":"2012-07-12T15:25:43","slug":"invitan-a-toda-la-familia-a-disfrutar-de-show-de-magia-y-mucho-humor","status":"publish","type":"post","link":"https:\/\/eltrabajo.cl\/portal\/invitan-a-toda-la-familia-a-disfrutar-de-show-de-magia-y-mucho-humor\/","title":{"rendered":"Invitan a toda la familia a disfrutar de show de magia y mucho humor"},"content":{"rendered":"<figure id=\"attachment_20628\" aria-describedby=\"caption-attachment-20628\" style=\"width: 300px\" class=\"wp-caption alignleft\"><a href=\"http:\/\/www.eltrabajo.cl\/portal\/2012\/07\/invitan-a-toda-la-familia-a-disfrutar-de-show-de-magia-y-mucho-humor\/felipe\/\" rel=\"attachment wp-att-20628\"><img data-recalc-dims=\"1\" loading=\"lazy\" decoding=\"async\" class=\"size-medium wp-image-20628 \" title=\"felipe\" src=\"https:\/\/i0.wp.com\/www.eltrabajo.cl\/portal\/wp-content\/uploads\/2012\/07\/felipe-300x225.jpg?resize=300%2C225\" alt=\"\" width=\"300\" height=\"225\" srcset=\"https:\/\/i0.wp.com\/eltrabajo.cl\/portal\/wp-content\/uploads\/2012\/07\/felipe.jpg?resize=300%2C225&amp;ssl=1 300w, https:\/\/i0.wp.com\/eltrabajo.cl\/portal\/wp-content\/uploads\/2012\/07\/felipe.jpg?resize=200%2C150&amp;ssl=1 200w, https:\/\/i0.wp.com\/eltrabajo.cl\/portal\/wp-content\/uploads\/2012\/07\/felipe.jpg?resize=150%2C112&amp;ssl=1 150w, https:\/\/i0.wp.com\/eltrabajo.cl\/portal\/wp-content\/uploads\/2012\/07\/felipe.jpg?resize=400%2C300&amp;ssl=1 400w, https:\/\/i0.wp.com\/eltrabajo.cl\/portal\/wp-content\/uploads\/2012\/07\/felipe.jpg?w=600&amp;ssl=1 600w\" sizes=\"auto, (max-width: 300px) 100vw, 300px\" \/><\/a><figcaption id=\"caption-attachment-20628\" class=\"wp-caption-text\">Felipe P\u00e9rez, relacionador p\u00fablico de CIMA y mago, invit\u00f3 a la comunidad a disfrutar de este espect\u00e1culo de magia que tendr\u00e1 muchas novedades, especialmente para los ni\u00f1os.<\/figcaption><\/figure>\n<p>Sylvia Vergara G. &#8211; svergara@eltrabajo.cl<\/p>\n<p>Luego de un largo tiempo sin presentaciones en la zona, Cima, el C\u00edrculo de Ilusionistas y Magos de Aconcagua realizar\u00e1 una nueva presentaci\u00f3n este jueves en San Felipe.<\/p>\n<p>Con la idea de volver a encantar a la comunidad aconcag\u00fcina mediante la magia, este jueves se presentar\u00e1n en el Teatro Municipal de San Felipe, a las 19:30 horas, volviendo a la escena local el gran MagoHEO, quien despu\u00e9s de m\u00e1s de un a\u00f1o ausente en el teatro volver\u00e1 a sorprender con su magia y carisma especialmente a los adultos que lleguen al show de este jueves.<\/p>\n<p>La presentaci\u00f3n tiene un enfoque especialmente familiar, donde se espera la presencia del Mago Xantol\u00edn, quien llegar\u00e1 a sorprender a los ni\u00f1os desde Santiago con su especialidad, ya que se trata de un mago clown.<\/p>\n<p>\u201cSiempre como C\u00edrculo hemos tratado de caracterizarnos y llegar y abarcar a toda la comunidad, de hecho en otros congresos de magia hemos ido a trabajar en instituciones con ni\u00f1os en condiciones de riesgo social y la verdad que en esta oportunidad no hemos querido dejar eso de lado sino que lo hemos querido involucrar, para que los ni\u00f1os puedan asistir y tengan un buen show\u201d, dijo Felipe P\u00e9rez.<\/p>\n<p>El show, que ser\u00e1 de entrada liberada, estar\u00e1 dirigido por el MagoYaso, integrante de Cima y quien con su humor ser\u00e1 anfitri\u00f3n de la noche del jueves.<\/p>\n<p>\u201cSer\u00e1 un show bastante din\u00e1mico, con mucho humor, muy movido, con varias sorpresas, son efectos nuevos, bastante innovadores, que por primera vez se presentan en el teatro, bastante creativos por lo dem\u00e1s, va a ser un muy buen momento, muy agradable. Y en cuando al mago Xantolin tambi\u00e9n es clown, de hecho trabaja como payaso y viene aqu\u00ed con los ni\u00f1os y sabemos que cuenta con mucha experiencia en el trabajo con ni\u00f1os\u201d, dijo Felipe.<\/p>\n<p><strong>ABRACONCAGUA<\/strong><\/p>\n<p>La instancia busca adem\u00e1s hacer el lanzamiento de Abraconcagua 2012, congreso que en su quinta versi\u00f3n espera convocar a m\u00e1s de 20 magos del \u00e1mbito nacional y que a su vez contar\u00e1 con la presencia de un connotado campe\u00f3n latinoamericano, quien asistir\u00e1 desde Uruguay a presentarse los d\u00edas 7 y 8 de septiembre junto a otros cuatro invitados, quienes compartir\u00e1n escenario con \u00e9l.<\/p>\n<p>&nbsp;<\/p>\n","protected":false},"excerpt":{"rendered":"<p>Sylvia Vergara G. &#8211; svergara@eltrabajo.cl Luego de un largo tiempo sin presentaciones en la zona, Cima, el C\u00edrculo de Ilusionistas y Magos de Aconcagua realizar\u00e1 una nueva presentaci\u00f3n este jueves en San&#8230;<\/p>\n","protected":false},"author":482,"featured_media":20628,"comment_status":"open","ping_status":"closed","sticky":false,"template":"","format":"standard","meta":{"advanced_seo_description":"","jetpack_seo_html_title":"","jetpack_seo_noindex":false,"_jetpack_memberships_contains_paid_content":false,"footnotes":""},"categories":[15],"tags":[],"class_list":["post-20627","post","type-post","status-publish","format-standard","has-post-thumbnail","hentry","category-comunidad"],"jetpack_featured_media_url":"https:\/\/i0.wp.com\/eltrabajo.cl\/portal\/wp-content\/uploads\/2012\/07\/felipe.jpg?fit=600%2C450&ssl=1","jetpack_sharing_enabled":true,"jetpack_likes_enabled":true,"jetpack-related-posts":[],"_links":{"self":[{"href":"https:\/\/eltrabajo.cl\/portal\/wp-json\/wp\/v2\/posts\/20627","targetHints":{"allow":["GET"]}}],"collection":[{"href":"https:\/\/eltrabajo.cl\/portal\/wp-json\/wp\/v2\/posts"}],"about":[{"href":"https:\/\/eltrabajo.cl\/portal\/wp-json\/wp\/v2\/types\/post"}],"author":[{"embeddable":true,"href":"https:\/\/eltrabajo.cl\/portal\/wp-json\/wp\/v2\/users\/482"}],"replies":[{"embeddable":true,"href":"https:\/\/eltrabajo.cl\/portal\/wp-json\/wp\/v2\/comments?post=20627"}],"version-history":[{"count":0,"href":"https:\/\/eltrabajo.cl\/portal\/wp-json\/wp\/v2\/posts\/20627\/revisions"}],"wp:featuredmedia":[{"embeddable":true,"href":"https:\/\/eltrabajo.cl\/portal\/wp-json\/wp\/v2\/media\/20628"}],"wp:attachment":[{"href":"https:\/\/eltrabajo.cl\/portal\/wp-json\/wp\/v2\/media?parent=20627"}],"wp:term":[{"taxonomy":"category","embeddable":true,"href":"https:\/\/eltrabajo.cl\/portal\/wp-json\/wp\/v2\/categories?post=20627"},{"taxonomy":"post_tag","embeddable":true,"href":"https:\/\/eltrabajo.cl\/portal\/wp-json\/wp\/v2\/tags?post=20627"}],"curies":[{"name":"wp","href":"https:\/\/api.w.org\/{rel}","templated":true}]}}