{"id":20635,"date":"2012-07-12T10:15:51","date_gmt":"2012-07-12T14:15:51","guid":{"rendered":"http:\/\/www.eltrabajo.cl\/portal\/?p=20635"},"modified":"2012-07-12T10:15:51","modified_gmt":"2012-07-12T14:15:51","slug":"polemica-genera-cierre-del-tunel-chacabuco-debido-a-reparaciones","status":"publish","type":"post","link":"https:\/\/eltrabajo.cl\/portal\/polemica-genera-cierre-del-tunel-chacabuco-debido-a-reparaciones\/","title":{"rendered":"Pol\u00e9mica genera cierre del t\u00fanel Chacabuco debido a reparaciones"},"content":{"rendered":"<figure id=\"attachment_20637\" aria-describedby=\"caption-attachment-20637\" style=\"width: 300px\" class=\"wp-caption alignleft\"><a href=\"http:\/\/www.eltrabajo.cl\/portal\/2012\/07\/polemica-genera-cierre-del-tunel-chacabuco-debido-a-reparaciones\/juangaldames-tunel\/\" rel=\"attachment wp-att-20637\"><img data-recalc-dims=\"1\" loading=\"lazy\" decoding=\"async\" class=\"size-medium wp-image-20637\" title=\"juangaldames-tunel\" src=\"https:\/\/i0.wp.com\/www.eltrabajo.cl\/portal\/wp-content\/uploads\/2012\/07\/juangaldames-tunel-300x234.jpg?resize=300%2C234\" alt=\"\" width=\"300\" height=\"234\" srcset=\"https:\/\/i0.wp.com\/eltrabajo.cl\/portal\/wp-content\/uploads\/2012\/07\/juangaldames-tunel.jpg?resize=300%2C234&amp;ssl=1 300w, https:\/\/i0.wp.com\/eltrabajo.cl\/portal\/wp-content\/uploads\/2012\/07\/juangaldames-tunel.jpg?resize=191%2C150&amp;ssl=1 191w, https:\/\/i0.wp.com\/eltrabajo.cl\/portal\/wp-content\/uploads\/2012\/07\/juangaldames-tunel.jpg?resize=150%2C117&amp;ssl=1 150w, https:\/\/i0.wp.com\/eltrabajo.cl\/portal\/wp-content\/uploads\/2012\/07\/juangaldames-tunel.jpg?resize=400%2C312&amp;ssl=1 400w, https:\/\/i0.wp.com\/eltrabajo.cl\/portal\/wp-content\/uploads\/2012\/07\/juangaldames-tunel.jpg?w=600&amp;ssl=1 600w\" sizes=\"auto, (max-width: 300px) 100vw, 300px\" \/><\/a><figcaption id=\"caption-attachment-20637\" class=\"wp-caption-text\">Juan Galdames Carmona, Alcalde de Rinconada: \u00abUna falta de respeto del MOP\u00bb.<\/figcaption><\/figure>\n<p><strong>LOS ANDES.<\/strong>&#8211; Pol\u00e9mica ha generado la decisi\u00f3n del Ministerio de Obras P\u00fablicas de cerrar el t\u00fanel Chacabuco por espacio de tres d\u00edas a fin de llevar adelante trabajos de reparaci\u00f3n y mantenimiento.<\/p>\n<p>Ello debido a que las autoridades locales acusan al MOP de no haberlos consultado por estos trabajos, los cuales generar\u00e1n un gran problema para las cientos de personas que diariamente viajan a la capital.<\/p>\n<p>Es por ello que en la gobernaci\u00f3n provincial se llev\u00f3 adelante una reuni\u00f3n de sociabilizaci\u00f3n del proyecto, la cual no estuvo exenta de discusiones y alegatos entre las partes.<\/p>\n<p>Para el alcalde de Rinconada, Juan Galdames, este anuncio del MOP refleja que hoy m\u00e1s que nunca se necesita la construcci\u00f3n de un segundo t\u00fanel Chacabuco, \u00abpero hoy d\u00eda nos invitan a una reuni\u00f3n donde ya tienen todo cocinado y nos vienen a decir que van a cerrarnos el t\u00fanel en d\u00edas de semana, en horarios peak de trabajo, generando un tremendo caos, ya que ni los gobernadores ten\u00edan conocimiento de esto, sino que esto se hace a nivel central sin consultar nuestra opini\u00f3n\u00bb.<\/p>\n<figure id=\"attachment_20638\" aria-describedby=\"caption-attachment-20638\" style=\"width: 300px\" class=\"wp-caption alignright\"><a href=\"http:\/\/www.eltrabajo.cl\/portal\/2012\/07\/polemica-genera-cierre-del-tunel-chacabuco-debido-a-reparaciones\/matiasquiroz-tunel\/\" rel=\"attachment wp-att-20638\"><img data-recalc-dims=\"1\" loading=\"lazy\" decoding=\"async\" class=\"size-medium wp-image-20638\" title=\"matiasquiroz-tunel\" src=\"https:\/\/i0.wp.com\/www.eltrabajo.cl\/portal\/wp-content\/uploads\/2012\/07\/matiasquiroz-tunel-300x241.jpg?resize=300%2C241\" alt=\"\" width=\"300\" height=\"241\" srcset=\"https:\/\/i0.wp.com\/eltrabajo.cl\/portal\/wp-content\/uploads\/2012\/07\/matiasquiroz-tunel.jpg?resize=300%2C241&amp;ssl=1 300w, https:\/\/i0.wp.com\/eltrabajo.cl\/portal\/wp-content\/uploads\/2012\/07\/matiasquiroz-tunel.jpg?resize=186%2C150&amp;ssl=1 186w, https:\/\/i0.wp.com\/eltrabajo.cl\/portal\/wp-content\/uploads\/2012\/07\/matiasquiroz-tunel.jpg?resize=150%2C120&amp;ssl=1 150w, https:\/\/i0.wp.com\/eltrabajo.cl\/portal\/wp-content\/uploads\/2012\/07\/matiasquiroz-tunel.jpg?resize=400%2C321&amp;ssl=1 400w, https:\/\/i0.wp.com\/eltrabajo.cl\/portal\/wp-content\/uploads\/2012\/07\/matiasquiroz-tunel.jpg?w=600&amp;ssl=1 600w\" sizes=\"auto, (max-width: 300px) 100vw, 300px\" \/><\/a><figcaption id=\"caption-attachment-20638\" class=\"wp-caption-text\">Mat\u00edas Quiroz, Gerente Operaciones Buses Ahumada: Esto generar\u00e1 problemas.<\/figcaption><\/figure>\n<p>A juicio del edil rinconadino, se trata de una muestra clara de centralismo, \u00ablo que es una falta de respeto del Ministerio de Obras P\u00fablicas hacia los habitantes del valle de Aconcagua\u00bb.<\/p>\n<p>Galdames dijo que resulta a lo menos \u00absospechoso\u00bb que haya nacido una idea de llevar adelante una mantenci\u00f3n del t\u00fanel, cuando hasta el a\u00f1o pasado hab\u00eda un cronograma establecido para llevar adelante la construcci\u00f3n del segundo t\u00fanel y luego el antiguo ser\u00eda cerrado por cuatro meses para someterlo a reparaciones.<\/p>\n<p>El edil manifest\u00f3 que lo ideal es que estos trabajos se llevaran adelante durante uno o dos fines de semana, pero no en la semana afectando a quienes diario viajan a Santiago por razones laborales y educacionales.<\/p>\n<p>El alcalde manifest\u00f3 que pedir\u00e1n al Ministro para conversar la fecha de cierre del t\u00fanel sin que afecte tanto a la poblaci\u00f3n.<\/p>\n<p>Por su parte, el Prefecto de Carabineros de Aconcagua, Coronel Manuel Letelier, se\u00f1al\u00f3 que ante esta contingencia deber\u00e1n trabajar en un plan para afrontar esta situaci\u00f3n con el aumento del flujo vehicular por la ruta CH 60, especialmente en el sector de Panquehue donde hay una sola pista por sentido y tambi\u00e9n en la cuesta Chacabuco que no est\u00e1 pavimentada.<\/p>\n<figure id=\"attachment_20636\" aria-describedby=\"caption-attachment-20636\" style=\"width: 300px\" class=\"wp-caption alignleft\"><a href=\"http:\/\/www.eltrabajo.cl\/portal\/2012\/07\/polemica-genera-cierre-del-tunel-chacabuco-debido-a-reparaciones\/gobernadoratunel\/\" rel=\"attachment wp-att-20636\"><img data-recalc-dims=\"1\" loading=\"lazy\" decoding=\"async\" class=\"size-medium wp-image-20636\" title=\"gobernadoratunel\" src=\"https:\/\/i0.wp.com\/www.eltrabajo.cl\/portal\/wp-content\/uploads\/2012\/07\/gobernadoratunel-300x225.jpg?resize=300%2C225\" alt=\"\" width=\"300\" height=\"225\" srcset=\"https:\/\/i0.wp.com\/eltrabajo.cl\/portal\/wp-content\/uploads\/2012\/07\/gobernadoratunel.jpg?resize=300%2C225&amp;ssl=1 300w, https:\/\/i0.wp.com\/eltrabajo.cl\/portal\/wp-content\/uploads\/2012\/07\/gobernadoratunel.jpg?resize=200%2C150&amp;ssl=1 200w, https:\/\/i0.wp.com\/eltrabajo.cl\/portal\/wp-content\/uploads\/2012\/07\/gobernadoratunel.jpg?resize=150%2C112&amp;ssl=1 150w, https:\/\/i0.wp.com\/eltrabajo.cl\/portal\/wp-content\/uploads\/2012\/07\/gobernadoratunel.jpg?resize=400%2C300&amp;ssl=1 400w, https:\/\/i0.wp.com\/eltrabajo.cl\/portal\/wp-content\/uploads\/2012\/07\/gobernadoratunel.jpg?w=600&amp;ssl=1 600w\" sizes=\"auto, (max-width: 300px) 100vw, 300px\" \/><\/a><figcaption id=\"caption-attachment-20636\" class=\"wp-caption-text\">Edith Quiroz, Gobernadora Los Andes: \u00abPrima la seguridad de las personas\u00bb.<\/figcaption><\/figure>\n<p>\u00abVamos a adoptar medidas especiales esos d\u00edas, particularmente marcando mucha presencia en la ruta para prevenir accidentes y por eso es tremendamente importante que en esos d\u00eda los conductores deben adoptar las m\u00e1ximas medidas de seguridad\u00bb, expuso el jefe policial.<\/p>\n<p>El Coronel record\u00f3 que los informes t\u00e9cnicos indican que deben ser mejoradas las condiciones de la v\u00eda y se\u00f1alizaciones en la cuesta Chacabuco, \u00abpero esa ruta s\u00f3lo ser\u00e1 habilitada para veh\u00edculos livianos\u00bb.<\/p>\n<p>A su vez, el Gerente de Operaciones de Buses Ahumada, Mat\u00edas Quiroz, expres\u00f3 que esta situaci\u00f3n generar\u00e1 problemas en el transporte de pasajeros, \u00aby por eso estamos trabajando en dar la mejor soluci\u00f3n a nuestros usuarios para que lleguen sin problemas a Santiago\u00bb.<\/p>\n<p>No obstante, aclar\u00f3 que est\u00e1n buscando alguna soluci\u00f3n a fin de adelantar algunas salidas de buses durante esos d\u00edas, para no tener que ir a dar la vuelta por Llay-Llay para acceder a la capital, \u00abpues la duraci\u00f3n del viaje implica nuestras operaciones y tambi\u00e9n a nuestros usuarios\u00bb.<\/p>\n<p>Finalmente, la Gobernadora Edith Quiroz coment\u00f3 que la decisi\u00f3n de las reparaciones ya est\u00e1 tomada por parte del Mop y del Ministerio de Transportes, \u00abporque se ha determinado que en esas fechas del a\u00f1o es cuando hay menor flujo vehicular en el sector\u00bb.<\/p>\n<p>Expuso que la idea de la gobernaci\u00f3n era que los trabajos se hicieran de manera diferida, \u00abpero en estos trabajos de mantenci\u00f3n lo que prima es la seguridad de las personas, porque el estado del pavimento del t\u00fanel est\u00e1 en muy malas condiciones y est\u00e1 proyectado dentro del plan de conservaci\u00f3n de concesiones para no tener que lamentar accidentes peores en el futuro\u00bb.<\/p>\n<p>A\u00f1adi\u00f3 que el MOP les asegur\u00f3 que los trabajos durar\u00e1n 55 horas, \u00abpor lo que \u00e9stos se har\u00e1n dentro de ese plazo y en ese sentido como resultado de estas obras vamos tener en el futuro una cuesta Chacabuco pavimentada como alternativa al t\u00fanel\u00bb.<\/p>\n<p>La autoridad sostuvo que la idea tambi\u00e9n es poder consensuar fechas y plazos para la construcci\u00f3n del tan anhelado segundo t\u00fanel Chacabuco y para ello espera reunirse prontamente con el Ministro Golborne.<\/p>\n<p>&nbsp;<\/p>\n","protected":false},"excerpt":{"rendered":"<p>LOS ANDES.&#8211; Pol\u00e9mica ha generado la decisi\u00f3n del Ministerio de Obras P\u00fablicas de cerrar el t\u00fanel Chacabuco por espacio de tres d\u00edas a fin de llevar adelante trabajos de reparaci\u00f3n y mantenimiento&#8230;.<\/p>\n","protected":false},"author":482,"featured_media":20637,"comment_status":"open","ping_status":"closed","sticky":false,"template":"","format":"standard","meta":{"advanced_seo_description":"","jetpack_seo_html_title":"","jetpack_seo_noindex":false,"_jetpack_memberships_contains_paid_content":false,"footnotes":""},"categories":[1],"tags":[],"class_list":["post-20635","post","type-post","status-publish","format-standard","has-post-thumbnail","hentry","category-cronica"],"jetpack_featured_media_url":"https:\/\/i0.wp.com\/eltrabajo.cl\/portal\/wp-content\/uploads\/2012\/07\/juangaldames-tunel.jpg?fit=600%2C469&ssl=1","jetpack_sharing_enabled":true,"jetpack_likes_enabled":true,"jetpack-related-posts":[],"_links":{"self":[{"href":"https:\/\/eltrabajo.cl\/portal\/wp-json\/wp\/v2\/posts\/20635","targetHints":{"allow":["GET"]}}],"collection":[{"href":"https:\/\/eltrabajo.cl\/portal\/wp-json\/wp\/v2\/posts"}],"about":[{"href":"https:\/\/eltrabajo.cl\/portal\/wp-json\/wp\/v2\/types\/post"}],"author":[{"embeddable":true,"href":"https:\/\/eltrabajo.cl\/portal\/wp-json\/wp\/v2\/users\/482"}],"replies":[{"embeddable":true,"href":"https:\/\/eltrabajo.cl\/portal\/wp-json\/wp\/v2\/comments?post=20635"}],"version-history":[{"count":0,"href":"https:\/\/eltrabajo.cl\/portal\/wp-json\/wp\/v2\/posts\/20635\/revisions"}],"wp:featuredmedia":[{"embeddable":true,"href":"https:\/\/eltrabajo.cl\/portal\/wp-json\/wp\/v2\/media\/20637"}],"wp:attachment":[{"href":"https:\/\/eltrabajo.cl\/portal\/wp-json\/wp\/v2\/media?parent=20635"}],"wp:term":[{"taxonomy":"category","embeddable":true,"href":"https:\/\/eltrabajo.cl\/portal\/wp-json\/wp\/v2\/categories?post=20635"},{"taxonomy":"post_tag","embeddable":true,"href":"https:\/\/eltrabajo.cl\/portal\/wp-json\/wp\/v2\/tags?post=20635"}],"curies":[{"name":"wp","href":"https:\/\/api.w.org\/{rel}","templated":true}]}}