{"id":20641,"date":"2012-07-12T10:17:40","date_gmt":"2012-07-12T14:17:40","guid":{"rendered":"http:\/\/www.eltrabajo.cl\/portal\/?p=20641"},"modified":"2012-07-12T10:17:40","modified_gmt":"2012-07-12T14:17:40","slug":"llaman-a-prevenir-emergencias-y-contaminacion-al-interior-de-las-viviendas","status":"publish","type":"post","link":"https:\/\/eltrabajo.cl\/portal\/llaman-a-prevenir-emergencias-y-contaminacion-al-interior-de-las-viviendas\/","title":{"rendered":"Llaman a prevenir emergencias y contaminaci\u00f3n al interior de las viviendas"},"content":{"rendered":"<figure id=\"attachment_20642\" aria-describedby=\"caption-attachment-20642\" style=\"width: 300px\" class=\"wp-caption alignleft\"><a href=\"http:\/\/www.eltrabajo.cl\/portal\/2012\/07\/llaman-a-prevenir-emergencias-y-contaminacion-al-interior-de-las-viviendas\/raul-astorga-5\/\" rel=\"attachment wp-att-20642\"><img data-recalc-dims=\"1\" loading=\"lazy\" decoding=\"async\" class=\"size-medium wp-image-20642\" title=\"raul astorga\" src=\"https:\/\/i0.wp.com\/www.eltrabajo.cl\/portal\/wp-content\/uploads\/2012\/07\/raul-astorga-300x225.jpg?resize=300%2C225\" alt=\"\" width=\"300\" height=\"225\" srcset=\"https:\/\/i0.wp.com\/eltrabajo.cl\/portal\/wp-content\/uploads\/2012\/07\/raul-astorga.jpg?resize=300%2C225&amp;ssl=1 300w, https:\/\/i0.wp.com\/eltrabajo.cl\/portal\/wp-content\/uploads\/2012\/07\/raul-astorga.jpg?resize=200%2C150&amp;ssl=1 200w, https:\/\/i0.wp.com\/eltrabajo.cl\/portal\/wp-content\/uploads\/2012\/07\/raul-astorga.jpg?resize=150%2C112&amp;ssl=1 150w, https:\/\/i0.wp.com\/eltrabajo.cl\/portal\/wp-content\/uploads\/2012\/07\/raul-astorga.jpg?resize=400%2C300&amp;ssl=1 400w, https:\/\/i0.wp.com\/eltrabajo.cl\/portal\/wp-content\/uploads\/2012\/07\/raul-astorga.jpg?w=600&amp;ssl=1 600w\" sizes=\"auto, (max-width: 300px) 100vw, 300px\" \/><\/a><figcaption id=\"caption-attachment-20642\" class=\"wp-caption-text\">Ra\u00fal Astorga se\u00f1al\u00f3 que es necesario que las viviendas mantengan medianamente abierta alguna ventana, mientras se tiene la calefacci\u00f3n prendida para evitar focos de contaminaci\u00f3n.<\/figcaption><\/figure>\n<p>A ra\u00edz de un amago de incendio registrado el fin de semana pasado en la villa El Se\u00f1orial, provocado por una estufa a le\u00f1a que se recalent\u00f3 y que implic\u00f3 la r\u00e1pida llegada de Bomberos para controlar la situaci\u00f3n, la instituci\u00f3n bomberil expres\u00f3 su preocupaci\u00f3n ya que no es la primera vez que se produce durante la temporada invernal, poniendo en peligro la vida de los ocupantes de las viviendas afectadas.<\/p>\n<p>Ante ello, el relacionador p\u00fablico de la instituci\u00f3n, Ra\u00fal Astorga, se\u00f1al\u00f3 que en esta fecha aumenta la probabilidad de alg\u00fan incendio debido a los sistemas de calefacci\u00f3n, lo que se debe, seg\u00fan Astorga, a un mal concepto de ahorrar dinero.<\/p>\n<p>\u201cEl concepto de ahorrar dinero significa proteger su casa y no ir con un maestro \u2018chasquilla\u2019 que lo sabe hacer todo y al final no hace nada bien. Lamentablemente cuando los ductos est\u00e1n mal instalados, por combusti\u00f3n se produce el fen\u00f3meno y el calor que est\u00e1 abajo se va a la altura y si est\u00e1 tocando con madera y est\u00e1 mal instalado se produce el incendio\u201d.<\/p>\n<p>Por ello Astorga llam\u00f3 a la comunidad a la precauci\u00f3n y especialmente a realizar la mantenci\u00f3n de cualquier tipo de equipo de calefacci\u00f3n.<\/p>\n<p>\u201cEso hay que comenzar antes de la temporada, pero lamentablemente cuando empezamos con fr\u00edo empezamos a encender y no lo hacemos despu\u00e9s y el otro tema importante es el manejo de estufas de parafina y a gas; tambi\u00e9n hay que hacer la mantenci\u00f3n, hay que ver los inyectores en la estufa de gas y un cambio de mecha en la estufa a parafina, y lo ideal es que cuando se comience a ocupar las estufas, por lo menos tener unas dos horas prendida afuera para que queme todo y desprenda todos los gases t\u00f3xicos\u201d.<\/p>\n<p>Consultado por la fuente de calefacci\u00f3n menos contaminante para utilizar en esta temporada, Astorga dijo que corresponde a aquella que tenga un ducto de evacuaci\u00f3n de gases al exterior.<\/p>\n<p>A lo que se suma la adecuada ventilaci\u00f3n de las viviendas, ya que ning\u00fan espacio debe quedar cerrado al m\u00e1ximo, por cuanto la combusti\u00f3n funciona con tres elementos que corresponden a un combustible, al ox\u00edgeno que est\u00e1 en el aire que est\u00e1 en un 21% solamente, m\u00e1s el calor.<\/p>\n<p>\u201cSi nosotros tenemos un foco de combustible, nosotros generamos di\u00f3xido de carbono, m\u00e1s el mon\u00f3xido de carbono y poca ventilaci\u00f3n es una mezcla bastante complicada y muchas veces la gente se empieza a quejar de dolores de cabeza y mareos, es porque nos est\u00e1 faltando aire, siempre tiene que haber una ventana un poquito abierta, cosa que haya recambio de aire\u201d, dijo Astorga.<\/p>\n<p>&nbsp;<\/p>\n","protected":false},"excerpt":{"rendered":"<p>A ra\u00edz de un amago de incendio registrado el fin de semana pasado en la villa El Se\u00f1orial, provocado por una estufa a le\u00f1a que se recalent\u00f3 y que implic\u00f3 la r\u00e1pida&#8230;<\/p>\n","protected":false},"author":482,"featured_media":20642,"comment_status":"open","ping_status":"closed","sticky":false,"template":"","format":"standard","meta":{"advanced_seo_description":"","jetpack_seo_html_title":"","jetpack_seo_noindex":false,"_jetpack_memberships_contains_paid_content":false,"footnotes":""},"categories":[1],"tags":[],"class_list":["post-20641","post","type-post","status-publish","format-standard","has-post-thumbnail","hentry","category-cronica"],"jetpack_featured_media_url":"https:\/\/i0.wp.com\/eltrabajo.cl\/portal\/wp-content\/uploads\/2012\/07\/raul-astorga.jpg?fit=600%2C451&ssl=1","jetpack_sharing_enabled":true,"jetpack_likes_enabled":true,"jetpack-related-posts":[],"_links":{"self":[{"href":"https:\/\/eltrabajo.cl\/portal\/wp-json\/wp\/v2\/posts\/20641","targetHints":{"allow":["GET"]}}],"collection":[{"href":"https:\/\/eltrabajo.cl\/portal\/wp-json\/wp\/v2\/posts"}],"about":[{"href":"https:\/\/eltrabajo.cl\/portal\/wp-json\/wp\/v2\/types\/post"}],"author":[{"embeddable":true,"href":"https:\/\/eltrabajo.cl\/portal\/wp-json\/wp\/v2\/users\/482"}],"replies":[{"embeddable":true,"href":"https:\/\/eltrabajo.cl\/portal\/wp-json\/wp\/v2\/comments?post=20641"}],"version-history":[{"count":0,"href":"https:\/\/eltrabajo.cl\/portal\/wp-json\/wp\/v2\/posts\/20641\/revisions"}],"wp:featuredmedia":[{"embeddable":true,"href":"https:\/\/eltrabajo.cl\/portal\/wp-json\/wp\/v2\/media\/20642"}],"wp:attachment":[{"href":"https:\/\/eltrabajo.cl\/portal\/wp-json\/wp\/v2\/media?parent=20641"}],"wp:term":[{"taxonomy":"category","embeddable":true,"href":"https:\/\/eltrabajo.cl\/portal\/wp-json\/wp\/v2\/categories?post=20641"},{"taxonomy":"post_tag","embeddable":true,"href":"https:\/\/eltrabajo.cl\/portal\/wp-json\/wp\/v2\/tags?post=20641"}],"curies":[{"name":"wp","href":"https:\/\/api.w.org\/{rel}","templated":true}]}}