{"id":20645,"date":"2012-07-12T10:18:46","date_gmt":"2012-07-12T14:18:46","guid":{"rendered":"http:\/\/www.eltrabajo.cl\/portal\/?p=20645"},"modified":"2012-07-12T10:18:46","modified_gmt":"2012-07-12T14:18:46","slug":"director-del-servicio-de-salud-evalua-en-terreno-la-campana-de-invierno","status":"publish","type":"post","link":"https:\/\/eltrabajo.cl\/portal\/director-del-servicio-de-salud-evalua-en-terreno-la-campana-de-invierno\/","title":{"rendered":"Director del Servicio de Salud eval\u00faa en terreno la campa\u00f1a de invierno"},"content":{"rendered":"<figure id=\"attachment_20646\" aria-describedby=\"caption-attachment-20646\" style=\"width: 600px\" class=\"wp-caption alignnone\"><a href=\"http:\/\/www.eltrabajo.cl\/portal\/2012\/07\/director-del-servicio-de-salud-evalua-en-terreno-la-campana-de-invierno\/cesfamcentenario\/\" rel=\"attachment wp-att-20646\"><img data-recalc-dims=\"1\" loading=\"lazy\" decoding=\"async\" class=\"size-full wp-image-20646\" title=\"CesfamCentenario\" src=\"https:\/\/i0.wp.com\/www.eltrabajo.cl\/portal\/wp-content\/uploads\/2012\/07\/CesfamCentenario.jpg?resize=600%2C450\" alt=\"\" width=\"600\" height=\"450\" srcset=\"https:\/\/i0.wp.com\/eltrabajo.cl\/portal\/wp-content\/uploads\/2012\/07\/CesfamCentenario.jpg?w=600&amp;ssl=1 600w, https:\/\/i0.wp.com\/eltrabajo.cl\/portal\/wp-content\/uploads\/2012\/07\/CesfamCentenario.jpg?resize=200%2C150&amp;ssl=1 200w, https:\/\/i0.wp.com\/eltrabajo.cl\/portal\/wp-content\/uploads\/2012\/07\/CesfamCentenario.jpg?resize=300%2C225&amp;ssl=1 300w, https:\/\/i0.wp.com\/eltrabajo.cl\/portal\/wp-content\/uploads\/2012\/07\/CesfamCentenario.jpg?resize=150%2C112&amp;ssl=1 150w, https:\/\/i0.wp.com\/eltrabajo.cl\/portal\/wp-content\/uploads\/2012\/07\/CesfamCentenario.jpg?resize=400%2C300&amp;ssl=1 400w\" sizes=\"auto, (max-width: 600px) 100vw, 600px\" \/><\/a><figcaption id=\"caption-attachment-20646\" class=\"wp-caption-text\">El Director Rodrigo Infante calific\u00f3 como normal el comportamiento de las enfermedades respiratorias, aunque se espera un aumento para las pr\u00f3ximas semanas.<\/figcaption><\/figure>\n<p>En visitas a los Centros de Salud Familiar de Centenario y Cordillera Andina, adem\u00e1s del Servicio de Urgencia del Hospital de Los Andes, la autoridad calific\u00f3 como normal el comportamiento de las enfermedades respiratorias, reiterando que a\u00fan debe actuarse con las mismas medidas de prevenci\u00f3n, ya que se espera un aumento para las pr\u00f3ximas semanas.<\/p>\n<p>Prosiguiendo el recorrido que durante las semanas de la campa\u00f1a de invierno ha realizado por los distintos establecimientos de la red, el Director del Servicio de Salud Aconcagua, Rodrigo Infante, revis\u00f3 en terreno la situaci\u00f3n de los Cesfam de Centenario y Cordillera Andina de Los Andes, los que hasta el momento presentan una situaci\u00f3n normal en materia de enfermedades respiratorias.<\/p>\n<p>\u201cHasta el momento, la situaci\u00f3n se ha desarrollado dentro de los l\u00edmites normales, lo que habla del buen trabajo que est\u00e1 realizando toda la red durante este invierno, tanto en los establecimientos que dependen del servicio de salud como en los dependientes de los municipios, como es el caso del Cesfam Centenario, lo que muestra un gran trabajo de los equipos tanto en la prevenci\u00f3n como en la atenci\u00f3n de quienes presentan alguna patolog\u00eda respiratoria\u201d, manifest\u00f3 Rodrigo Infante.<\/p>\n<p>En la oportunidad, la autoridad expres\u00f3 su conformidad por el desempe\u00f1o de los dispositivos de urgencia, en especial aquellos dispuestos en la atenci\u00f3n primaria. \u201cNo s\u00f3lo hemos recorrido los establecimientos de atenci\u00f3n primaria, si no tambi\u00e9n los dispositivos de urgencia, tanto en los hospitales como en la atenci\u00f3n primaria. Especialmente nos preocupan estos \u00faltimos, ya que la comunidad hoy los ocupa en mayor n\u00famero y de mejor manera, por lo que hemos estado certificando que est\u00e9n cubiertos los turnos y que las personas sean atendidas de la mejor manera posible\u201d, expres\u00f3 Infante.<\/p>\n<p>Sobre los esfuerzos que deber\u00e1n realizarse en las pr\u00f3ximas semanas, Infante fue enf\u00e1tico en se\u00f1alar que de ser necesario, se reforzar\u00e1n los dispositivos sanitarios. \u201cNo podemos decir que el desaf\u00edo est\u00e1 cumplido, ya que a\u00fan quedan varias semanas del invierno y debemos mantener las medidas que se han tomado para evitar un aumento de las enfermedades respiratorias. Si bien en Aconcagua no tenemos un panorama que se asemeje a la Regi\u00f3n Metropolitana, debemos continuar en la l\u00ednea en la que nos hemos mantenido hasta el momento y reforzarla si es necesario, ya que es posible que aumente el n\u00famero de personas enfermas\u201d, dijo el Director del Servicio de Salud.<\/p>\n<p>Finalmente, Rodrigo Infante expres\u00f3 que a fin de aumentar la informaci\u00f3n a los usuarios, se han implementado medidas de informaci\u00f3n para que la comunidad ocupe de mejor manera los servicios. \u201cHemos implementado una serie de acciones para mejorar la atenci\u00f3n cl\u00ednica de los usuarios y tambi\u00e9n para gestionar los tiempos de espera en los servicios de urgencia, conociendo con exactitud cu\u00e1nto debe esperar una persona en ser atendida, especialmente en \u00e1reas tan sensibles como es la pediatr\u00eda, lo que nos permite intervenir de manera m\u00e1s efectiva al momento de revisar los problemas\u201d, concluy\u00f3 el Director del Servicio de Salud Aconcagua.<\/p>\n<p>&nbsp;<\/p>\n","protected":false},"excerpt":{"rendered":"<p>En visitas a los Centros de Salud Familiar de Centenario y Cordillera Andina, adem\u00e1s del Servicio de Urgencia del Hospital de Los Andes, la autoridad calific\u00f3 como normal el comportamiento de las&#8230;<\/p>\n","protected":false},"author":482,"featured_media":20646,"comment_status":"open","ping_status":"closed","sticky":false,"template":"","format":"standard","meta":{"advanced_seo_description":"","jetpack_seo_html_title":"","jetpack_seo_noindex":false,"_jetpack_memberships_contains_paid_content":false,"footnotes":""},"categories":[1],"tags":[],"class_list":["post-20645","post","type-post","status-publish","format-standard","has-post-thumbnail","hentry","category-cronica"],"jetpack_featured_media_url":"https:\/\/i0.wp.com\/eltrabajo.cl\/portal\/wp-content\/uploads\/2012\/07\/CesfamCentenario.jpg?fit=600%2C450&ssl=1","jetpack_sharing_enabled":true,"jetpack_likes_enabled":true,"jetpack-related-posts":[],"_links":{"self":[{"href":"https:\/\/eltrabajo.cl\/portal\/wp-json\/wp\/v2\/posts\/20645","targetHints":{"allow":["GET"]}}],"collection":[{"href":"https:\/\/eltrabajo.cl\/portal\/wp-json\/wp\/v2\/posts"}],"about":[{"href":"https:\/\/eltrabajo.cl\/portal\/wp-json\/wp\/v2\/types\/post"}],"author":[{"embeddable":true,"href":"https:\/\/eltrabajo.cl\/portal\/wp-json\/wp\/v2\/users\/482"}],"replies":[{"embeddable":true,"href":"https:\/\/eltrabajo.cl\/portal\/wp-json\/wp\/v2\/comments?post=20645"}],"version-history":[{"count":0,"href":"https:\/\/eltrabajo.cl\/portal\/wp-json\/wp\/v2\/posts\/20645\/revisions"}],"wp:featuredmedia":[{"embeddable":true,"href":"https:\/\/eltrabajo.cl\/portal\/wp-json\/wp\/v2\/media\/20646"}],"wp:attachment":[{"href":"https:\/\/eltrabajo.cl\/portal\/wp-json\/wp\/v2\/media?parent=20645"}],"wp:term":[{"taxonomy":"category","embeddable":true,"href":"https:\/\/eltrabajo.cl\/portal\/wp-json\/wp\/v2\/categories?post=20645"},{"taxonomy":"post_tag","embeddable":true,"href":"https:\/\/eltrabajo.cl\/portal\/wp-json\/wp\/v2\/tags?post=20645"}],"curies":[{"name":"wp","href":"https:\/\/api.w.org\/{rel}","templated":true}]}}