{"id":20649,"date":"2012-07-12T10:20:28","date_gmt":"2012-07-12T14:20:28","guid":{"rendered":"http:\/\/www.eltrabajo.cl\/portal\/?p=20649"},"modified":"2012-07-12T10:20:28","modified_gmt":"2012-07-12T14:20:28","slug":"mujer-denuncia-mala-atencion-de-funcionarios-de-cesfam-san-felipe-el-real","status":"publish","type":"post","link":"https:\/\/eltrabajo.cl\/portal\/mujer-denuncia-mala-atencion-de-funcionarios-de-cesfam-san-felipe-el-real\/","title":{"rendered":"Mujer denuncia mala atenci\u00f3n de funcionarios de Cesfam San Felipe El Real"},"content":{"rendered":"<figure id=\"attachment_20650\" aria-describedby=\"caption-attachment-20650\" style=\"width: 300px\" class=\"wp-caption alignleft\"><a href=\"http:\/\/www.eltrabajo.cl\/portal\/2012\/07\/mujer-denuncia-mala-atencion-de-funcionarios-de-cesfam-san-felipe-el-real\/andrea-guzman\/\" rel=\"attachment wp-att-20650\"><img data-recalc-dims=\"1\" loading=\"lazy\" decoding=\"async\" class=\"size-medium wp-image-20650\" title=\"andrea guzman\" src=\"https:\/\/i0.wp.com\/www.eltrabajo.cl\/portal\/wp-content\/uploads\/2012\/07\/andrea-guzman-300x225.jpg?resize=300%2C225\" alt=\"\" width=\"300\" height=\"225\" srcset=\"https:\/\/i0.wp.com\/eltrabajo.cl\/portal\/wp-content\/uploads\/2012\/07\/andrea-guzman.jpg?resize=300%2C225&amp;ssl=1 300w, https:\/\/i0.wp.com\/eltrabajo.cl\/portal\/wp-content\/uploads\/2012\/07\/andrea-guzman.jpg?resize=200%2C150&amp;ssl=1 200w, https:\/\/i0.wp.com\/eltrabajo.cl\/portal\/wp-content\/uploads\/2012\/07\/andrea-guzman.jpg?resize=150%2C112&amp;ssl=1 150w, https:\/\/i0.wp.com\/eltrabajo.cl\/portal\/wp-content\/uploads\/2012\/07\/andrea-guzman.jpg?resize=400%2C300&amp;ssl=1 400w, https:\/\/i0.wp.com\/eltrabajo.cl\/portal\/wp-content\/uploads\/2012\/07\/andrea-guzman.jpg?w=600&amp;ssl=1 600w\" sizes=\"auto, (max-width: 300px) 100vw, 300px\" \/><\/a><figcaption id=\"caption-attachment-20650\" class=\"wp-caption-text\">Andrea Guzm\u00e1n realiz\u00f3 el reclamo con el objetivo de que las personas no tengan que pasar por este tipo de situaciones.<\/figcaption><\/figure>\n<p>Una mala atenci\u00f3n de parte de algunos funcionarios del Cesfam San Felipe El Real est\u00e1 reclamando Andrea Guzm\u00e1n.<\/p>\n<p>Esta joven mam\u00e1 se dirigi\u00f3 hace unas semanas para pedir una hora m\u00e9dica para atenderse, pero se encontr\u00f3 con que la persona que la ten\u00eda que atender la envi\u00f3 en dos oportunidades a sacar n\u00famero para su atenci\u00f3n, mientras la funcionaria conversaba con una amiga, asegur\u00f3 Andrea.<\/p>\n<p>\u201cCuando me toc\u00f3 la atenci\u00f3n le dije que me hab\u00eda parado atr\u00e1s de la silla para que no pasara nadie m\u00e1s, para que ella respetara los n\u00fameros, por \u00faltimo si le va a dar atenci\u00f3n a sus amigas, que respete con los n\u00fameros\u201d.<\/p>\n<p>Anteriormente en otra oportunidad le hab\u00edan cambiado una hora y no le habr\u00edan respetado el nuevo horario de atenci\u00f3n, por lo que perdi\u00f3 la atenci\u00f3n m\u00e9dica y tuvo que pedir nuevamente una hora.<\/p>\n<p>Esas dos situaciones colmaron la paciencia de Andrea, quien se dirigi\u00f3 a conversar el caso con el jefe de Some, pero no habr\u00eda tenido una buena acogida.<\/p>\n<p>\u201cYo le cont\u00e9 que me hab\u00eda venido con fiebre a pedir hora y que no me hab\u00eda podido levantar temprano un d\u00eda x y me dijo: \u2018bueno, pero si est\u00e1 el Sapu\u2019. Una vez fui y me dijeron que tomara agua, entonces despu\u00e9s este tipo me dice: \u2018Bueno, si no le gusta ning\u00fan servicio, si no le gusta\u2026.\u2019, me volvi\u00f3 a insinuar si no me gustaba y tom\u00e9 mis cosas y me fui\u201d, relat\u00f3 Andrea.<\/p>\n<p>El objetivo de esta denuncia es que los funcionarios del Cesfam San Felipe El Real entreguen una buena atenci\u00f3n y no como le habr\u00eda sucedido a Andrea, se\u00f1al\u00f3 la mujer.<\/p>\n<p>\u201cNo se puede volver a repetir algo as\u00ed, que un jefe te diga, si no le gusta y que no busque ninguna soluci\u00f3n\u201d.<\/p>\n<p>Esta joven puso el reclamo en la Oirs para que se cam na a las personas.<\/p>\n<p><strong>ESPERADA RESPUESTA<\/strong><\/p>\n<p>Tras m\u00e1s de dos semanas reteniendo esta denuncia a la espera de obtener un pronunciamiento de parte de las autoridades del Cesfam, finalmente la directora del Cesfam San Felipe El Real, Fabiola Figueroa, a trav\u00e9s de correo electr\u00f3nico, se\u00f1al\u00f3 escuetamente que ellos recibieron la denuncia de Andrea, la que fue contestada personalmente a la afectada, ya que la pol\u00edtica del establecimiento es responder todas las denuncias, quejas y felicitaciones que se reciben.<\/p>\n<p>&nbsp;<\/p>\n","protected":false},"excerpt":{"rendered":"<p>Una mala atenci\u00f3n de parte de algunos funcionarios del Cesfam San Felipe El Real est\u00e1 reclamando Andrea Guzm\u00e1n. Esta joven mam\u00e1 se dirigi\u00f3 hace unas semanas para pedir una hora m\u00e9dica para&#8230;<\/p>\n","protected":false},"author":482,"featured_media":20650,"comment_status":"open","ping_status":"closed","sticky":false,"template":"","format":"standard","meta":{"advanced_seo_description":"","jetpack_seo_html_title":"","jetpack_seo_noindex":false,"_jetpack_memberships_contains_paid_content":false,"footnotes":""},"categories":[15],"tags":[],"class_list":["post-20649","post","type-post","status-publish","format-standard","has-post-thumbnail","hentry","category-comunidad"],"jetpack_featured_media_url":"https:\/\/i0.wp.com\/eltrabajo.cl\/portal\/wp-content\/uploads\/2012\/07\/andrea-guzman.jpg?fit=600%2C450&ssl=1","jetpack_sharing_enabled":true,"jetpack_likes_enabled":true,"jetpack-related-posts":[],"_links":{"self":[{"href":"https:\/\/eltrabajo.cl\/portal\/wp-json\/wp\/v2\/posts\/20649","targetHints":{"allow":["GET"]}}],"collection":[{"href":"https:\/\/eltrabajo.cl\/portal\/wp-json\/wp\/v2\/posts"}],"about":[{"href":"https:\/\/eltrabajo.cl\/portal\/wp-json\/wp\/v2\/types\/post"}],"author":[{"embeddable":true,"href":"https:\/\/eltrabajo.cl\/portal\/wp-json\/wp\/v2\/users\/482"}],"replies":[{"embeddable":true,"href":"https:\/\/eltrabajo.cl\/portal\/wp-json\/wp\/v2\/comments?post=20649"}],"version-history":[{"count":0,"href":"https:\/\/eltrabajo.cl\/portal\/wp-json\/wp\/v2\/posts\/20649\/revisions"}],"wp:featuredmedia":[{"embeddable":true,"href":"https:\/\/eltrabajo.cl\/portal\/wp-json\/wp\/v2\/media\/20650"}],"wp:attachment":[{"href":"https:\/\/eltrabajo.cl\/portal\/wp-json\/wp\/v2\/media?parent=20649"}],"wp:term":[{"taxonomy":"category","embeddable":true,"href":"https:\/\/eltrabajo.cl\/portal\/wp-json\/wp\/v2\/categories?post=20649"},{"taxonomy":"post_tag","embeddable":true,"href":"https:\/\/eltrabajo.cl\/portal\/wp-json\/wp\/v2\/tags?post=20649"}],"curies":[{"name":"wp","href":"https:\/\/api.w.org\/{rel}","templated":true}]}}