{"id":20655,"date":"2012-07-12T10:22:39","date_gmt":"2012-07-12T14:22:39","guid":{"rendered":"http:\/\/www.eltrabajo.cl\/portal\/?p=20655"},"modified":"2012-07-12T10:22:39","modified_gmt":"2012-07-12T14:22:39","slug":"avezado-delincuente-santiaguino-detenido-portando-cilindro-de-gas","status":"publish","type":"post","link":"https:\/\/eltrabajo.cl\/portal\/avezado-delincuente-santiaguino-detenido-portando-cilindro-de-gas\/","title":{"rendered":"Avezado delincuente santiaguino detenido portando cilindro de gas"},"content":{"rendered":"<figure id=\"attachment_20656\" aria-describedby=\"caption-attachment-20656\" style=\"width: 600px\" class=\"wp-caption alignnone\"><a href=\"http:\/\/www.eltrabajo.cl\/portal\/2012\/07\/avezado-delincuente-santiaguino-detenido-portando-cilindro-de-gas\/detenido-3-3\/\" rel=\"attachment wp-att-20656\"><img data-recalc-dims=\"1\" loading=\"lazy\" decoding=\"async\" class=\"size-full wp-image-20656\" title=\"detenido (3)\" src=\"https:\/\/i0.wp.com\/www.eltrabajo.cl\/portal\/wp-content\/uploads\/2012\/07\/detenido-3.jpg?resize=600%2C450\" alt=\"\" width=\"600\" height=\"450\" srcset=\"https:\/\/i0.wp.com\/eltrabajo.cl\/portal\/wp-content\/uploads\/2012\/07\/detenido-3.jpg?w=600&amp;ssl=1 600w, https:\/\/i0.wp.com\/eltrabajo.cl\/portal\/wp-content\/uploads\/2012\/07\/detenido-3.jpg?resize=200%2C150&amp;ssl=1 200w, https:\/\/i0.wp.com\/eltrabajo.cl\/portal\/wp-content\/uploads\/2012\/07\/detenido-3.jpg?resize=300%2C225&amp;ssl=1 300w, https:\/\/i0.wp.com\/eltrabajo.cl\/portal\/wp-content\/uploads\/2012\/07\/detenido-3.jpg?resize=150%2C112&amp;ssl=1 150w, https:\/\/i0.wp.com\/eltrabajo.cl\/portal\/wp-content\/uploads\/2012\/07\/detenido-3.jpg?resize=400%2C300&amp;ssl=1 400w\" sizes=\"auto, (max-width: 600px) 100vw, 600px\" \/><\/a><figcaption id=\"caption-attachment-20656\" class=\"wp-caption-text\">El delincuente m\u00e1s famoso de todos los tiempos registra m\u00e1s de 130 detenciones y nuevamente fue detenido por Carabineros, esta vez cargando un cilindro de gas cuya procedencia se desconoce hasta el momento.<\/figcaption><\/figure>\n<p>Pablo Salinas Sald\u00edas &#8211; psalinas@eltrabajo.cl<\/p>\n<p>Alrededor de la medianoche de ayer mi\u00e9rcoles, personal de Carabineros de San Felipe detuvo a un conocido delincuente identificado como Iv\u00e1n Francisco S.V., de 18 a\u00f1os, quien en conjunto con otro sujeto cargaban en sus hombros dos cilindros de gas en direcci\u00f3n a la villa 250 A\u00f1os de San Felipe.<\/p>\n<p>Seg\u00fan el reporte policial, los sujetos se desplazaban por calle Dardignac en direcci\u00f3n a la l\u00ednea f\u00e9rrea, momentos en que los efectivos policiales se percataron que los delincuentes cargaban en sus respectivos hombros dos cilindros de gas licuado de 5 y 15 kilos, los que al advertir la presencia policial se dieron a la fuga, logrando uno de ellos escapar mientras que el segundo pudo ser detenido e identificado como el delincuente habitual protagonista de diversos delitos cometidos en la comuna de San Felipe, entre los que se cuentan robos en restor\u00e1n el Rinc\u00f3n Criollo, da\u00f1os a Carnicer\u00eda Aconcagua, hurtos en supermercados y farmacias, quien no supo dar una respuesta satisfactoria de la procedencia de las especies.<\/p>\n<p>Este sujeto, como es sabido, est\u00e1 adquiriendo una fama legendaria ya que mantiene un nutrido prontuario delictivo que supera un centenar de hechos delictivos cometidos en la Regi\u00f3n Metropolitana, hurtos en su mayor\u00eda, tenencia de arma de fuego, ri\u00f1as, robos, receptaci\u00f3n y porte de pasta base de coca\u00edna.<\/p>\n<p>No obstante, el sujeto una vez m\u00e1s fue dejado en libertad, a la espera de citaci\u00f3n por parte del Ministerio P\u00fablico de San Felipe.<\/p>\n<p>&nbsp;<\/p>\n","protected":false},"excerpt":{"rendered":"<p>Pablo Salinas Sald\u00edas &#8211; psalinas@eltrabajo.cl Alrededor de la medianoche de ayer mi\u00e9rcoles, personal de Carabineros de San Felipe detuvo a un conocido delincuente identificado como Iv\u00e1n Francisco S.V., de 18 a\u00f1os, quien&#8230;<\/p>\n","protected":false},"author":482,"featured_media":20656,"comment_status":"open","ping_status":"closed","sticky":false,"template":"","format":"standard","meta":{"advanced_seo_description":"","jetpack_seo_html_title":"","jetpack_seo_noindex":false,"_jetpack_memberships_contains_paid_content":false,"footnotes":""},"categories":[21],"tags":[],"class_list":["post-20655","post","type-post","status-publish","format-standard","has-post-thumbnail","hentry","category-policial"],"jetpack_featured_media_url":"https:\/\/i0.wp.com\/eltrabajo.cl\/portal\/wp-content\/uploads\/2012\/07\/detenido-3.jpg?fit=600%2C450&ssl=1","jetpack_sharing_enabled":true,"jetpack_likes_enabled":true,"jetpack-related-posts":[],"_links":{"self":[{"href":"https:\/\/eltrabajo.cl\/portal\/wp-json\/wp\/v2\/posts\/20655","targetHints":{"allow":["GET"]}}],"collection":[{"href":"https:\/\/eltrabajo.cl\/portal\/wp-json\/wp\/v2\/posts"}],"about":[{"href":"https:\/\/eltrabajo.cl\/portal\/wp-json\/wp\/v2\/types\/post"}],"author":[{"embeddable":true,"href":"https:\/\/eltrabajo.cl\/portal\/wp-json\/wp\/v2\/users\/482"}],"replies":[{"embeddable":true,"href":"https:\/\/eltrabajo.cl\/portal\/wp-json\/wp\/v2\/comments?post=20655"}],"version-history":[{"count":0,"href":"https:\/\/eltrabajo.cl\/portal\/wp-json\/wp\/v2\/posts\/20655\/revisions"}],"wp:featuredmedia":[{"embeddable":true,"href":"https:\/\/eltrabajo.cl\/portal\/wp-json\/wp\/v2\/media\/20656"}],"wp:attachment":[{"href":"https:\/\/eltrabajo.cl\/portal\/wp-json\/wp\/v2\/media?parent=20655"}],"wp:term":[{"taxonomy":"category","embeddable":true,"href":"https:\/\/eltrabajo.cl\/portal\/wp-json\/wp\/v2\/categories?post=20655"},{"taxonomy":"post_tag","embeddable":true,"href":"https:\/\/eltrabajo.cl\/portal\/wp-json\/wp\/v2\/tags?post=20655"}],"curies":[{"name":"wp","href":"https:\/\/api.w.org\/{rel}","templated":true}]}}