{"id":20662,"date":"2012-07-13T09:20:55","date_gmt":"2012-07-13T13:20:55","guid":{"rendered":"http:\/\/www.eltrabajo.cl\/portal\/?p=20662"},"modified":"2012-07-13T09:20:55","modified_gmt":"2012-07-13T13:20:55","slug":"con-participacion-de-la-comunidad-se-trabaja-plan-regulador-de-santa-maria","status":"publish","type":"post","link":"https:\/\/eltrabajo.cl\/portal\/con-participacion-de-la-comunidad-se-trabaja-plan-regulador-de-santa-maria\/","title":{"rendered":"Con participaci\u00f3n de la comunidad se trabaja Plan Regulador de Santa Mar\u00eda"},"content":{"rendered":"<figure id=\"attachment_20663\" aria-describedby=\"caption-attachment-20663\" style=\"width: 300px\" class=\"wp-caption alignleft\"><a href=\"http:\/\/www.eltrabajo.cl\/portal\/2012\/07\/con-participacion-de-la-comunidad-se-trabaja-plan-regulador-de-santa-maria\/claudio-zurita-5\/\" rel=\"attachment wp-att-20663\"><img data-recalc-dims=\"1\" loading=\"lazy\" decoding=\"async\" class=\"size-medium wp-image-20663\" title=\"CLAUDIO ZURITA\" src=\"https:\/\/i0.wp.com\/www.eltrabajo.cl\/portal\/wp-content\/uploads\/2012\/07\/CLAUDIO-ZURITA-300x225.jpg?resize=300%2C225\" alt=\"\" width=\"300\" height=\"225\" srcset=\"https:\/\/i0.wp.com\/eltrabajo.cl\/portal\/wp-content\/uploads\/2012\/07\/CLAUDIO-ZURITA.jpg?resize=300%2C225&amp;ssl=1 300w, https:\/\/i0.wp.com\/eltrabajo.cl\/portal\/wp-content\/uploads\/2012\/07\/CLAUDIO-ZURITA.jpg?resize=200%2C150&amp;ssl=1 200w, https:\/\/i0.wp.com\/eltrabajo.cl\/portal\/wp-content\/uploads\/2012\/07\/CLAUDIO-ZURITA.jpg?resize=150%2C112&amp;ssl=1 150w, https:\/\/i0.wp.com\/eltrabajo.cl\/portal\/wp-content\/uploads\/2012\/07\/CLAUDIO-ZURITA.jpg?resize=400%2C300&amp;ssl=1 400w, https:\/\/i0.wp.com\/eltrabajo.cl\/portal\/wp-content\/uploads\/2012\/07\/CLAUDIO-ZURITA.jpg?w=600&amp;ssl=1 600w\" sizes=\"auto, (max-width: 300px) 100vw, 300px\" \/><\/a><figcaption id=\"caption-attachment-20663\" class=\"wp-caption-text\">El alcalde Claudio Zurita se\u00f1al\u00f3 que el Plan Regulador deber\u00eda estar terminado a fines de este a\u00f1o para ser operativo el 2013.<\/figcaption><\/figure>\n<p>Desde hace un tiempo se est\u00e1 trabajando el Plan Regulador de la comuna de Santa Mar\u00eda, una instancia que ha significado bastante participaci\u00f3n de los concejales y de distintos sectores de la comunidad.<\/p>\n<p>Ese trabajo tiene como objetivo saber qu\u00e9 es lo que se quiere de Santa Mar\u00eda, incluso la consultora Urbe visit\u00f3 el Concejo Municipal para mostrar lo que ha avanzado y est\u00e1n en la etapa de pensar la comuna para los 20 a\u00f1os que vienen.<\/p>\n<p>\u201cLo principal es que queremos agrandar el Plan Regulador para que hayan m\u00e1s sectores urbanos, hoy d\u00eda nuestro sector urbano es solamente una cruz en el centro de Santa Mar\u00eda, nuestro plano regulador es de hace 30 a\u00f1os atr\u00e1s, del a\u00f1o 82, creemos que ahora tenemos que modernizarnos, colocar un lugar determinado a las \u00e1reas verdes, la industria, a la parte deportiva y principalmente como crecemos y hacia donde crecemos\u201d, se\u00f1al\u00f3 el Alcalde Claudio Zurita.<\/p>\n<p>Lo importante, para el jefe comunal, es que el proceso se est\u00e1 haciendo con consulta a la gente, y se est\u00e1n analizando las fortalezas y debilidades de la comuna.<\/p>\n<p>\u201cCreo que al final vamos a tener un sector urbano en el centro de Santa Mar\u00eda y un sector satelital en Tocornal- El Llano, un sector muy populoso y poblado\u201d.<\/p>\n<p><strong>OPERATIVO EN EL 2013<\/strong><\/p>\n<p>El Plan Regulador deber\u00eda estar terminado a fines de este a\u00f1o para estar operativo el a\u00f1o 2013, dijo Zurita, una iniciativa que beneficiar\u00e1 a la comunidad especialmente por la construcci\u00f3n de viviendas, especialmente en el sector rural, a lo que se suma poder contar con m\u00e1s calles importantes que hacen falta en la comuna.<\/p>\n<p>&nbsp;<\/p>\n","protected":false},"excerpt":{"rendered":"<p>Desde hace un tiempo se est\u00e1 trabajando el Plan Regulador de la comuna de Santa Mar\u00eda, una instancia que ha significado bastante participaci\u00f3n de los concejales y de distintos sectores de la&#8230;<\/p>\n","protected":false},"author":482,"featured_media":20663,"comment_status":"open","ping_status":"closed","sticky":false,"template":"","format":"standard","meta":{"advanced_seo_description":"","jetpack_seo_html_title":"","jetpack_seo_noindex":false,"_jetpack_memberships_contains_paid_content":false,"footnotes":""},"categories":[1],"tags":[],"class_list":["post-20662","post","type-post","status-publish","format-standard","has-post-thumbnail","hentry","category-cronica"],"jetpack_featured_media_url":"https:\/\/i0.wp.com\/eltrabajo.cl\/portal\/wp-content\/uploads\/2012\/07\/CLAUDIO-ZURITA.jpg?fit=600%2C450&ssl=1","jetpack_sharing_enabled":true,"jetpack_likes_enabled":true,"jetpack-related-posts":[],"_links":{"self":[{"href":"https:\/\/eltrabajo.cl\/portal\/wp-json\/wp\/v2\/posts\/20662","targetHints":{"allow":["GET"]}}],"collection":[{"href":"https:\/\/eltrabajo.cl\/portal\/wp-json\/wp\/v2\/posts"}],"about":[{"href":"https:\/\/eltrabajo.cl\/portal\/wp-json\/wp\/v2\/types\/post"}],"author":[{"embeddable":true,"href":"https:\/\/eltrabajo.cl\/portal\/wp-json\/wp\/v2\/users\/482"}],"replies":[{"embeddable":true,"href":"https:\/\/eltrabajo.cl\/portal\/wp-json\/wp\/v2\/comments?post=20662"}],"version-history":[{"count":0,"href":"https:\/\/eltrabajo.cl\/portal\/wp-json\/wp\/v2\/posts\/20662\/revisions"}],"wp:featuredmedia":[{"embeddable":true,"href":"https:\/\/eltrabajo.cl\/portal\/wp-json\/wp\/v2\/media\/20663"}],"wp:attachment":[{"href":"https:\/\/eltrabajo.cl\/portal\/wp-json\/wp\/v2\/media?parent=20662"}],"wp:term":[{"taxonomy":"category","embeddable":true,"href":"https:\/\/eltrabajo.cl\/portal\/wp-json\/wp\/v2\/categories?post=20662"},{"taxonomy":"post_tag","embeddable":true,"href":"https:\/\/eltrabajo.cl\/portal\/wp-json\/wp\/v2\/tags?post=20662"}],"curies":[{"name":"wp","href":"https:\/\/api.w.org\/{rel}","templated":true}]}}