{"id":20666,"date":"2012-07-13T09:22:56","date_gmt":"2012-07-13T13:22:56","guid":{"rendered":"http:\/\/www.eltrabajo.cl\/portal\/?p=20666"},"modified":"2012-07-13T09:22:56","modified_gmt":"2012-07-13T13:22:56","slug":"con-solemne-procesion-y-misa-de-honor-alabaran-a-la-virgen-del-carmen","status":"publish","type":"post","link":"https:\/\/eltrabajo.cl\/portal\/con-solemne-procesion-y-misa-de-honor-alabaran-a-la-virgen-del-carmen\/","title":{"rendered":"Con solemne procesi\u00f3n y misa de honor, alabar\u00e1n a la Virgen del Carmen"},"content":{"rendered":"<figure id=\"attachment_20667\" aria-describedby=\"caption-attachment-20667\" style=\"width: 600px\" class=\"wp-caption alignnone\"><a href=\"http:\/\/www.eltrabajo.cl\/portal\/2012\/07\/con-solemne-procesion-y-misa-de-honor-alabaran-a-la-virgen-del-carmen\/religiosos1\/\" rel=\"attachment wp-att-20667\"><img data-recalc-dims=\"1\" loading=\"lazy\" decoding=\"async\" class=\"size-full wp-image-20667\" title=\"Religiosos1\" src=\"https:\/\/i0.wp.com\/www.eltrabajo.cl\/portal\/wp-content\/uploads\/2012\/07\/Religiosos1.jpg?resize=600%2C425\" alt=\"\" width=\"600\" height=\"425\" srcset=\"https:\/\/i0.wp.com\/eltrabajo.cl\/portal\/wp-content\/uploads\/2012\/07\/Religiosos1.jpg?w=600&amp;ssl=1 600w, https:\/\/i0.wp.com\/eltrabajo.cl\/portal\/wp-content\/uploads\/2012\/07\/Religiosos1.jpg?resize=200%2C141&amp;ssl=1 200w, https:\/\/i0.wp.com\/eltrabajo.cl\/portal\/wp-content\/uploads\/2012\/07\/Religiosos1.jpg?resize=300%2C212&amp;ssl=1 300w, https:\/\/i0.wp.com\/eltrabajo.cl\/portal\/wp-content\/uploads\/2012\/07\/Religiosos1.jpg?resize=150%2C106&amp;ssl=1 150w, https:\/\/i0.wp.com\/eltrabajo.cl\/portal\/wp-content\/uploads\/2012\/07\/Religiosos1.jpg?resize=400%2C283&amp;ssl=1 400w\" sizes=\"auto, (max-width: 600px) 100vw, 600px\" \/><\/a><figcaption id=\"caption-attachment-20667\" class=\"wp-caption-text\">Las religiosas de la congregaci\u00f3n El Buen Pastor y el Presidente de la Junta Vecinal de Villa El Carmen, Hugo Venegas, posan para Diario El Trabajo junto a la imagen de la Virgen del Carmen.<\/figcaption><\/figure>\n<p>Roberto Gonz\u00e1lez Short &#8211; rgonzalez@eltrabajo.cl<\/p>\n<p>Este lunes 16 de julio se realizar\u00e1 la 1\u00aa Edici\u00f3n de la Fiesta de la Virgen del Carmen en San Felipe, la procesi\u00f3n en honor a la figura religiosa iniciar\u00e1 a las 11:00 horas en la esquina de calle Maruri con 12 de Febrero, y se trasladar\u00e1 solemnemente hacia Villa El Carmen.<\/p>\n<p>A las 12 del d\u00eda ser\u00e1 celebrada una Misa en honor a la homenajeada en la cancha de patinaje de dicha poblaci\u00f3n, propiamente frente a las instalaciones de la Dipma.<\/p>\n<p>\u201cNosotros queremos invitar a todos los sanfelipe\u00f1os para que nos acompa\u00f1en en esta primera celebraci\u00f3n en la provincia, el grupo art\u00edstico \u2018Las Morenas de Aconcagua\u2019 animar\u00e1 la procesi\u00f3n con sus bailes, tambi\u00e9n habr\u00e1n muchos dulces y golosinas para los ni\u00f1os que asistan al evento, una vez finalizada la Santa Misa\u201d, coment\u00f3 a Diario El Trabajo Hugo Venegas, Presidente de la Junta Vecinal N\u00ba 19 de Villa El Carmen.<\/p>\n<p>Nuestro medio habl\u00f3 con la Madre Superiora de la congregaci\u00f3n El Buen Pastor, Mar\u00eda Leticia Cort\u00e9s Miranda.<\/p>\n<p>\u201cQueremos que la Historia sea una con nuestro crecimiento espiritual, con esta celebraci\u00f3n estamos seguros de que estamos reavivando la fe en el coraz\u00f3n de los sanfelipe\u00f1os, ojala que este lunes, por ser un fin de semana largo, muchos decidan disfrutar de esta grata actividad religiosa, la salida est\u00e1 programada para comenzar el recorrido desde el Museo de Arte Sacro y Costumbrista El Buen Pastor. La Misa ser\u00e1 oficiada por el Padre Marcelo M\u00e9ndez\u201d, detall\u00f3 la religiosa Cort\u00e9s Miranda.<\/p>\n<p>La imagen de la Virgen del Carmen ser\u00e1 llevada en hombros por un grupo de personas que se alternar\u00e1n esta parte del traslado de la imagen hasta el lugar de la Misa. La relaci\u00f3n hist\u00f3rica entre esta Orden religiosa y la Villa El Carmen data desde hace muchos a\u00f1os, cuando esta entidad religiosa decidi\u00f3 vender en peque\u00f1os lotes, parte de la gran finca que las religiosas hab\u00edan recibido al llegar a Chile.<\/p>\n<p>&nbsp;<\/p>\n","protected":false},"excerpt":{"rendered":"<p>Roberto Gonz\u00e1lez Short &#8211; rgonzalez@eltrabajo.cl Este lunes 16 de julio se realizar\u00e1 la 1\u00aa Edici\u00f3n de la Fiesta de la Virgen del Carmen en San Felipe, la procesi\u00f3n en honor a la&#8230;<\/p>\n","protected":false},"author":482,"featured_media":20667,"comment_status":"open","ping_status":"closed","sticky":false,"template":"","format":"standard","meta":{"advanced_seo_description":"","jetpack_seo_html_title":"","jetpack_seo_noindex":false,"_jetpack_memberships_contains_paid_content":false,"footnotes":""},"categories":[15],"tags":[],"class_list":["post-20666","post","type-post","status-publish","format-standard","has-post-thumbnail","hentry","category-comunidad"],"jetpack_featured_media_url":"https:\/\/i0.wp.com\/eltrabajo.cl\/portal\/wp-content\/uploads\/2012\/07\/Religiosos1.jpg?fit=600%2C425&ssl=1","jetpack_sharing_enabled":true,"jetpack_likes_enabled":true,"jetpack-related-posts":[],"_links":{"self":[{"href":"https:\/\/eltrabajo.cl\/portal\/wp-json\/wp\/v2\/posts\/20666","targetHints":{"allow":["GET"]}}],"collection":[{"href":"https:\/\/eltrabajo.cl\/portal\/wp-json\/wp\/v2\/posts"}],"about":[{"href":"https:\/\/eltrabajo.cl\/portal\/wp-json\/wp\/v2\/types\/post"}],"author":[{"embeddable":true,"href":"https:\/\/eltrabajo.cl\/portal\/wp-json\/wp\/v2\/users\/482"}],"replies":[{"embeddable":true,"href":"https:\/\/eltrabajo.cl\/portal\/wp-json\/wp\/v2\/comments?post=20666"}],"version-history":[{"count":0,"href":"https:\/\/eltrabajo.cl\/portal\/wp-json\/wp\/v2\/posts\/20666\/revisions"}],"wp:featuredmedia":[{"embeddable":true,"href":"https:\/\/eltrabajo.cl\/portal\/wp-json\/wp\/v2\/media\/20667"}],"wp:attachment":[{"href":"https:\/\/eltrabajo.cl\/portal\/wp-json\/wp\/v2\/media?parent=20666"}],"wp:term":[{"taxonomy":"category","embeddable":true,"href":"https:\/\/eltrabajo.cl\/portal\/wp-json\/wp\/v2\/categories?post=20666"},{"taxonomy":"post_tag","embeddable":true,"href":"https:\/\/eltrabajo.cl\/portal\/wp-json\/wp\/v2\/tags?post=20666"}],"curies":[{"name":"wp","href":"https:\/\/api.w.org\/{rel}","templated":true}]}}